{"id":994,"date":"2014-09-10T22:23:32","date_gmt":"2014-09-10T20:23:32","guid":{"rendered":"http:\/\/www.keinblatt.de\/blog\/?p=994"},"modified":"2015-06-09T12:08:03","modified_gmt":"2015-06-09T10:08:03","slug":"usa-wollen-weitere-911-verhindern-und-den-tag-streichen-auf-den-10-09-folgt-der-12-09","status":"publish","type":"post","link":"https:\/\/www.keinblatt.de\/blog\/usa-wollen-weitere-911-verhindern-und-den-tag-streichen-auf-den-10-09-folgt-der-12-09\/","title":{"rendered":"USA wollen weitere 911 verhindern und den Tag streichen \u2013 Auf den 10.09. folgt der 12.09."},"content":{"rendered":"<figure id=\"attachment_995\" aria-describedby=\"caption-attachment-995\" style=\"width: 640px\" class=\"wp-caption alignnone\"><img loading=\"lazy\" decoding=\"async\" class=\"size-full wp-image-995\" src=\"https:\/\/www.keinblatt.de\/blog\/wp-content\/uploads\/2014\/09\/640px-WTC_smoking_on_9-11.jpeg\" alt=\"911\" width=\"640\" height=\"480\" srcset=\"https:\/\/www.keinblatt.de\/blog\/wp-content\/uploads\/2014\/09\/640px-WTC_smoking_on_9-11.jpeg 640w, https:\/\/www.keinblatt.de\/blog\/wp-content\/uploads\/2014\/09\/640px-WTC_smoking_on_9-11-300x225.jpeg 300w, https:\/\/www.keinblatt.de\/blog\/wp-content\/uploads\/2014\/09\/640px-WTC_smoking_on_9-11-624x468.jpeg 624w\" sizes=\"auto, (max-width: 640px) 100vw, 640px\" \/><figcaption id=\"caption-attachment-995\" class=\"wp-caption-text\">Terroranschl\u00e4ge vom 11. September 2001. Foto: <a href=\"https:\/\/commons.wikimedia.org\/wiki\/File:WTC_smoking_on_9-11.jpeg\" target=\"_blank\">Michael Foran<\/a> \/ Lizenz: <a href=\"https:\/\/creativecommons.org\/licenses\/by\/2.0\/deed.en\" target=\"_blank\">CC BY 2.0<\/a><\/figcaption><\/figure>\n<p>Der 11. September (&#8222;911&#8220;) 2001 war sicherlich einer der grausamsten Tage der Menschheitsgeschichte. Jedes Jahre gedenkt man der Opfer und f\u00fcrchtet sich vor weiteren Anschl\u00e4gen.<\/p>\n<p>Die USA schaut dem nicht tatenlos zu. Derzeit wird in Abstimmung mit der UNO und den Normierungsbeh\u00f6rden aller Industrienationen ein Konzept vorbereitet, das weitere 11. September verhindern wird. Dazu soll der 11. September ab 2016 aus dem Kalender gestrichen werden, auf den 10. September folgt der 12. September. Zum Ausgleich soll ein 31. September eingef\u00fchrt werden.<\/p>\n","protected":false},"excerpt":{"rendered":"<p>Der 11. September (&#8222;911&#8220;) 2001 war sicherlich einer der grausamsten Tage der Menschheitsgeschichte. Jedes Jahre gedenkt man der Opfer und f\u00fcrchtet sich vor weiteren Anschl\u00e4gen. Die USA schaut dem nicht tatenlos zu. Derzeit wird in Abstimmung mit der UNO und den Normierungsbeh\u00f6rden aller Industrienationen ein Konzept vorbereitet, das weitere 11. September verhindern wird. Dazu soll [&hellip;]<\/p>\n","protected":false},"author":1,"featured_media":0,"comment_status":"open","ping_status":"open","sticky":false,"template":"","format":"standard","meta":{"footnotes":""},"categories":[2,977,6],"tags":[455,456,417,31],"class_list":["post-994","post","type-post","status-publish","format-standard","hentry","category-gesellschaftliches","category-konflikteterrormilitaer","category-politik","tag-11-september","tag-456","tag-terroranschlag","tag-usa"],"_links":{"self":[{"href":"https:\/\/www.keinblatt.de\/blog\/wp-json\/wp\/v2\/posts\/994","targetHints":{"allow":["GET"]}}],"collection":[{"href":"https:\/\/www.keinblatt.de\/blog\/wp-json\/wp\/v2\/posts"}],"about":[{"href":"https:\/\/www.keinblatt.de\/blog\/wp-json\/wp\/v2\/types\/post"}],"author":[{"embeddable":true,"href":"https:\/\/www.keinblatt.de\/blog\/wp-json\/wp\/v2\/users\/1"}],"replies":[{"embeddable":true,"href":"https:\/\/www.keinblatt.de\/blog\/wp-json\/wp\/v2\/comments?post=994"}],"version-history":[{"count":0,"href":"https:\/\/www.keinblatt.de\/blog\/wp-json\/wp\/v2\/posts\/994\/revisions"}],"wp:attachment":[{"href":"https:\/\/www.keinblatt.de\/blog\/wp-json\/wp\/v2\/media?parent=994"}],"wp:term":[{"taxonomy":"category","embeddable":true,"href":"https:\/\/www.keinblatt.de\/blog\/wp-json\/wp\/v2\/categories?post=994"},{"taxonomy":"post_tag","embeddable":true,"href":"https:\/\/www.keinblatt.de\/blog\/wp-json\/wp\/v2\/tags?post=994"}],"curies":[{"name":"wp","href":"https:\/\/api.w.org\/{rel}","templated":true}]}}