{"id":986,"date":"2014-09-08T04:08:32","date_gmt":"2014-09-08T02:08:32","guid":{"rendered":"http:\/\/www.keinblatt.de\/blog\/?p=986"},"modified":"2015-04-09T21:38:29","modified_gmt":"2015-04-09T19:38:29","slug":"seehofer-poltert-weil-sich-cdu-politiker-seine-attacken-verbitten-liessen","status":"publish","type":"post","link":"https:\/\/www.keinblatt.de\/blog\/seehofer-poltert-weil-sich-cdu-politiker-seine-attacken-verbitten-liessen\/","title":{"rendered":"Seehofer poltert, weil sich CDU-Politiker seine Attacken verbitten lie\u00dfen"},"content":{"rendered":"<figure id=\"attachment_987\" aria-describedby=\"caption-attachment-987\" style=\"width: 480px\" class=\"wp-caption alignnone\"><img loading=\"lazy\" decoding=\"async\" class=\"size-full wp-image-987\" src=\"https:\/\/www.keinblatt.de\/blog\/wp-content\/uploads\/2014\/09\/480px-MP_Horst_Seehofer_August_2013.jpg\" alt=\"Horst Seehofer\" width=\"480\" height=\"480\" srcset=\"https:\/\/www.keinblatt.de\/blog\/wp-content\/uploads\/2014\/09\/480px-MP_Horst_Seehofer_August_2013.jpg 480w, https:\/\/www.keinblatt.de\/blog\/wp-content\/uploads\/2014\/09\/480px-MP_Horst_Seehofer_August_2013-150x150.jpg 150w, https:\/\/www.keinblatt.de\/blog\/wp-content\/uploads\/2014\/09\/480px-MP_Horst_Seehofer_August_2013-300x300.jpg 300w, https:\/\/www.keinblatt.de\/blog\/wp-content\/uploads\/2014\/09\/480px-MP_Horst_Seehofer_August_2013-144x144.jpg 144w\" sizes=\"auto, (max-width: 480px) 100vw, 480px\" \/><figcaption id=\"caption-attachment-987\" class=\"wp-caption-text\">Horst Seehofer: &#8222;Ich lasse mir das wichtigste CSU-Projekt nicht kaputtmachen. Die Ausl\u00e4ndermaut kommt wie im Koalitionsvertrag vorgesehen!&#8220; \u2013 Foto: Freud \/ Lizenz: CC BY-SA 3.0, Details siehe: <a href=\"https:\/\/commons.wikimedia.org\/wiki\/File:MP_Horst_Seehofer,_August_2013.jpg?uselang=de\" target=\"_blank\">Wikipedia<\/a><\/figcaption><\/figure>\n<p>Der Streit um die Ausl\u00e4ndermaut spitzt sich zu. Erst warf der bayerische Ministerpr\u00e4sident Horst Seehofer (CSU) Bundesfinanzminister Wolfgang Sch\u00e4uble (CDU) vor, er wolle die im Koalitionsvertrag vorgesehene Ausl\u00e4ndermaut sabotieren, die derzeit von seinem Azubi und Bundesverkehrsminister Alexander Dobrindt (CSU) ausgearbeitet wird. Sch\u00e4uble hatte den Erl\u00f6s durch die Maut infrage gestellt und vor einem Minusgesch\u00e4ft gewarnt. Auch arbeitet das Finanzministerium an einem Gegenentwurf, was einer klassischen Intrige gleichkommt, wenngleich Sch\u00e4ubles Maut erst f\u00fcr die n\u00e4chste Legislaturperiode vorgesehen w\u00e4re.<\/p>\n<p>Daraufhin gab es kritische Stimmen von f\u00fchrenden CDU-Mitgliedern, die Seehofer zur M\u00e4\u00dfigung aufriefen. Dieser regte sich \u00fcber die Ma\u00dfregelung jedoch f\u00fcrchterlich auf und r\u00e4chte sich mit einer weiteren verbalen Attacke. Der n\u00e4chste Mediationsversuch wird zeigen, ob es zu einem weiteren Angriff des bayerischen Leitwolfs kommt. Wie die Redaktion allerdings erfahren hat, hat Seehofer kein Interesse an einer Mediation. Es soll aber dennoch eine Politikerstellung anberaumt werden. Dabei wird eine klassische Methode aus der Mediation angewandt: die Repr\u00e4sentation fehlender Streith\u00e4hne durch Schauspieler. Dabei soll Seehofer vom t\u00fcrkischen Pr\u00e4sidenten Recep Tayyip Erdo\u011fan dargestellt werden.<\/p>\n<p>Inzwischen wurde bekannt, dass keineswegs nur ausl\u00e4ndische Autofahrer, die deutsche Autobahnen, Bundes-, Land- und Kreisstra\u00dfen befahren, zur Kasse gebeten werden sollen. Vielmehr sollen fast alle Arten von Stra\u00dfen, Pfaden und Wegen unabh\u00e4ngig von der Art der Fortbewegung mautpflichtig werden, da deren Unterhalt ebenso den Staat Geld kostet. So m\u00fcssen etwa ausl\u00e4ndische Wanderer eine Plakette erwerben und auf ihren Wanderstock kleben, wenn sie auf deutschem Gebiet unterwegs sind. Der Eintritt ins M\u00e4rchenland ist ja schlie\u00dflich auch nicht kostenlos, nicht einmal im Ausland. Sogar Kr\u00f6tenpfade sollen mautpflichtig werden, damit die Kr\u00f6ten in die richtigen Taschen wandern. Wer auf dem Holzweg unterwegs ist, zahlt in Zukunft ebenso. Eine Ausnahme sollen Ladenstra\u00dfen sein, da diese sich in aller Regel durch Eink\u00e4ufe selbst finanzieren. Dienstwege und Beh\u00f6rdenwege dagegen sollen zuk\u00fcnftig zwar umsonst, aber nicht kostenlos sein.<img loading=\"lazy\" decoding=\"async\" class=\"vg\" src=\"https:\/\/ssl-vg03.met.vgwort.de\/na\/dea65cac5e0c4ae090f0c78b6616316c\" alt=\"\" width=\"1\" height=\"1\" \/><\/p>\n","protected":false},"excerpt":{"rendered":"<p>Der Streit um die Ausl\u00e4ndermaut spitzt sich zu. Erst warf der bayerische Ministerpr\u00e4sident Horst Seehofer (CSU) Bundesfinanzminister Wolfgang Sch\u00e4uble (CDU) vor, er wolle die im Koalitionsvertrag vorgesehene Ausl\u00e4ndermaut sabotieren, die derzeit von seinem Azubi und Bundesverkehrsminister Alexander Dobrindt (CSU) ausgearbeitet wird. Sch\u00e4uble hatte den Erl\u00f6s durch die Maut infrage gestellt und vor einem Minusgesch\u00e4ft gewarnt. [&hellip;]<\/p>\n","protected":false},"author":1,"featured_media":0,"comment_status":"open","ping_status":"open","sticky":false,"template":"","format":"standard","meta":{"footnotes":""},"categories":[6,9],"tags":[115,393,240,114,277,243],"class_list":["post-986","post","type-post","status-publish","format-standard","hentry","category-politik","category-verkehr","tag-alexander-dobrindt","tag-auslaender","tag-horst-seehofer","tag-maut","tag-recep-tayyip-erdogan","tag-wolfgang-schaeuble"],"_links":{"self":[{"href":"https:\/\/www.keinblatt.de\/blog\/wp-json\/wp\/v2\/posts\/986","targetHints":{"allow":["GET"]}}],"collection":[{"href":"https:\/\/www.keinblatt.de\/blog\/wp-json\/wp\/v2\/posts"}],"about":[{"href":"https:\/\/www.keinblatt.de\/blog\/wp-json\/wp\/v2\/types\/post"}],"author":[{"embeddable":true,"href":"https:\/\/www.keinblatt.de\/blog\/wp-json\/wp\/v2\/users\/1"}],"replies":[{"embeddable":true,"href":"https:\/\/www.keinblatt.de\/blog\/wp-json\/wp\/v2\/comments?post=986"}],"version-history":[{"count":0,"href":"https:\/\/www.keinblatt.de\/blog\/wp-json\/wp\/v2\/posts\/986\/revisions"}],"wp:attachment":[{"href":"https:\/\/www.keinblatt.de\/blog\/wp-json\/wp\/v2\/media?parent=986"}],"wp:term":[{"taxonomy":"category","embeddable":true,"href":"https:\/\/www.keinblatt.de\/blog\/wp-json\/wp\/v2\/categories?post=986"},{"taxonomy":"post_tag","embeddable":true,"href":"https:\/\/www.keinblatt.de\/blog\/wp-json\/wp\/v2\/tags?post=986"}],"curies":[{"name":"wp","href":"https:\/\/api.w.org\/{rel}","templated":true}]}}