{"id":936,"date":"2014-08-12T23:19:00","date_gmt":"2014-08-12T21:19:00","guid":{"rendered":"http:\/\/www.keinblatt.de\/blog\/?p=936"},"modified":"2015-06-09T07:15:53","modified_gmt":"2015-06-09T05:15:53","slug":"panini-gibt-zusammen-mit-bundesregierung-politiker-sammelbilder-heraus","status":"publish","type":"post","link":"https:\/\/www.keinblatt.de\/blog\/panini-gibt-zusammen-mit-bundesregierung-politiker-sammelbilder-heraus\/","title":{"rendered":"Panini gibt zusammen mit Bundesregierung Politiker-Sammelbilder heraus"},"content":{"rendered":"<figure id=\"attachment_937\" aria-describedby=\"caption-attachment-937\" style=\"width: 640px\" class=\"wp-caption alignnone\"><img loading=\"lazy\" decoding=\"async\" class=\"size-full wp-image-937\" src=\"https:\/\/www.keinblatt.de\/blog\/wp-content\/uploads\/2014\/08\/640px-Bernd_Lucke_03.jpg\" alt=\"Bernd Lucke\" width=\"640\" height=\"425\" srcset=\"https:\/\/www.keinblatt.de\/blog\/wp-content\/uploads\/2014\/08\/640px-Bernd_Lucke_03.jpg 640w, https:\/\/www.keinblatt.de\/blog\/wp-content\/uploads\/2014\/08\/640px-Bernd_Lucke_03-300x199.jpg 300w, https:\/\/www.keinblatt.de\/blog\/wp-content\/uploads\/2014\/08\/640px-Bernd_Lucke_03-624x414.jpg 624w\" sizes=\"auto, (max-width: 640px) 100vw, 640px\" \/><figcaption id=\"caption-attachment-937\" class=\"wp-caption-text\">Auch ihn darf man kleben: Bernd Lucke (AfD) hat es in die Bilderserie geschafft. Foto: <a href=\"https:\/\/commons.wikimedia.org\/wiki\/File:Bernd_Lucke_03.JPG\" target=\"_blank\">WDKrause<\/a> \/ Lizenz: <a href=\"https:\/\/creativecommons.org\/licenses\/by-sa\/3.0\/deed.en\" target=\"_blank\">CC BY-SA 3.0<\/a><\/figcaption><\/figure>\n<p>Die Bundeszentrale f\u00fcr politische Bildung (bpb) und die Bundesregierung geben in Zusammenarbeit mit Panini eine Bilderserie von Spitzenpolitikerinnen und Spitzenpolitikern heraus.<\/p>\n<h3>Begeisterung f\u00fcr politische Arbeit wecken<\/h3>\n<p>Die Bundeszentrale f\u00fcr politische Bildung wolle damit junge Menschen \u2013 Kinder, Jugendliche und junge Erwachsene \u2013 mehr f\u00fcr Politik begeistern und greife daher nun auch auf modernes Marketing zur\u00fcck, so\u00a0bpb-Sprecherin Gundula Altmann. Dabei w\u00fcrden auch die Interessen der jungen Menschen wie eben der Spitzenfu\u00dfball einbezogen, der ja zur Fu\u00dfball-WM eng mit dem Bildersammeln verkn\u00fcpft war. Ja, man h\u00e4nge sich da schon ein wenig an den weltmeisterlichen Erfolg der deutschen Kicker, gibt Altmann zu.<\/p>\n<p>\u00c4hnlich wie bei den Panini-Fu\u00dfball-WM-Bildern kann man die Bilder in ein Album kleben. In dem Album erf\u00e4hrt man neben dem jeweiligen Politikernamen noch ein paar Infos in Kurzform, etwa, dass die Bundeskanzlerin das dritth\u00f6chste politische Amt in Deutschland innehat.<\/p>\n<p>Die Sammelreihe soll 640 Bilder umfassen. Enthalten sind neben Bundespolitikern wie der Bundeskanzlerin und den Bundesministern auch Spitzenpolitiker aus den Bundesl\u00e4ndern. Auch Parteien, die es nicht in den Bundestag geschafft haben, werden ber\u00fccksichtigt. So kann man auch z.B. Bernd Lucke (Alternative f\u00fcr Deutschland) kleben. Neben aktiven Politkern sind auch einige Politiker im Ruhestand zu finden, etwa Hans-Dietrich-Genscher (FDP), die eine bedeutende Rolle in der bundesrepublikanischen Geschichte gespielt haben. Genscher ist \u00fcbrigens der einzige FDP-Politiker, der es in die Bilderserie geschafft hat.<\/p>\n<p>Dass die Bilderserie ein Flop wird, glaubt Altmann nicht. Man werde hier auch ein Gewinnspiel mit verankern, um den Erfolg zu garantieren. In einigen Sammelt\u00fctchen sind neben den Bildern Gutscheine f\u00fcr tolle Preise, etwa Smartphones sowie das Grundgesetz als limitierte Kindle-Ausgabe, enthalten.<\/p>\n<p>Die Sammelbilder sollen im Herbst starten. Mit einer gro\u00dfen Supermarktkette strebe man eine Kooperation an, da sei man gerade in den finalen Verhandlungen, so Altmann. Demn\u00e4chst bekommt man also zu seinem Einkauf wieder einmal Bilder zum Sammeln und Tauschen dazu.<img loading=\"lazy\" decoding=\"async\" class=\"vg\" src=\"https:\/\/ssl-vg03.met.vgwort.de\/na\/47e26d4120bd4c0faba21dfe37042a2d\" alt=\"\" width=\"1\" height=\"1\" \/><\/p>\n","protected":false},"excerpt":{"rendered":"<p>Die Bundeszentrale f\u00fcr politische Bildung (bpb) und die Bundesregierung geben in Zusammenarbeit mit Panini eine Bilderserie von Spitzenpolitikerinnen und Spitzenpolitikern heraus. Begeisterung f\u00fcr politische Arbeit wecken Die Bundeszentrale f\u00fcr politische Bildung wolle damit junge Menschen \u2013 Kinder, Jugendliche und junge Erwachsene \u2013 mehr f\u00fcr Politik begeistern und greife daher nun auch auf modernes Marketing zur\u00fcck, [&hellip;]<\/p>\n","protected":false},"author":1,"featured_media":0,"comment_status":"open","ping_status":"open","sticky":false,"template":"","format":"standard","meta":{"footnotes":""},"categories":[6],"tags":[875,874,481,873,872],"class_list":["post-936","post","type-post","status-publish","format-standard","hentry","category-politik","tag-bernd-lucke","tag-bundeszentrale-fuer-politische-bildung","tag-panini","tag-politiker","tag-sammelbilder"],"_links":{"self":[{"href":"https:\/\/www.keinblatt.de\/blog\/wp-json\/wp\/v2\/posts\/936","targetHints":{"allow":["GET"]}}],"collection":[{"href":"https:\/\/www.keinblatt.de\/blog\/wp-json\/wp\/v2\/posts"}],"about":[{"href":"https:\/\/www.keinblatt.de\/blog\/wp-json\/wp\/v2\/types\/post"}],"author":[{"embeddable":true,"href":"https:\/\/www.keinblatt.de\/blog\/wp-json\/wp\/v2\/users\/1"}],"replies":[{"embeddable":true,"href":"https:\/\/www.keinblatt.de\/blog\/wp-json\/wp\/v2\/comments?post=936"}],"version-history":[{"count":0,"href":"https:\/\/www.keinblatt.de\/blog\/wp-json\/wp\/v2\/posts\/936\/revisions"}],"wp:attachment":[{"href":"https:\/\/www.keinblatt.de\/blog\/wp-json\/wp\/v2\/media?parent=936"}],"wp:term":[{"taxonomy":"category","embeddable":true,"href":"https:\/\/www.keinblatt.de\/blog\/wp-json\/wp\/v2\/categories?post=936"},{"taxonomy":"post_tag","embeddable":true,"href":"https:\/\/www.keinblatt.de\/blog\/wp-json\/wp\/v2\/tags?post=936"}],"curies":[{"name":"wp","href":"https:\/\/api.w.org\/{rel}","templated":true}]}}