{"id":925,"date":"2014-09-29T16:57:20","date_gmt":"2014-09-29T14:57:20","guid":{"rendered":"http:\/\/www.keinblatt.de\/blog\/?p=925"},"modified":"2014-09-29T19:54:49","modified_gmt":"2014-09-29T17:54:49","slug":"jauch-talk-iman-will-vorwurf-zu-viel-geredet-zu-haben-in-einer-revanche-sendung-entkraeften","status":"publish","type":"post","link":"https:\/\/www.keinblatt.de\/blog\/jauch-talk-iman-will-vorwurf-zu-viel-geredet-zu-haben-in-einer-revanche-sendung-entkraeften\/","title":{"rendered":"Jauch-Talk: Imam will Vorwurf, zu viel geredet zu haben, in einer Revanche-Sendung entkr\u00e4ften"},"content":{"rendered":"<figure id=\"attachment_1018\" aria-describedby=\"caption-attachment-1018\" style=\"width: 640px\" class=\"wp-caption alignnone\"><img loading=\"lazy\" decoding=\"async\" class=\"size-full wp-image-1018\" src=\"https:\/\/www.keinblatt.de\/blog\/wp-content\/uploads\/2014\/09\/255800941_23e72bcac2_z.jpg\" alt=\"Moschee\" width=\"640\" height=\"427\" srcset=\"https:\/\/www.keinblatt.de\/blog\/wp-content\/uploads\/2014\/09\/255800941_23e72bcac2_z.jpg 640w, https:\/\/www.keinblatt.de\/blog\/wp-content\/uploads\/2014\/09\/255800941_23e72bcac2_z-300x200.jpg 300w, https:\/\/www.keinblatt.de\/blog\/wp-content\/uploads\/2014\/09\/255800941_23e72bcac2_z-624x416.jpg 624w\" sizes=\"auto, (max-width: 640px) 100vw, 640px\" \/><figcaption id=\"caption-attachment-1018\" class=\"wp-caption-text\">Mohammed Ali-Moschee, Kairo. Foto: <a href=\"https:\/\/www.flickr.com\/photos\/tscherno\/255800941\/\" target=\"_blank\">Tscherno<\/a> \/ Lizenz: <a href=\"https:\/\/creativecommons.org\/licenses\/by\/2.0\/\" target=\"_blank\">CC BY 2.0<\/a><\/figcaption><\/figure>\n<p>Der Vorwurf wiegt schwer. In der gestrigen ARD-Talkshow mit G\u00fcnther Jauch sollte es eigentlich um das Thema &#8222;Gewalt im Namen Allahs \u2013 wie denken unsere Muslime?&#8220; gehen. Neben dem Imam Abdul Adhim Kamouss waren der Politiker Wolfgang Bosbach (CDU), der Neuk\u00f6llner Bezirksb\u00fcrgermeister Heinz Buschkowsky (SPD), die Spiegel-Redakteurin \u00d6zlem Gezer und der NDR-Journalist Stefan Buchen eingeladen.<\/p>\n<p>Doch statt eines Streitgespr\u00e4chs f\u00fchrte Kamouss eine Art Super-Monolog. Er redete viel, ohne wirklich etwas zu sagen. Jauch scheiterte grandios, die Diskussion in geordnete Bahnen zu lenken.<\/p>\n<p>Kamouss widerspricht aber der Darstellung, er h\u00e4tte die Sendung durch eine vorgezogene Freitagspredigt beherrscht und die anderen nicht zu Wort kommen lassen.<\/p>\n<p>In der n\u00e4chsten G\u00fcnther Jauch-Talksendung am Sonntag, den 5. Oktober, will er die Sache richtigstellen. Ob der Imam n\u00e4chste Woche noch einmal eingeladen wird, hat die Redaktion von G\u00fcnther Jauch noch nicht entschieden.<\/p>\n","protected":false},"excerpt":{"rendered":"<p>Der Vorwurf wiegt schwer. In der gestrigen ARD-Talkshow mit G\u00fcnther Jauch sollte es eigentlich um das Thema &#8222;Gewalt im Namen Allahs \u2013 wie denken unsere Muslime?&#8220; gehen. Neben dem Imam Abdul Adhim Kamouss waren der Politiker Wolfgang Bosbach (CDU), der Neuk\u00f6llner Bezirksb\u00fcrgermeister Heinz Buschkowsky (SPD), die Spiegel-Redakteurin \u00d6zlem Gezer und der NDR-Journalist Stefan Buchen eingeladen. [&hellip;]<\/p>\n","protected":false},"author":1,"featured_media":0,"comment_status":"open","ping_status":"open","sticky":false,"template":"","format":"standard","meta":{"footnotes":""},"categories":[16,6,11],"tags":[],"class_list":["post-925","post","type-post","status-publish","format-standard","hentry","category-filmetv","category-politik","category-religion"],"_links":{"self":[{"href":"https:\/\/www.keinblatt.de\/blog\/wp-json\/wp\/v2\/posts\/925","targetHints":{"allow":["GET"]}}],"collection":[{"href":"https:\/\/www.keinblatt.de\/blog\/wp-json\/wp\/v2\/posts"}],"about":[{"href":"https:\/\/www.keinblatt.de\/blog\/wp-json\/wp\/v2\/types\/post"}],"author":[{"embeddable":true,"href":"https:\/\/www.keinblatt.de\/blog\/wp-json\/wp\/v2\/users\/1"}],"replies":[{"embeddable":true,"href":"https:\/\/www.keinblatt.de\/blog\/wp-json\/wp\/v2\/comments?post=925"}],"version-history":[{"count":0,"href":"https:\/\/www.keinblatt.de\/blog\/wp-json\/wp\/v2\/posts\/925\/revisions"}],"wp:attachment":[{"href":"https:\/\/www.keinblatt.de\/blog\/wp-json\/wp\/v2\/media?parent=925"}],"wp:term":[{"taxonomy":"category","embeddable":true,"href":"https:\/\/www.keinblatt.de\/blog\/wp-json\/wp\/v2\/categories?post=925"},{"taxonomy":"post_tag","embeddable":true,"href":"https:\/\/www.keinblatt.de\/blog\/wp-json\/wp\/v2\/tags?post=925"}],"curies":[{"name":"wp","href":"https:\/\/api.w.org\/{rel}","templated":true}]}}