{"id":908,"date":"2014-07-25T20:53:02","date_gmt":"2014-07-25T18:53:02","guid":{"rendered":"http:\/\/www.keinblatt.de\/blog\/?p=908"},"modified":"2015-06-13T12:46:50","modified_gmt":"2015-06-13T10:46:50","slug":"wm-2018-in-die-ukraine-wm-2022-nach-israelpalaestina-fifa-will-image-aufpolieren","status":"publish","type":"post","link":"https:\/\/www.keinblatt.de\/blog\/wm-2018-in-die-ukraine-wm-2022-nach-israelpalaestina-fifa-will-image-aufpolieren\/","title":{"rendered":"WM 2018 an die Ukraine, WM 2022 nach Israel\/Pal\u00e4stina \u2013 FIFA will Image aufpolieren"},"content":{"rendered":"<h3>WM 2018 an die Ukraine<\/h3>\n<figure id=\"attachment_881\" aria-describedby=\"caption-attachment-881\" style=\"width: 300px\" class=\"wp-caption alignleft\"><a href=\"https:\/\/www.keinblatt.de\/blog\/wp-content\/uploads\/2014\/07\/Sepp_Blatter_Nov_2013_Zurich.jpg\"><img loading=\"lazy\" decoding=\"async\" class=\"size-medium wp-image-881\" src=\"https:\/\/www.keinblatt.de\/blog\/wp-content\/uploads\/2014\/07\/Sepp_Blatter_Nov_2013_Zurich-300x225.jpg\" alt=\"Sepp Blatter\" width=\"300\" height=\"225\" srcset=\"https:\/\/www.keinblatt.de\/blog\/wp-content\/uploads\/2014\/07\/Sepp_Blatter_Nov_2013_Zurich-300x225.jpg 300w, https:\/\/www.keinblatt.de\/blog\/wp-content\/uploads\/2014\/07\/Sepp_Blatter_Nov_2013_Zurich-624x468.jpg 624w, https:\/\/www.keinblatt.de\/blog\/wp-content\/uploads\/2014\/07\/Sepp_Blatter_Nov_2013_Zurich.jpg 800w\" sizes=\"auto, (max-width: 300px) 100vw, 300px\" \/><\/a><figcaption id=\"caption-attachment-881\" class=\"wp-caption-text\">FIFA-Boss Sepp Blatter hat zwei geniale Ideen, die er von einem Berater gekauft hat. Bringt das den Weltfrieden? Foto: <a href=\"https:\/\/commons.wikimedia.org\/wiki\/File:Sepp_Blatter_Nov_2013_Zurich.jpg\" target=\"_blank\">Sputniktilt<\/a> \/ Lizenz: <a href=\"https:\/\/creativecommons.org\/licenses\/by-sa\/3.0\/deed.en\" target=\"_blank\">CC BY-SA 3.0<\/a><\/figcaption><\/figure>\n<p>Die bislang nicht unumstrittene FIFA scheint nun ihr Image aufpolieren zu wollen. So will FIFA-Boss Sepp Blatter Russland die Fu\u00dfball-WM 2018 als Strafe f\u00fcr die Annektierung der Krim und die wahrscheinliche Unterst\u00fctzung der pro-russischen Separatisten wieder entziehen.<\/p>\n<p>Die WM 2018 solle stattdessen an die Ukraine gehen. Man hoffe, dass dies die Region stabilisiere. Das eine oder andere Spiel k\u00f6nne eventuell dann auch auf der Krim stattfinden. Auch das Gebiet um Tschernobyl k\u00f6nnte dadurch Aufschwung kriegen und eine neue Region f\u00fcr Kurzurlauber werden. Langzeitaufenthalte seien wegen der immer noch hohen Strahlung medizinisch gesehen jedoch nicht ratsam, daher k\u00f6nnten die Fu\u00dfballfans dort leider nicht untergebracht werden, sagt Blatter, obwohl ihn der Kernkraft-Slang mit Begriffen wie <em>Block A<\/em> durchaus an die Aufteilung in Fu\u00dfballstadien erinnere.<\/p>\n<h3>WM 2022 nach Israel\/Pal\u00e4stina<\/h3>\n<p>Auch erkennt Sepp Blatter an, dass die Vergabe der Fu\u00dfball-WM 2022 nach Katar ein Fehler gewesen sei. Etwaige Bestechungsvorw\u00fcrfe w\u00fcrden noch untersucht. Als neuer Austragungsort soll Israel und Pal\u00e4stina gemeinsam vorgesehen werden. Dieser \u00e4u\u00dferst ungew\u00f6hnliche Vorschlag soll endlich zumindest einen Waffenstillstand zwischen Israel und der pal\u00e4stinensischen Hamas bringen. &#8222;Die ganze Welt versteht diesen Krieg nicht. Es muss sofort Schluss sein mit den Angriffen \u2013 egal wer angefangen hat, egal, wer schuld ist, wir sind hier nicht im Kindergarten&#8220;, so Blatter.<\/p>\n<p>Da Israel und Pal\u00e4stina die WM austragen, sind beide Fu\u00dfballteams automatisch qualifiziert. Als Besonderheit will Blatter, dass die pal\u00e4stinensische Mannschaft ihre Spiele in Israel und die israelische Mannschaft ihre Spiele in Pal\u00e4stina austr\u00e4gt. Dies solle der V\u00f6lkerverst\u00e4ndigung dienen und diesen schrecklichen Hass abbauen. Die Welt werde auf Israel und Pal\u00e4stina schauen. Unter diesem Druck geht Blatter davon aus, dass der noch auszuhandelnde Waffenstillstand zumindest bis zum WM-Finale h\u00e4lt \u2013 mit einer Perspektive einer Verl\u00e4ngerung. Das riecht nach einem Friedensno-Ball-Preis f\u00fcr Blatter.<\/p>\n<p>Der Krieg finde nun allenfalls auf dem Fu\u00dfballplatz statt \u2013 aber mit taktischen Mitteln und Fair Play, nicht mit Waffen. Sollten die L\u00e4nder sich nicht an die Waffenruhe halten, k\u00f6nne man die WM ganz schnell wieder abblasen. Es gebe genug Interessenten, sagte Blatter unser Redaktion. Nordkorea etwa habe bereits Interesse bekundet, auch der Iran sei ein interessanter m\u00f6glicher Kandidat.<img loading=\"lazy\" decoding=\"async\" class=\"vg\" src=\"https:\/\/ssl-vg03.met.vgwort.de\/na\/c9c368703e9d4326906962edadf1bd4f\" alt=\"\" width=\"1\" height=\"1\" \/><\/p>\n","protected":false},"excerpt":{"rendered":"<p>WM 2018 an die Ukraine Die bislang nicht unumstrittene FIFA scheint nun ihr Image aufpolieren zu wollen. So will FIFA-Boss Sepp Blatter Russland die Fu\u00dfball-WM 2018 als Strafe f\u00fcr die Annektierung der Krim und die wahrscheinliche Unterst\u00fctzung der pro-russischen Separatisten wieder entziehen. Die WM 2018 solle stattdessen an die Ukraine gehen. Man hoffe, dass dies [&hellip;]<\/p>\n","protected":false},"author":1,"featured_media":0,"comment_status":"open","ping_status":"open","sticky":false,"template":"","format":"standard","meta":{"footnotes":""},"categories":[977,6,18],"tags":[221,44,228,39,229,100,220,104],"class_list":["post-908","post","type-post","status-publish","format-standard","hentry","category-konflikteterrormilitaer","category-politik","category-sport","tag-fifa","tag-fussball-wm","tag-israel","tag-katar","tag-palaestina","tag-russland","tag-sepp-blatter","tag-ukraine"],"_links":{"self":[{"href":"https:\/\/www.keinblatt.de\/blog\/wp-json\/wp\/v2\/posts\/908","targetHints":{"allow":["GET"]}}],"collection":[{"href":"https:\/\/www.keinblatt.de\/blog\/wp-json\/wp\/v2\/posts"}],"about":[{"href":"https:\/\/www.keinblatt.de\/blog\/wp-json\/wp\/v2\/types\/post"}],"author":[{"embeddable":true,"href":"https:\/\/www.keinblatt.de\/blog\/wp-json\/wp\/v2\/users\/1"}],"replies":[{"embeddable":true,"href":"https:\/\/www.keinblatt.de\/blog\/wp-json\/wp\/v2\/comments?post=908"}],"version-history":[{"count":0,"href":"https:\/\/www.keinblatt.de\/blog\/wp-json\/wp\/v2\/posts\/908\/revisions"}],"wp:attachment":[{"href":"https:\/\/www.keinblatt.de\/blog\/wp-json\/wp\/v2\/media?parent=908"}],"wp:term":[{"taxonomy":"category","embeddable":true,"href":"https:\/\/www.keinblatt.de\/blog\/wp-json\/wp\/v2\/categories?post=908"},{"taxonomy":"post_tag","embeddable":true,"href":"https:\/\/www.keinblatt.de\/blog\/wp-json\/wp\/v2\/tags?post=908"}],"curies":[{"name":"wp","href":"https:\/\/api.w.org\/{rel}","templated":true}]}}