{"id":883,"date":"2014-07-11T20:08:44","date_gmt":"2014-07-11T18:08:44","guid":{"rendered":"http:\/\/www.keinblatt.de\/blog\/?p=883"},"modified":"2016-06-11T18:54:41","modified_gmt":"2016-06-11T16:54:41","slug":"erschreckend-999-der-deutschen-singen-nicht-die-nationalhymne-vor-arbeitsbeginn","status":"publish","type":"post","link":"https:\/\/www.keinblatt.de\/blog\/erschreckend-999-der-deutschen-singen-nicht-die-nationalhymne-vor-arbeitsbeginn\/","title":{"rendered":"Erschreckend: 99,9 % der Deutschen singen nicht die Nationalhymne vor Arbeitsbeginn!"},"content":{"rendered":"<figure id=\"attachment_887\" aria-describedby=\"caption-attachment-887\" style=\"width: 300px\" class=\"wp-caption alignleft\"><a href=\"https:\/\/www.keinblatt.de\/blog\/wp-content\/uploads\/2014\/07\/Deutsche_Fussballnationalmannschaft_2011.jpg\"><img loading=\"lazy\" decoding=\"async\" class=\"size-medium wp-image-887\" src=\"https:\/\/www.keinblatt.de\/blog\/wp-content\/uploads\/2014\/07\/Deutsche_Fussballnationalmannschaft_2011-300x200.jpg\" alt=\"Deutsche Fussballnationalmannschaft\" width=\"300\" height=\"200\" srcset=\"https:\/\/www.keinblatt.de\/blog\/wp-content\/uploads\/2014\/07\/Deutsche_Fussballnationalmannschaft_2011-300x200.jpg 300w, https:\/\/www.keinblatt.de\/blog\/wp-content\/uploads\/2014\/07\/Deutsche_Fussballnationalmannschaft_2011-624x416.jpg 624w, https:\/\/www.keinblatt.de\/blog\/wp-content\/uploads\/2014\/07\/Deutsche_Fussballnationalmannschaft_2011.jpg 640w\" sizes=\"auto, (max-width: 300px) 100vw, 300px\" \/><\/a><figcaption id=\"caption-attachment-887\" class=\"wp-caption-text\">Bundesdeutsche Herrenfu\u00dfballnationalmannschaft (2011). Mesut \u00d6zil (ganz rechts) singt nicht, aber betet. Foto: <a href=\"https:\/\/commons.wikimedia.org\/wiki\/File:Deutsche_Fu%C3%9Fballnationalmannschaft_2011-06-03_%2801%29.jpg\" target=\"_blank\">Steindy<\/a> \/ Lizenz: <a href=\"https:\/\/creativecommons.org\/licenses\/by-sa\/3.0\/deed.en\" target=\"_blank\">CC BY-SA 3.0<\/a><\/figcaption><\/figure>\n<p>Vor Spielbeginn singen unsere Fu\u00dfballer voller Hoffnung und Stolz die deutsche Nationalhymne. Doch immer wieder kommt es vor, dass Spieler stumm bleiben.<\/p>\n<p>Bei der derzeit in Brasilien stattfindenden WM fiel hier Mesut \u00d6zil bei vielen Fans in Ungnade, da er das Mitsingen regelm\u00e4\u00dfig verweigert. Laut eigener Angabe habe dies aber weder mit seinen t\u00fcrkischen Wurzeln noch mit fehlender Identifikation mit Deutschland zu tun. Er sei bereits vielmehr zu sehr auf das Spiel konzentriert und bete. Vielen Fans und Vordenkern reicht dies als Erkl\u00e4rung jedoch nicht aus. Sie sch\u00e4men sich f\u00fcr ihn und fordern eine Nationalhymne-Mitsingpflicht.<\/p>\n<p>Ist es um den Patriotismus in unserem deutschen Lande wirklich so schlecht bestellt? Eine Studie der Universit\u00e4t Gelsenkirchen kommt nun zu einem erschreckenden Ergebnis.<\/p>\n<figure id=\"attachment_884\" aria-describedby=\"caption-attachment-884\" style=\"width: 673px\" class=\"wp-caption alignleft\"><img loading=\"lazy\" decoding=\"async\" class=\"size-full wp-image-884\" src=\"https:\/\/www.keinblatt.de\/blog\/wp-content\/uploads\/2014\/07\/673px-Nationalhymne_der_Bundesrepublik_Deutschland.svg_.jpg\" alt=\"Deutsche Nationalhymne\" width=\"673\" height=\"287\" srcset=\"https:\/\/www.keinblatt.de\/blog\/wp-content\/uploads\/2014\/07\/673px-Nationalhymne_der_Bundesrepublik_Deutschland.svg_.jpg 673w, https:\/\/www.keinblatt.de\/blog\/wp-content\/uploads\/2014\/07\/673px-Nationalhymne_der_Bundesrepublik_Deutschland.svg_-300x127.jpg 300w, https:\/\/www.keinblatt.de\/blog\/wp-content\/uploads\/2014\/07\/673px-Nationalhymne_der_Bundesrepublik_Deutschland.svg_-624x266.jpg 624w\" sizes=\"auto, (max-width: 673px) 100vw, 673px\" \/><figcaption id=\"caption-attachment-884\" class=\"wp-caption-text\">So schwer ist es doch nicht. Hier noch einmal zum \u00dcben!<\/figcaption><\/figure>\n<p>&#8222;99,9 % der Deutschen singen nicht die Nationalhymne vor Arbeitsbeginn&#8220;, hei\u00dft es dort. Lobende Worte haben die Wissenschaftler allenfalls f\u00fcr den Deutschen Bundestag, der auch schon einmal spontan seine\u00a0Gesangsk\u00fcnste unter Beweis stelle. Als am 09. November 1989 bekannt wurde, dass die DDR v\u00f6llig \u00fcberraschend die Mauer ge\u00f6ffnet hatte, stimmten zwei Unionsabgeordnete das Deutschlandlied an. Fast alle Parlamentarier standen auf und sangen mit. Ein wahrhaft historischer Moment. Hier k\u00f6nnen sich unsere Fu\u00dfballer, aber auch alle anderen Arbeitenden eine Scheibe abschneiden.<\/p>\n","protected":false},"excerpt":{"rendered":"<p>Vor Spielbeginn singen unsere Fu\u00dfballer voller Hoffnung und Stolz die deutsche Nationalhymne. Doch immer wieder kommt es vor, dass Spieler stumm bleiben. Bei der derzeit in Brasilien stattfindenden WM fiel hier Mesut \u00d6zil bei vielen Fans in Ungnade, da er das Mitsingen regelm\u00e4\u00dfig verweigert. Laut eigener Angabe habe dies aber weder mit seinen t\u00fcrkischen Wurzeln [&hellip;]<\/p>\n","protected":false},"author":1,"featured_media":0,"comment_status":"open","ping_status":"open","sticky":false,"template":"","format":"standard","meta":{"footnotes":""},"categories":[2,19,6,18],"tags":[144,301],"class_list":["post-883","post","type-post","status-publish","format-standard","hentry","category-gesellschaftliches","category-kunst-kultur","category-politik","category-sport","tag-fussball","tag-nationalhymne"],"_links":{"self":[{"href":"https:\/\/www.keinblatt.de\/blog\/wp-json\/wp\/v2\/posts\/883","targetHints":{"allow":["GET"]}}],"collection":[{"href":"https:\/\/www.keinblatt.de\/blog\/wp-json\/wp\/v2\/posts"}],"about":[{"href":"https:\/\/www.keinblatt.de\/blog\/wp-json\/wp\/v2\/types\/post"}],"author":[{"embeddable":true,"href":"https:\/\/www.keinblatt.de\/blog\/wp-json\/wp\/v2\/users\/1"}],"replies":[{"embeddable":true,"href":"https:\/\/www.keinblatt.de\/blog\/wp-json\/wp\/v2\/comments?post=883"}],"version-history":[{"count":0,"href":"https:\/\/www.keinblatt.de\/blog\/wp-json\/wp\/v2\/posts\/883\/revisions"}],"wp:attachment":[{"href":"https:\/\/www.keinblatt.de\/blog\/wp-json\/wp\/v2\/media?parent=883"}],"wp:term":[{"taxonomy":"category","embeddable":true,"href":"https:\/\/www.keinblatt.de\/blog\/wp-json\/wp\/v2\/categories?post=883"},{"taxonomy":"post_tag","embeddable":true,"href":"https:\/\/www.keinblatt.de\/blog\/wp-json\/wp\/v2\/tags?post=883"}],"curies":[{"name":"wp","href":"https:\/\/api.w.org\/{rel}","templated":true}]}}