{"id":835,"date":"2014-06-16T12:15:48","date_gmt":"2014-06-16T10:15:48","guid":{"rendered":"http:\/\/www.keinblatt.de\/blog\/?p=835"},"modified":"2015-04-27T10:02:14","modified_gmt":"2015-04-27T08:02:14","slug":"eu-kommission-will-europaeische-sportteams-deutschland-nie-mehr-fussballweltmeister","status":"publish","type":"post","link":"https:\/\/www.keinblatt.de\/blog\/eu-kommission-will-europaeische-sportteams-deutschland-nie-mehr-fussballweltmeister\/","title":{"rendered":"EU-Kommission will europ\u00e4ische Sportteams \u2013 Deutschland nie mehr Fu\u00dfballweltmeister?"},"content":{"rendered":"<figure id=\"attachment_827\" aria-describedby=\"caption-attachment-827\" style=\"width: 248px\" class=\"wp-caption alignleft\"><a href=\"https:\/\/www.keinblatt.de\/blog\/wp-content\/uploads\/2014\/06\/500px-WM-2014-Brasilien.svg_.jpg\"><img loading=\"lazy\" decoding=\"async\" class=\"size-medium wp-image-827\" src=\"https:\/\/www.keinblatt.de\/blog\/wp-content\/uploads\/2014\/06\/500px-WM-2014-Brasilien.svg_-248x300.jpg\" alt=\"WM 2014 Brasilien\" width=\"248\" height=\"300\" srcset=\"https:\/\/www.keinblatt.de\/blog\/wp-content\/uploads\/2014\/06\/500px-WM-2014-Brasilien.svg_-248x300.jpg 248w, https:\/\/www.keinblatt.de\/blog\/wp-content\/uploads\/2014\/06\/500px-WM-2014-Brasilien.svg_-624x752.jpg 624w, https:\/\/www.keinblatt.de\/blog\/wp-content\/uploads\/2014\/06\/500px-WM-2014-Brasilien.svg_.jpg 849w\" sizes=\"auto, (max-width: 248px) 100vw, 248px\" \/><\/a><figcaption id=\"caption-attachment-827\" class=\"wp-caption-text\">Fu\u00dfball-WM der Herren 2014 in Brasilien. Der voraussichtlich vorletzte Wettbewerb, in dem europ\u00e4ische Nationalmannschaften antreten. Urheber: <a href=\"https:\/\/de.wikipedia.org\/wiki\/Datei:WM-2014-Brasilien.svg\" target=\"_blank\">Ag\u00eancia Africa<\/a><\/figcaption><\/figure>\n<p>Offene Grenzen, der Euro als gemeinsame W\u00e4hrung, das ist inzwischen Europa. Der Weg zur politischen Union ist vorgezeichnet \u2013 den Vereinigten Staaten von Europa nach dem Vorbild der USA.<\/p>\n<p>Eine weitere logische Konsequenz auf dem Weg zu einer europ\u00e4ischen Nation sind europ\u00e4ische Teams im Sport. Daher arbeitet die EU-Kommission fieberhaft an einer L\u00f6sung. Dabei soll bereits 2022 bei der Fu\u00dfball-WM der Herren in Katar ein europ\u00e4isches Team antreten. Die europ\u00e4ische Nationalstaaten werden dann keine Fu\u00dfballmannschaften mehr stellen.<\/p>\n<p>Schlie\u00dflich w\u00fcrden in Wettbewerben wie der Fu\u00dfball-WM auch die Fu\u00dfballmannschaft der USA antreten und nicht die einzelnen Staaten Kalifornien, Texas, Massachusetts und wie sie alle hei\u00dfen, so Henning Ball, Mitglied der Europ\u00e4ischen Generaldirektion Bildung und Kultur, die auch f\u00fcr den Sport zust\u00e4ndig ist.<\/p>\n<p>F\u00fcr andere weltweite Wettbewerbe, auch z.B. den Olympischen Spielen, will man ebenfalls ein \u00e4hnliches Zeitfenster vorsehen, 2024 k\u00f6nnte es hier so weit sein. Die Sportler werden in Einzelwettbewerben dann nicht als Deutsche, Spanier oder Italiener antreten, sondern als Europ\u00e4er.<\/p>\n<p>&#8222;Die B\u00fcrger in Europ\u00e4er sollten sich als Europ\u00e4er f\u00fchlen und begreifen&#8220; so Ball, Europa k\u00f6nne nur vorankommen, wenn das Denken in Nationalstaaten zur\u00fcckgedr\u00e4ngt werde. &#8222;Wir sind <em>ein <\/em>Europa&#8220;, f\u00fchrt Ball aus, den Wettbewerb in Europa gebe es nur noch im Europa der Regionen, nicht mehr im Europa der Nationen.<\/p>\n<p>Will Deutschland noch einmal Fu\u00dfballweltmeister werden, dann k\u00f6nnte es knapp werden. Wenn es jetzt wider Erwarten in Brasilien nicht klappt, w\u00e4re die WM in Russland 2018 die voraussichtlich letzte M\u00f6glichkeit f\u00fcr immer. Es mutet sicher etwas seltsam am, w\u00fcrde &#8222;Europa&#8220; Fu\u00dfball-Weltmeister bei der WM 2022 in Katar. Ein Gedanke, an den wir uns aber wohl gew\u00f6hnen m\u00fcssen und werden.<\/p>\n<p>Innereurop\u00e4ische Wettbewerbe wird es wohl noch weiterhin geben, also auch eine Fu\u00dfball-EM. Wie das im Einzelnen aussehen wird, dazu wollte Ball noch keine Angaben machen.<img loading=\"lazy\" decoding=\"async\" class=\"vg\" src=\"https:\/\/ssl-vg03.met.vgwort.de\/na\/469a6fa2429740f995af6e70fc3339bc\" alt=\"\" width=\"1\" height=\"1\" \/><\/p>\n","protected":false},"excerpt":{"rendered":"<p>Offene Grenzen, der Euro als gemeinsame W\u00e4hrung, das ist inzwischen Europa. Der Weg zur politischen Union ist vorgezeichnet \u2013 den Vereinigten Staaten von Europa nach dem Vorbild der USA. Eine weitere logische Konsequenz auf dem Weg zu einer europ\u00e4ischen Nation sind europ\u00e4ische Teams im Sport. Daher arbeitet die EU-Kommission fieberhaft an einer L\u00f6sung. Dabei soll [&hellip;]<\/p>\n","protected":false},"author":1,"featured_media":0,"comment_status":"open","ping_status":"open","sticky":false,"template":"","format":"standard","meta":{"footnotes":""},"categories":[6,18],"tags":[108,44,39],"class_list":["post-835","post","type-post","status-publish","format-standard","hentry","category-politik","category-sport","tag-eu","tag-fussball-wm","tag-katar"],"_links":{"self":[{"href":"https:\/\/www.keinblatt.de\/blog\/wp-json\/wp\/v2\/posts\/835","targetHints":{"allow":["GET"]}}],"collection":[{"href":"https:\/\/www.keinblatt.de\/blog\/wp-json\/wp\/v2\/posts"}],"about":[{"href":"https:\/\/www.keinblatt.de\/blog\/wp-json\/wp\/v2\/types\/post"}],"author":[{"embeddable":true,"href":"https:\/\/www.keinblatt.de\/blog\/wp-json\/wp\/v2\/users\/1"}],"replies":[{"embeddable":true,"href":"https:\/\/www.keinblatt.de\/blog\/wp-json\/wp\/v2\/comments?post=835"}],"version-history":[{"count":0,"href":"https:\/\/www.keinblatt.de\/blog\/wp-json\/wp\/v2\/posts\/835\/revisions"}],"wp:attachment":[{"href":"https:\/\/www.keinblatt.de\/blog\/wp-json\/wp\/v2\/media?parent=835"}],"wp:term":[{"taxonomy":"category","embeddable":true,"href":"https:\/\/www.keinblatt.de\/blog\/wp-json\/wp\/v2\/categories?post=835"},{"taxonomy":"post_tag","embeddable":true,"href":"https:\/\/www.keinblatt.de\/blog\/wp-json\/wp\/v2\/tags?post=835"}],"curies":[{"name":"wp","href":"https:\/\/api.w.org\/{rel}","templated":true}]}}