{"id":807,"date":"2014-05-30T14:22:42","date_gmt":"2014-05-30T12:22:42","guid":{"rendered":"http:\/\/www.keinblatt.de\/blog\/?p=807"},"modified":"2015-04-13T13:32:31","modified_gmt":"2015-04-13T11:32:31","slug":"arbeitgeber-wollen-brueckentage-abschaffen-bald-zwei-urlaubstage-fuer-einen-brueckentag","status":"publish","type":"post","link":"https:\/\/www.keinblatt.de\/blog\/arbeitgeber-wollen-brueckentage-abschaffen-bald-zwei-urlaubstage-fuer-einen-brueckentag\/","title":{"rendered":"Arbeitgeber wollen Br\u00fcckentage abschaffen \u2013 bald zwei Urlaubstage f\u00fcr einen Br\u00fcckentag?"},"content":{"rendered":"<figure id=\"attachment_808\" aria-describedby=\"caption-attachment-808\" style=\"width: 300px\" class=\"wp-caption alignleft\"><a href=\"https:\/\/www.keinblatt.de\/blog\/wp-content\/uploads\/2014\/05\/Kutsche_Vatertag_2008_Beelitz.jpg\"><img loading=\"lazy\" decoding=\"async\" class=\"size-medium wp-image-808\" src=\"https:\/\/www.keinblatt.de\/blog\/wp-content\/uploads\/2014\/05\/Kutsche_Vatertag_2008_Beelitz-300x225.jpg\" alt=\"Kutsche Vatertag\" width=\"300\" height=\"225\" srcset=\"https:\/\/www.keinblatt.de\/blog\/wp-content\/uploads\/2014\/05\/Kutsche_Vatertag_2008_Beelitz-300x225.jpg 300w, https:\/\/www.keinblatt.de\/blog\/wp-content\/uploads\/2014\/05\/Kutsche_Vatertag_2008_Beelitz-624x468.jpg 624w, https:\/\/www.keinblatt.de\/blog\/wp-content\/uploads\/2014\/05\/Kutsche_Vatertag_2008_Beelitz.jpg 720w\" sizes=\"auto, (max-width: 300px) 100vw, 300px\" \/><\/a><figcaption id=\"caption-attachment-808\" class=\"wp-caption-text\">Kutschfahrt am Vatertag. Vier Tage freihaben f\u00fcr einen Tag freinehmen, das geht nun wirklich nicht! Foto: <a href=\"https:\/\/commons.wikimedia.org\/wiki\/File:Kutsche_Vatertag_2008_Beelitz.JPG\" target=\"_blank\">Lienhard Schulz<\/a> \/ Lizenz: <a href=\"https:\/\/creativecommons.org\/licenses\/by-sa\/3.0\/deed.en\" target=\"_blank\">CC BY-SA 3.0<\/a><\/figcaption><\/figure>\n<p>Bei den Arbeitnehmern sind sie beliebt, die Br\u00fcckentage. Heute ist ein solcher Br\u00fcckentag. Mit nur einem Urlaubstag l\u00e4sst sich ein verl\u00e4ngertes Wochenende von stolzen vier Tagen erreichen. F\u00fcr die Verantwortlichen sind die Br\u00fcckentage dagegen ein \u00c4rgernis. Es droht eine Unterbesetzung in den Abteilungen, unter der die Angestellten leiden, welche die fehlenden Kollegen durch Mehrarbeit kompensieren m\u00fcssen. Die Frage, wer in den Genuss von Urlaub an den Br\u00fcckentagen kommt, sorgt zudem immer wieder f\u00fcr Streitereien oder gar Handgreiflichkeiten unter Kollegen.<\/p>\n<h3>Br\u00fcckentage sollen zuk\u00fcnftig als zwei Urlaubstage gelten<\/h3>\n<p>Die Bundesvereinigung der Deutschen Arbeitgeberverb\u00e4nde (BDA) fordert daher nun, die Br\u00fcckentage abzuschaffen. Wer beispielsweise an einem Freitag freinehmen m\u00f6chte, wenn am Donnerstag Feiertag ist, soll in Zukunft zwei Urlaubstage nehmen m\u00fcssen. Das mache es unattraktiver, an diesen Tagen freizunehmen, sagte eine BDA-Sprecherin heute unsere Redaktion. Als Kompensation solle aber die Anzahl der gesamten Urlaubstage &#8222;leicht nach oben korrigiert werden&#8220;, so die Sprecherin. Auf eine genaue Zahl wollte man sich noch nicht festlegen. Da der BDA einen direkten Draht ins Kanzleramt hat, ist es nicht unwahrscheinlich, dass das Vorhaben realisiert wird.<\/p>\n<p>Die Gewerkschaften waren f\u00fcr eine Stellungnahme nicht zu erreichen, da sich praktisch alle Verantwortlichen heute im Urlaub befinden.<\/p>\n","protected":false},"excerpt":{"rendered":"<p>Bei den Arbeitnehmern sind sie beliebt, die Br\u00fcckentage. Heute ist ein solcher Br\u00fcckentag. Mit nur einem Urlaubstag l\u00e4sst sich ein verl\u00e4ngertes Wochenende von stolzen vier Tagen erreichen. F\u00fcr die Verantwortlichen sind die Br\u00fcckentage dagegen ein \u00c4rgernis. Es droht eine Unterbesetzung in den Abteilungen, unter der die Angestellten leiden, welche die fehlenden Kollegen durch Mehrarbeit kompensieren [&hellip;]<\/p>\n","protected":false},"author":1,"featured_media":0,"comment_status":"open","ping_status":"open","sticky":false,"template":"","format":"standard","meta":{"footnotes":""},"categories":[26,6],"tags":[577,576,575,578],"class_list":["post-807","post","type-post","status-publish","format-standard","hentry","category-braeuche","category-politik","tag-arbeitgeber","tag-brueckentage","tag-feiertage","tag-urlaub"],"_links":{"self":[{"href":"https:\/\/www.keinblatt.de\/blog\/wp-json\/wp\/v2\/posts\/807","targetHints":{"allow":["GET"]}}],"collection":[{"href":"https:\/\/www.keinblatt.de\/blog\/wp-json\/wp\/v2\/posts"}],"about":[{"href":"https:\/\/www.keinblatt.de\/blog\/wp-json\/wp\/v2\/types\/post"}],"author":[{"embeddable":true,"href":"https:\/\/www.keinblatt.de\/blog\/wp-json\/wp\/v2\/users\/1"}],"replies":[{"embeddable":true,"href":"https:\/\/www.keinblatt.de\/blog\/wp-json\/wp\/v2\/comments?post=807"}],"version-history":[{"count":0,"href":"https:\/\/www.keinblatt.de\/blog\/wp-json\/wp\/v2\/posts\/807\/revisions"}],"wp:attachment":[{"href":"https:\/\/www.keinblatt.de\/blog\/wp-json\/wp\/v2\/media?parent=807"}],"wp:term":[{"taxonomy":"category","embeddable":true,"href":"https:\/\/www.keinblatt.de\/blog\/wp-json\/wp\/v2\/categories?post=807"},{"taxonomy":"post_tag","embeddable":true,"href":"https:\/\/www.keinblatt.de\/blog\/wp-json\/wp\/v2\/tags?post=807"}],"curies":[{"name":"wp","href":"https:\/\/api.w.org\/{rel}","templated":true}]}}