{"id":773,"date":"2014-05-20T17:00:54","date_gmt":"2014-05-20T15:00:54","guid":{"rendered":"http:\/\/www.keinblatt.de\/blog\/?p=773"},"modified":"2017-02-27T02:42:16","modified_gmt":"2017-02-27T01:42:16","slug":"erdogan-darf-in-koeln-sprechen-austragungsort-weit-genug-von-u-stadtbahn-baustelle-entfernt","status":"publish","type":"post","link":"https:\/\/www.keinblatt.de\/blog\/erdogan-darf-in-koeln-sprechen-austragungsort-weit-genug-von-u-stadtbahn-baustelle-entfernt\/","title":{"rendered":"Erdo\u011fan darf in K\u00f6ln sprechen \u2013 Austragungsort weit genug von U-Stadtbahn-Baustelle entfernt"},"content":{"rendered":"<figure id=\"attachment_661\" aria-describedby=\"caption-attachment-661\" style=\"width: 220px\" class=\"wp-caption alignleft\"><a href=\"https:\/\/www.keinblatt.de\/blog\/wp-content\/uploads\/2014\/03\/441px-Erdogan_cropped.jpg\"><img loading=\"lazy\" decoding=\"async\" class=\"size-medium wp-image-661\" src=\"https:\/\/www.keinblatt.de\/blog\/wp-content\/uploads\/2014\/03\/441px-Erdogan_cropped-220x300.jpg\" alt=\"Recep Tayyip Erdo\u011fan\" width=\"220\" height=\"300\" srcset=\"https:\/\/www.keinblatt.de\/blog\/wp-content\/uploads\/2014\/03\/441px-Erdogan_cropped-220x300.jpg 220w, https:\/\/www.keinblatt.de\/blog\/wp-content\/uploads\/2014\/03\/441px-Erdogan_cropped.jpg 441w\" sizes=\"auto, (max-width: 220px) 100vw, 220px\" \/><\/a><figcaption id=\"caption-attachment-661\" class=\"wp-caption-text\">Recep Tayyip Erdo\u011fan l\u00e4sst immer mal wieder etwas sperren, aber keine Bergwerke. Foto: <a href=\"https:\/\/commons.wikimedia.org\/wiki\/File:Erdogan_cropped.JPG\" target=\"_blank\">Prime Minister Office<\/a> \/ Lizenz: <a href=\"https:\/\/creativecommons.org\/licenses\/by-sa\/2.0\/deed.en\" target=\"_blank\">CC BY-SA 2.0<\/a><\/figcaption><\/figure>\n<p>Der umstrittene t\u00fcrkische Ministerpr\u00e4sident Recep Tayyip Erdo\u011fan kann am Samstag ungehindert in K\u00f6ln sprechen. Der Widerstand aus der deutschen Politik wurde aufgegeben, nachdem eine \u00dcberpr\u00fcfung ergeben hatte, dass der Austragungsort \u2013 die Lanxess-Arena \u2013 weit genug von den K\u00f6lner U-Stadtbahn-Baustellen entfernt ist. Damit ist die Sicherheit gew\u00e4hrleistet und der erwartende tobende Applaus wird nicht zu gef\u00e4hrlichen Erdbewegungen f\u00fchren.<\/p>\n<p>Beim Bau der K\u00f6lner U-Stadtbahn war es bereits zu mehreren schweren Zwischenf\u00e4llen gekommen. 2009 etwa brach Erdreich in die Baugrube am Waidmarkt ein, woraufhin das Historische Archiv der Stadt K\u00f6ln und zwei angrenzende Geb\u00e4ude in den Krater abrutschten und zerst\u00f6rt wurden. Es waren zwei Tote zu beklagen.<\/p>\n<p>Erdo\u011fan wird am Samstag offiziell zum zehnj\u00e4hrigen Bestehen der Union Europ\u00e4isch-T\u00fcrkischer Demokraten (UETD) sprechen. Kritiker gehen davon aus, dass Erdo\u011fan vor allem Wahlkampf machen wolle. Erdo\u011fan bewirbt sich um das Amt des t\u00fcrkischen Staatspr\u00e4sidenten. Als Ministerpr\u00e4sident kann er nicht mehr kandidieren, da die Verfassung ihm keine weitere Amtszeit erlaubt. Die in Deutschland lebenden T\u00fcrken d\u00fcrfen erstmals an den Wahlen teilnehmen, ohne in die T\u00fcrkei reisen zu m\u00fcssen. Damit erreicht Erdo\u011fan in K\u00f6ln eine wichtige W\u00e4hlerschaft.<\/p>\n<p>Nach dem schweren Grubenungl\u00fcck im t\u00fcrkischen Soma, bei dem 301 Kumpel ums Leben kamen, hatte Erdo\u011fan f\u00fcr eine gewaltige Emp\u00f6rung gesorgt. Er hatte das Ungl\u00fcck mit den Worten &#8222;Arbeitsunf\u00e4lle ereignen sich \u00fcberall in der Welt&#8220; heruntergespielt und zeigte keinerlei Mitgef\u00fchl. Zuvor war bekannt geworden, dass Erdo\u011fans AKP erst drei Wochen vor dem Unfall sich gegen bessere Sicherheitsstandards in den ber\u00fcchtigten t\u00fcrkischen Kohlebergwerken ausgesprochen hatte.<img loading=\"lazy\" decoding=\"async\" class=\"vg\" style=\"display: none ! important;\" hidden=\"\" src=\"https:\/\/ssl-vg03.met.vgwort.de\/na\/94ced8fb15dc430a85a5237eb40fbe5a\" alt=\"\" width=\"1\" height=\"1\" \/><\/p>\n","protected":false},"excerpt":{"rendered":"<p>Der umstrittene t\u00fcrkische Ministerpr\u00e4sident Recep Tayyip Erdo\u011fan kann am Samstag ungehindert in K\u00f6ln sprechen. Der Widerstand aus der deutschen Politik wurde aufgegeben, nachdem eine \u00dcberpr\u00fcfung ergeben hatte, dass der Austragungsort \u2013 die Lanxess-Arena \u2013 weit genug von den K\u00f6lner U-Stadtbahn-Baustellen entfernt ist. Damit ist die Sicherheit gew\u00e4hrleistet und der erwartende tobende Applaus wird nicht zu [&hellip;]<\/p>\n","protected":false},"author":1,"featured_media":0,"comment_status":"open","ping_status":"open","sticky":false,"template":"","format":"standard","meta":{"footnotes":""},"categories":[6,8],"tags":[343,162,277,473],"class_list":["post-773","post","type-post","status-publish","format-standard","hentry","category-politik","category-unfalle","tag-grubenunglueck","tag-koeln","tag-recep-tayyip-erdogan","tag-tuerkei"],"_links":{"self":[{"href":"https:\/\/www.keinblatt.de\/blog\/wp-json\/wp\/v2\/posts\/773","targetHints":{"allow":["GET"]}}],"collection":[{"href":"https:\/\/www.keinblatt.de\/blog\/wp-json\/wp\/v2\/posts"}],"about":[{"href":"https:\/\/www.keinblatt.de\/blog\/wp-json\/wp\/v2\/types\/post"}],"author":[{"embeddable":true,"href":"https:\/\/www.keinblatt.de\/blog\/wp-json\/wp\/v2\/users\/1"}],"replies":[{"embeddable":true,"href":"https:\/\/www.keinblatt.de\/blog\/wp-json\/wp\/v2\/comments?post=773"}],"version-history":[{"count":0,"href":"https:\/\/www.keinblatt.de\/blog\/wp-json\/wp\/v2\/posts\/773\/revisions"}],"wp:attachment":[{"href":"https:\/\/www.keinblatt.de\/blog\/wp-json\/wp\/v2\/media?parent=773"}],"wp:term":[{"taxonomy":"category","embeddable":true,"href":"https:\/\/www.keinblatt.de\/blog\/wp-json\/wp\/v2\/categories?post=773"},{"taxonomy":"post_tag","embeddable":true,"href":"https:\/\/www.keinblatt.de\/blog\/wp-json\/wp\/v2\/tags?post=773"}],"curies":[{"name":"wp","href":"https:\/\/api.w.org\/{rel}","templated":true}]}}