{"id":766,"date":"2014-05-14T13:38:02","date_gmt":"2014-05-14T11:38:02","guid":{"rendered":"http:\/\/www.keinblatt.de\/blog\/?p=766"},"modified":"2022-07-20T23:55:53","modified_gmt":"2022-07-20T21:55:53","slug":"hoeness-hausarrest-statt-haft-sicherheit-nicht-gegeben","status":"publish","type":"post","link":"https:\/\/www.keinblatt.de\/blog\/hoeness-hausarrest-statt-haft-sicherheit-nicht-gegeben\/","title":{"rendered":"Hoene\u00df: Hausarrest statt Haft! \u2013 Sicherheit nicht gegeben"},"content":{"rendered":"<figure id=\"attachment_767\" aria-describedby=\"caption-attachment-767\" style=\"width: 550px\" class=\"wp-caption alignnone\"><img loading=\"lazy\" decoding=\"async\" class=\"size-full wp-image-767\" src=\"https:\/\/www.keinblatt.de\/blog\/wp-content\/uploads\/2014\/05\/FC_Bayern_Munchen_president_Uli_Hoeness_during_his_short_autograph-session_in_Minsk_before_the_BATE-FCB_match1.jpg\" alt=\"Uli Hoene\u00df\" width=\"550\" height=\"413\" srcset=\"https:\/\/www.keinblatt.de\/blog\/wp-content\/uploads\/2014\/05\/FC_Bayern_Munchen_president_Uli_Hoeness_during_his_short_autograph-session_in_Minsk_before_the_BATE-FCB_match1.jpg 550w, https:\/\/www.keinblatt.de\/blog\/wp-content\/uploads\/2014\/05\/FC_Bayern_Munchen_president_Uli_Hoeness_during_his_short_autograph-session_in_Minsk_before_the_BATE-FCB_match1-300x225.jpg 300w\" sizes=\"auto, (max-width: 550px) 100vw, 550px\" \/><figcaption id=\"caption-attachment-767\" class=\"wp-caption-text\">Uli Hoene\u00df: Hausarrest statt Haft! Ob Uli hier schon ahnte, dass er bald selbst Kulis herstellen wird? Foto: \u0410\u043b\u0435\u043a\u0441\u0430\u043d\u0434\u0440 \u041a\u043e\u0440\u0447\u0438\u043a \/ Lizenz: CC BY-SA 3.0, Details siehe: <a href=\"https:\/\/commons.wikimedia.org\/wiki\/File:FC_Bayern_Munchen_president_Uli_Hoeness_during_his_short_autograph-session_in_Minsk_before_the_BATE-FCB_match.jpg?uselang=de\" target=\"_blank\">Wikipedia<\/a><\/figcaption><\/figure>\n<p>Uli Hoene\u00df muss nun doch nicht in Haft. Die Haftstrafe werde in Hausarrest umgewandelt, teilte heute eine Sprecherin des bayerischen Justizministeriums mit. Als Gr\u00fcnde macht die Sprecherin geltend, dass Hoene\u00df erpresst worden sei. Der T\u00e4ter sei zwar geschnappt worden, aber es l\u00e4gen weitere Drohungen vor, sodass Hoene\u00df\u2019 Sicherheit nicht gegeben sei. Auch sei bei dem ganzen Hype kein geregelter Haftbetrieb m\u00f6glich, weder in der JVA Landsberg noch in einer anderen bayerischen JVA, so die Sprecherin. Es werde nicht nur bef\u00fcrchtet, dass Hoene\u00df Gewalt angetan werden k\u00f6nnte, sondern auch, dass sich Fotografen bei dem Versuch, mit waghalsigen Stunts das erste Foto von Hoene\u00df\u2019 Hofgang zu schie\u00dfen, verletzen k\u00f6nnten. Den Vorwurf, Hoene\u00df genie\u00dfe Sonderrechte, wies die Sprecherin mit aller Entschiedenheit zur\u00fcck. Hoene\u00df habe vielmehr bereits einen Promimalus. Der bayerische Staat sei in der Verpflichtung, die Sicherheit der Haftinsassen und einen geregelten Betrieb in den Haftanstalten sicherstellen. Nur darum gehe es.<\/p>\n<h3>Hoene\u00df muss Fu\u00dffessel tragen und in Heimarbeit BVB-Kugelschreiber zusammenbauen<\/h3>\n<p>Die Haftstrafe werde daher in Hausarrest umgewandelt, die Hoene\u00df nun in seinem Haus am Tegernsee verbringen m\u00fcsse. Dort werde man versuchen, m\u00f6glichst haft\u00e4hnliche Bedingungen herzustellen. So m\u00fcsse Hoene\u00df eine Fu\u00dffessel tragen und d\u00fcrfe das Haus nur eine Stunde am Tag unter Aufsicht zum Ufergang verlassen. Wie jeder H\u00e4ftling m\u00fcsse er 40 Stunden in der Woche arbeiten. Dabei m\u00fcsse er in seinem Wohnzimmer BVB-Kugelschreiber zusammenbauen. Etwas anderes k\u00f6nne man ihm nicht anbieten, da sich die anderen T\u00e4tigkeiten nicht f\u00fcr Heimarbeit eigneten.<\/p>\n<p>Zur Bewachung w\u00fcrden mehrere Beamte eingesetzt, einer st\u00fcnde immer vor Hoene\u00df Schlafzimmer und einer vor dem Haus. Als besondere Strafe habe man die Smartcard seines Pay-TV-Receivers konfisziert. Normal fernsehen d\u00fcrfe er, da man dies den H\u00e4ftlingen generell zugestehe.<\/p>\n<h3>Sozialstunden wohl nicht m\u00f6glich<\/h3>\n<p>Es werde au\u00dferdem noch gepr\u00fcft, ob man den Hausarrest wegen Hoene\u00df\u2019 fortgeschrittenen Alters in Sozialstunden umwandeln k\u00f6nne, etwa in einem Pflegeheim. Die Sprecherin sieht aber keine gro\u00dfen Chancen, da auch dort Hoene\u00df Ziel von Angriffen werden k\u00f6nnte. Wann der Hausarrest beginne, stehe noch nicht fest, hie\u00df es.<img loading=\"lazy\" decoding=\"async\" class=\"vg\" src=\"https:\/\/ssl-vg03.met.vgwort.de\/na\/d6883652b7744386935773c8a95d53d2\" alt=\"\" width=\"1\" height=\"1\" \/><\/p>\n","protected":false},"excerpt":{"rendered":"<p>Uli Hoene\u00df muss nun doch nicht in Haft. Die Haftstrafe werde in Hausarrest umgewandelt, teilte heute eine Sprecherin des bayerischen Justizministeriums mit. Als Gr\u00fcnde macht die Sprecherin geltend, dass Hoene\u00df erpresst worden sei. Der T\u00e4ter sei zwar geschnappt worden, aber es l\u00e4gen weitere Drohungen vor, sodass Hoene\u00df\u2019 Sicherheit nicht gegeben sei. Auch sei bei dem [&hellip;]<\/p>\n","protected":false},"author":1,"featured_media":0,"comment_status":"open","ping_status":"open","sticky":false,"template":"","format":"standard","meta":{"footnotes":""},"categories":[2,7,6,18],"tags":[142,444,660,662,661,171],"class_list":["post-766","post","type-post","status-publish","format-standard","hentry","category-gesellschaftliches","category-kriminalitat","category-politik","category-sport","tag-fc-bayern","tag-gefaengnis","tag-hausarrest","tag-heimarbeit","tag-landsberg","tag-uli-hoeness"],"_links":{"self":[{"href":"https:\/\/www.keinblatt.de\/blog\/wp-json\/wp\/v2\/posts\/766","targetHints":{"allow":["GET"]}}],"collection":[{"href":"https:\/\/www.keinblatt.de\/blog\/wp-json\/wp\/v2\/posts"}],"about":[{"href":"https:\/\/www.keinblatt.de\/blog\/wp-json\/wp\/v2\/types\/post"}],"author":[{"embeddable":true,"href":"https:\/\/www.keinblatt.de\/blog\/wp-json\/wp\/v2\/users\/1"}],"replies":[{"embeddable":true,"href":"https:\/\/www.keinblatt.de\/blog\/wp-json\/wp\/v2\/comments?post=766"}],"version-history":[{"count":0,"href":"https:\/\/www.keinblatt.de\/blog\/wp-json\/wp\/v2\/posts\/766\/revisions"}],"wp:attachment":[{"href":"https:\/\/www.keinblatt.de\/blog\/wp-json\/wp\/v2\/media?parent=766"}],"wp:term":[{"taxonomy":"category","embeddable":true,"href":"https:\/\/www.keinblatt.de\/blog\/wp-json\/wp\/v2\/categories?post=766"},{"taxonomy":"post_tag","embeddable":true,"href":"https:\/\/www.keinblatt.de\/blog\/wp-json\/wp\/v2\/tags?post=766"}],"curies":[{"name":"wp","href":"https:\/\/api.w.org\/{rel}","templated":true}]}}