{"id":687,"date":"2014-04-08T13:11:35","date_gmt":"2014-04-08T11:11:35","guid":{"rendered":"http:\/\/www.keinblatt.de\/blog\/?p=687"},"modified":"2020-02-26T02:46:55","modified_gmt":"2020-02-26T01:46:55","slug":"eugh-kippt-vorratsdatenspeicherung-vds-regierung-sieht-darin-bedrohung-und-will-vds-einfuehren","status":"publish","type":"post","link":"https:\/\/www.keinblatt.de\/blog\/eugh-kippt-vorratsdatenspeicherung-vds-regierung-sieht-darin-bedrohung-und-will-vds-einfuehren\/","title":{"rendered":"EuGH kippt Vorratsdatenspeicherung (VDS) \u2013 Regierung sieht darin Bedrohung und will VDS einf\u00fchren"},"content":{"rendered":"<figure id=\"attachment_326\" aria-describedby=\"caption-attachment-326\" style=\"width: 225px\" class=\"wp-caption alignleft\"><a href=\"https:\/\/www.keinblatt.de\/blog\/wp-content\/uploads\/2013\/10\/2393972910_0e3fff950f_b.jpg\"><img loading=\"lazy\" decoding=\"async\" class=\"size-medium wp-image-326\" src=\"https:\/\/www.keinblatt.de\/blog\/wp-content\/uploads\/2013\/10\/2393972910_0e3fff950f_b-225x300.jpg\" alt=\"Rechenzentrum\" width=\"225\" height=\"300\" srcset=\"https:\/\/www.keinblatt.de\/blog\/wp-content\/uploads\/2013\/10\/2393972910_0e3fff950f_b-225x300.jpg 225w, https:\/\/www.keinblatt.de\/blog\/wp-content\/uploads\/2013\/10\/2393972910_0e3fff950f_b-624x832.jpg 624w, https:\/\/www.keinblatt.de\/blog\/wp-content\/uploads\/2013\/10\/2393972910_0e3fff950f_b.jpg 768w\" sizes=\"auto, (max-width: 225px) 100vw, 225px\" \/><\/a><figcaption id=\"caption-attachment-326\" class=\"wp-caption-text\">Diese Maschinen d\u00fcrfen bald wieder ganz offiziell die Verkehrsdaten s\u00e4mtlicher B\u00fcrger speichern, speichern und noch mal speichern, wenn es nach dem Willen der Bundesregierung geht. Foto: <a href=\"https:\/\/www.flickr.com\/photos\/habi\/2393972910\/in\/set-72157604412687598\/\" target=\"_blank\">David Haberth\u00fcr<\/a> \/ Lizenz: <a href=\"https:\/\/creativecommons.org\/licenses\/by-nc\/2.0\/\" target=\"_blank\">CC BY-NC 2.0<\/a><\/figcaption><\/figure>\n<p>Der Europ\u00e4ische Gerichtshof (EuGH) hat entschieden: Die EU-Richtrichtlinie zur Vorratsdatenspeicherung (VDS) verst\u00f6\u00dft gegen Grundrechte, da alle B\u00fcrger ohne Anlass und ohne konkreten Verdacht st\u00e4ndig \u00fcberwacht w\u00fcrden. Bei den B\u00fcrgern k\u00f6nne das Gef\u00fchl erzeugt werden, dass ihr Privatleben st\u00e4ndig unter \u00dcberwachung stehe, so das Gericht. Damit sei die Richtlinie zur Vorratsdatenspeicherung nicht mit dem europ\u00e4ischen Recht vereinbar. Die Richter lassen aber Hintert\u00fcren offen, bei Bedrohungen etwa k\u00f6nnen Daten gespeichert werden, wenn die Verh\u00e4ltnism\u00e4\u00dfigkeit gewahrt werde und die Speicherung sich auf das absolut Notwendige beschr\u00e4nke.<\/p>\n<p>Die Vorratsdatenspeicherung ist derzeit in Deutschland offiziell ausgesetzt, weil das deutsche Gesetz zur Vorratsdatenspeicherung teilweise vom Bundesverfassungsgericht kassiert worden war. Die Bundesregierung konnte sich noch nicht auf ein neues Gesetz einigen. Vor allem Bundesjustizminister Heiko Maas (SPD) wollte erst die Entscheidung des EuGH abwarten.<\/p>\n<p>F\u00fcr manche mag es jetzt \u00fcberraschend sein, dass die Bundesregierung trotz des EuGH-Entscheids an der verdachtsunabh\u00e4ngigen, fl\u00e4chendeckenden, undifferenzierten und generellen Vorratsdatenspeicherung festhalten will. Wie die keinblatt.de-Redaktion aus vertraulichen Kreisen erfuhr, sieht Bundesinnenminister Thomas de Maizi\u00e8re (CDU) ausgerechnet in dem Entscheid des EuGH eine globale Bedrohung.<\/p>\n<h3>Paradox: Das EuGH-Urteil schafft eine neue Bedrohung, die wiederum die generelle\u00a0Vorhaltung aller Daten erm\u00f6glicht<\/h3>\n<p>Wenn Verkehrsdaten nicht generell und ohne Anlass aufgezeichnet w\u00fcrden, erleichtere dies in Zukunft die Begehung schwerster Straftaten. Terroristen, Raubkopiererm\u00f6rder, Kindersch\u00e4nder, Abofallenbetreiber und Webseitenbetreiber mit schlampigem Impressum h\u00e4tten also leichtes Spiel. Die sich daraus ergebene Bedrohung rechtfertige daher eben doch die anlasslose Vorhaltung aller Daten, so ein Informant. Das Paradoxe sei, dass das im Grunde genommen abweisende Urteil den Weg zur allgemeinen Vorratsdatenspeicherung weise. In einigen Wochen soll ein neues Gesetz zur Vorratsdatenspeicherung vorgelegt werden.<img loading=\"lazy\" decoding=\"async\" src=\"https:\/\/ssl-vg03.met.vgwort.de\/na\/61f3aef22bd445228173e67d001ff2a6\" alt=\"\" width=\"1\" height=\"1\" \/><\/p>\n","protected":false},"excerpt":{"rendered":"<p>Der Europ\u00e4ische Gerichtshof (EuGH) hat entschieden: Die EU-Richtrichtlinie zur Vorratsdatenspeicherung (VDS) verst\u00f6\u00dft gegen Grundrechte, da alle B\u00fcrger ohne Anlass und ohne konkreten Verdacht st\u00e4ndig \u00fcberwacht w\u00fcrden. Bei den B\u00fcrgern k\u00f6nne das Gef\u00fchl erzeugt werden, dass ihr Privatleben st\u00e4ndig unter \u00dcberwachung stehe, so das Gericht. Damit sei die Richtlinie zur Vorratsdatenspeicherung nicht mit dem europ\u00e4ischen Recht [&hellip;]<\/p>\n","protected":false},"author":1,"featured_media":0,"comment_status":"open","ping_status":"open","sticky":false,"template":"","format":"standard","meta":{"footnotes":""},"categories":[7,6],"tags":[955,364,250,333],"class_list":["post-687","post","type-post","status-publish","format-standard","hentry","category-kriminalitat","category-politik","tag-eugh","tag-heiko-maas","tag-thomas-de-maiziere","tag-vorratsdatenspeicherung"],"_links":{"self":[{"href":"https:\/\/www.keinblatt.de\/blog\/wp-json\/wp\/v2\/posts\/687","targetHints":{"allow":["GET"]}}],"collection":[{"href":"https:\/\/www.keinblatt.de\/blog\/wp-json\/wp\/v2\/posts"}],"about":[{"href":"https:\/\/www.keinblatt.de\/blog\/wp-json\/wp\/v2\/types\/post"}],"author":[{"embeddable":true,"href":"https:\/\/www.keinblatt.de\/blog\/wp-json\/wp\/v2\/users\/1"}],"replies":[{"embeddable":true,"href":"https:\/\/www.keinblatt.de\/blog\/wp-json\/wp\/v2\/comments?post=687"}],"version-history":[{"count":0,"href":"https:\/\/www.keinblatt.de\/blog\/wp-json\/wp\/v2\/posts\/687\/revisions"}],"wp:attachment":[{"href":"https:\/\/www.keinblatt.de\/blog\/wp-json\/wp\/v2\/media?parent=687"}],"wp:term":[{"taxonomy":"category","embeddable":true,"href":"https:\/\/www.keinblatt.de\/blog\/wp-json\/wp\/v2\/categories?post=687"},{"taxonomy":"post_tag","embeddable":true,"href":"https:\/\/www.keinblatt.de\/blog\/wp-json\/wp\/v2\/tags?post=687"}],"curies":[{"name":"wp","href":"https:\/\/api.w.org\/{rel}","templated":true}]}}