{"id":684,"date":"2014-04-06T15:07:50","date_gmt":"2014-04-06T13:07:50","guid":{"rendered":"http:\/\/www.keinblatt.de\/blog\/?p=684"},"modified":"2020-03-11T17:42:04","modified_gmt":"2020-03-11T16:42:04","slug":"cdu-will-macht-des-bundesverfassungsgerichts-so-weit-beschneiden-dass-auch-keine-klage-gegen-diese-beschneidung-moeglich-ist","status":"publish","type":"post","link":"https:\/\/www.keinblatt.de\/blog\/cdu-will-macht-des-bundesverfassungsgerichts-so-weit-beschneiden-dass-auch-keine-klage-gegen-diese-beschneidung-moeglich-ist\/","title":{"rendered":"CDU will Macht des Bundesverfassungs&shy;gerichts so weit beschneiden, dass auch keine Klage gegen diese Beschneidung m\u00f6glich ist"},"content":{"rendered":"<figure id=\"attachment_685\" aria-describedby=\"caption-attachment-685\" style=\"width: 606px\" class=\"wp-caption alignnone\"><a href=\"https:\/\/www.keinblatt.de\/blog\/wp-content\/uploads\/2014\/04\/606px-Bundesarchiv_B_145_Bild-F083315-0001_Karlsruhe_Bundesverfassungsgericht_Richter.jpg\"><img loading=\"lazy\" decoding=\"async\" class=\"size-full wp-image-685\" src=\"https:\/\/www.keinblatt.de\/blog\/wp-content\/uploads\/2014\/04\/606px-Bundesarchiv_B_145_Bild-F083315-0001_Karlsruhe_Bundesverfassungsgericht_Richter.jpg\" alt=\"Bundesverfassungsrichter\" width=\"606\" height=\"599\" srcset=\"https:\/\/www.keinblatt.de\/blog\/wp-content\/uploads\/2014\/04\/606px-Bundesarchiv_B_145_Bild-F083315-0001_Karlsruhe_Bundesverfassungsgericht_Richter.jpg 606w, https:\/\/www.keinblatt.de\/blog\/wp-content\/uploads\/2014\/04\/606px-Bundesarchiv_B_145_Bild-F083315-0001_Karlsruhe_Bundesverfassungsgericht_Richter-300x296.jpg 300w\" sizes=\"auto, (max-width: 606px) 100vw, 606px\" \/><\/a><figcaption id=\"caption-attachment-685\" class=\"wp-caption-text\">Bundesverfassungsrichter: Bald ohne Z\u00e4hne? Foto: <a href=\"https:\/\/commons.wikimedia.org\/wiki\/File:Bundesarchiv_B_145_Bild-F083315-0001,_Karlsruhe,_Bundesverfassungsgericht,_Richter.jpg\" target=\"_blank\">Lothar Schaack<\/a> \/ Lizenz: <a href=\"https:\/\/creativecommons.org\/licenses\/by-sa\/3.0\/de\/deed.en\" target=\"_blank\">CC BY-SA 3.0 DE<\/a><\/figcaption><\/figure>\n<p>Konservativen Politkern von CDU\/CSU ist das Bundesverfassungsgericht zu m\u00e4chtig und zu liberal. Der Einfluss der Karlsruher Richter sei so gro\u00df, dass die Gesellschaft St\u00fcck f\u00fcr St\u00fcck liberalisiert werde, ist aus Kreisen ver\u00e4rgerter Parlamentarierer zu h\u00f6ren.<\/p>\n<p>Das Bundesverfassungsgericht habe daf\u00fcr gesorgt, dass das Ehegattensplitting auf homosexuelle Paare ausgeweitet und deren Adoptionsrechte gest\u00e4rkt worden seien. Auch die Dreiprozenth\u00fcrde bei der Europawahl sei von den Richtern in Karlsruhe gekippt worden. Das gehe zu weit und schade der Union und damit vor allem dem ganzen Lande.<\/p>\n<p><a href=\"https:\/\/www.spiegel.de\/politik\/deutschland\/cdu-will-rechte-des-bundesverfassungsgerichts-beschraenken-a-962804.html\" target=\"_blank\" rel=\"noopener noreferrer\">Daher planen CDU und CSU, die Rechte der Richter in Karlsruhe zu reduzieren.<\/a> Diese Beschneidung der Macht soll so weit gehen, dass auch beim Bundesverfassungsgericht und auch an\u00adde\u00adren\u00adorts keine Klage gegen diese Beschneidung m\u00f6glich sein wird.<\/p>\n<p>Ein alter Taschenspielertrick, von dem sogar hundertprozentige Demokraten wie der t\u00fcrkische Ministerpr\u00e4sident Recep Tayyip Erdo\u011fan und der liebe nordkoreanische F\u00fchrer Kim Jong-Un noch etwas lernen k\u00f6nnen.<\/p>\n","protected":false},"excerpt":{"rendered":"<p>Konservativen Politkern von CDU\/CSU ist das Bundesverfassungsgericht zu m\u00e4chtig und zu liberal. Der Einfluss der Karlsruher Richter sei so gro\u00df, dass die Gesellschaft St\u00fcck f\u00fcr St\u00fcck liberalisiert werde, ist aus Kreisen ver\u00e4rgerter Parlamentarierer zu h\u00f6ren. Das Bundesverfassungsgericht habe daf\u00fcr gesorgt, dass das Ehegattensplitting auf homosexuelle Paare ausgeweitet und deren Adoptionsrechte gest\u00e4rkt worden seien. Auch die [&hellip;]<\/p>\n","protected":false},"author":1,"featured_media":0,"comment_status":"open","ping_status":"open","sticky":false,"template":"","format":"standard","meta":{"footnotes":""},"categories":[2,6],"tags":[387,388],"class_list":["post-684","post","type-post","status-publish","format-standard","hentry","category-gesellschaftliches","category-politik","tag-bundesverfassungsgericht","tag-karlsruhe"],"_links":{"self":[{"href":"https:\/\/www.keinblatt.de\/blog\/wp-json\/wp\/v2\/posts\/684","targetHints":{"allow":["GET"]}}],"collection":[{"href":"https:\/\/www.keinblatt.de\/blog\/wp-json\/wp\/v2\/posts"}],"about":[{"href":"https:\/\/www.keinblatt.de\/blog\/wp-json\/wp\/v2\/types\/post"}],"author":[{"embeddable":true,"href":"https:\/\/www.keinblatt.de\/blog\/wp-json\/wp\/v2\/users\/1"}],"replies":[{"embeddable":true,"href":"https:\/\/www.keinblatt.de\/blog\/wp-json\/wp\/v2\/comments?post=684"}],"version-history":[{"count":0,"href":"https:\/\/www.keinblatt.de\/blog\/wp-json\/wp\/v2\/posts\/684\/revisions"}],"wp:attachment":[{"href":"https:\/\/www.keinblatt.de\/blog\/wp-json\/wp\/v2\/media?parent=684"}],"wp:term":[{"taxonomy":"category","embeddable":true,"href":"https:\/\/www.keinblatt.de\/blog\/wp-json\/wp\/v2\/categories?post=684"},{"taxonomy":"post_tag","embeddable":true,"href":"https:\/\/www.keinblatt.de\/blog\/wp-json\/wp\/v2\/tags?post=684"}],"curies":[{"name":"wp","href":"https:\/\/api.w.org\/{rel}","templated":true}]}}