{"id":658,"date":"2014-03-26T17:08:02","date_gmt":"2014-03-26T16:08:02","guid":{"rendered":"http:\/\/www.keinblatt.de\/blog\/?p=658"},"modified":"2015-06-01T00:29:38","modified_gmt":"2015-05-31T22:29:38","slug":"uebermacht-des-fc-bayern-bundesliga-wird-um-3-europaeische-mannschaften-erweitert","status":"publish","type":"post","link":"https:\/\/www.keinblatt.de\/blog\/uebermacht-des-fc-bayern-bundesliga-wird-um-3-europaeische-mannschaften-erweitert\/","title":{"rendered":"\u00dcbermacht des FC Bayern \u2013 Bundesliga wird um 3 europ\u00e4ische Mannschaften erweitert"},"content":{"rendered":"<figure id=\"attachment_659\" aria-describedby=\"caption-attachment-659\" style=\"width: 300px\" class=\"wp-caption alignleft\"><a href=\"https:\/\/www.keinblatt.de\/blog\/wp-content\/uploads\/2014\/03\/J\u00fcrgen_Klopp_Saarbr\u00fccken_by_Fotosaar.jpg\"><img loading=\"lazy\" decoding=\"async\" class=\"size-medium wp-image-659\" src=\"https:\/\/www.keinblatt.de\/blog\/wp-content\/uploads\/2014\/03\/J\u00fcrgen_Klopp_Saarbr\u00fccken_by_Fotosaar-300x204.jpg\" alt=\"J\u00fcrgen Klopp\" width=\"300\" height=\"204\" srcset=\"https:\/\/www.keinblatt.de\/blog\/wp-content\/uploads\/2014\/03\/J\u00fcrgen_Klopp_Saarbr\u00fccken_by_Fotosaar-300x204.jpg 300w, https:\/\/www.keinblatt.de\/blog\/wp-content\/uploads\/2014\/03\/J\u00fcrgen_Klopp_Saarbr\u00fccken_by_Fotosaar-624x425.jpg 624w, https:\/\/www.keinblatt.de\/blog\/wp-content\/uploads\/2014\/03\/J\u00fcrgen_Klopp_Saarbr\u00fccken_by_Fotosaar.jpg 700w\" sizes=\"auto, (max-width: 300px) 100vw, 300px\" \/><\/a><figcaption id=\"caption-attachment-659\" class=\"wp-caption-text\">J\u00fcrgen Klopp findet die neue Regelung &#8222;g\u2026g\u2026geil&#8220;. Foto: <a href=\"https:\/\/commons.wikimedia.org\/wiki\/File:J%C3%BCrgen_Klopp_Saarbr%C3%BCcken_by_Fotosaar.jpg?uselang=de\" target=\"_blank\">J\u00fcrgen Jung, Fotosaar<\/a> \/ Lizenz: <a href=\"https:\/\/creativecommons.org\/licenses\/by-sa\/2.0\/de\/deed.de\" target=\"_blank\">CC BY-SA 2.0 DE<\/a><\/figcaption><\/figure>\n<p>Der FC Bayern M\u00fcnchen hat sich gestern bereits vorzeitig den Titel des Deutschen Meisters gesichert. Bereits sieben Spiele vor Saisonschluss kann der Rekordmeister von seinen Verfolgern nicht einmal mehr mathematisch eingeholt werden, spielerisch erst recht nicht. Ein neuer Rekord. Spannung sieht anders aus. Um die Bundesliga wieder attraktiver zu machen und auch um zu demonstrieren, dass Europa eine zusammengeh\u00f6rige gro\u00dfe Familie ist, werden ab der n\u00e4chsten Saison drei weitere Mannschaften in der Deutschen Bundesliga spielen. Das gab heute der Ligaverband bekannt.<\/p>\n<p>Zus\u00e4tzlich aufgenommen werden die besten drei nichtdeutschen Mannschaften aus dem UEFA Champions League Viertelfinale. F\u00fcr die n\u00e4chste Bundesligasaison k\u00f6nnte dies beispielsweise bedeuten, dass der FC Barcelona, Real Madrid und Manchester United zur Bundesliga dazusto\u00dfen. Wer es genau sein wird, wird erst am 9. April feststehen, da dann das Viertelfinale komplett ausgetragen sein wird.<\/p>\n<p>Die entsprechenden Clubs werden in ihren Heimatl\u00e4ndern von den nationalen Ligen freigestellt, um ihre dortige \u00dcbermacht zu beschr\u00e4nken und die heimatlichen Ligen wieder spannender zu machen. Die Qualifikation der drei ausl\u00e4ndischen Bundesliga-Mannschaften erfolgt dann ganz regul\u00e4r \u00fcber ihre Qualifikation innerhalb der deutschen Bundesliga. Wer die Qualifikation nicht schafft, steigt in seine alte nationale Liga ab.<\/p>\n<p>Die Heimspiele der drei ausl\u00e4ndischen Mannschaften finden selbstverst\u00e4ndlich in ihren Heimatstadien statt. Durch die erwarteten Reisen deutscher Fans ins europ\u00e4ische Ausland sollen letztlich auch die geschundenen Tourismusregionen angekurbelt werden. Die Erweiterung von 34 auf 40 Spieltage bringt au\u00dferdem noch mehr Fu\u00dfball in die immer noch nicht ges\u00e4ttigte deutsche Fu\u00dfballlandschaft.<\/p>\n<p>In einer ersten Stellungnahme begr\u00fc\u00dft FC Bayern-Trainer Pep Guardiola die neue Regelung. Damit finde er eine neue Herausforderung, n\u00e4mlich der erste Deutsche Meister der neuen 21er-Bundesliga zu werden und dabei m\u00f6glichst auch noch das Triple zu holen.<\/p>\n<p>Auch von anderen deutschen Mannschaften kam viel Lob. BVB-Trainer J\u00fcrgen Klopp meint, jetzt st\u00fcnde ab der Saison 2014\/2015 nicht mehr der FC Bayern als Deutscher Meister quasi schon vorher fest, was ein erheblicher Fortschritt sei.<img loading=\"lazy\" decoding=\"async\" class=\"vg\" src=\"https:\/\/ssl-vg03.met.vgwort.de\/na\/92686354acf24b97a8f1ddc9b415b6fc\" alt=\"\" width=\"1\" height=\"1\" \/><\/p>\n","protected":false},"excerpt":{"rendered":"<p>Der FC Bayern M\u00fcnchen hat sich gestern bereits vorzeitig den Titel des Deutschen Meisters gesichert. Bereits sieben Spiele vor Saisonschluss kann der Rekordmeister von seinen Verfolgern nicht einmal mehr mathematisch eingeholt werden, spielerisch erst recht nicht. Ein neuer Rekord. Spannung sieht anders aus. Um die Bundesliga wieder attraktiver zu machen und auch um zu demonstrieren, [&hellip;]<\/p>\n","protected":false},"author":1,"featured_media":0,"comment_status":"open","ping_status":"open","sticky":false,"template":"","format":"standard","meta":{"footnotes":""},"categories":[18],"tags":[143,142,144],"class_list":["post-658","post","type-post","status-publish","format-standard","hentry","category-sport","tag-bundesliga","tag-fc-bayern","tag-fussball"],"_links":{"self":[{"href":"https:\/\/www.keinblatt.de\/blog\/wp-json\/wp\/v2\/posts\/658","targetHints":{"allow":["GET"]}}],"collection":[{"href":"https:\/\/www.keinblatt.de\/blog\/wp-json\/wp\/v2\/posts"}],"about":[{"href":"https:\/\/www.keinblatt.de\/blog\/wp-json\/wp\/v2\/types\/post"}],"author":[{"embeddable":true,"href":"https:\/\/www.keinblatt.de\/blog\/wp-json\/wp\/v2\/users\/1"}],"replies":[{"embeddable":true,"href":"https:\/\/www.keinblatt.de\/blog\/wp-json\/wp\/v2\/comments?post=658"}],"version-history":[{"count":0,"href":"https:\/\/www.keinblatt.de\/blog\/wp-json\/wp\/v2\/posts\/658\/revisions"}],"wp:attachment":[{"href":"https:\/\/www.keinblatt.de\/blog\/wp-json\/wp\/v2\/media?parent=658"}],"wp:term":[{"taxonomy":"category","embeddable":true,"href":"https:\/\/www.keinblatt.de\/blog\/wp-json\/wp\/v2\/categories?post=658"},{"taxonomy":"post_tag","embeddable":true,"href":"https:\/\/www.keinblatt.de\/blog\/wp-json\/wp\/v2\/tags?post=658"}],"curies":[{"name":"wp","href":"https:\/\/api.w.org\/{rel}","templated":true}]}}