{"id":629,"date":"2014-03-13T11:00:32","date_gmt":"2014-03-13T10:00:32","guid":{"rendered":"http:\/\/www.keinblatt.de\/blog\/?p=629"},"modified":"2015-06-12T21:32:59","modified_gmt":"2015-06-12T19:32:59","slug":"urteil-im-fall-hoeness-3-jahre-14-wochen-haft-gericht-folgt-pi-mal-daumen-schaetzung","status":"publish","type":"post","link":"https:\/\/www.keinblatt.de\/blog\/urteil-im-fall-hoeness-3-jahre-14-wochen-haft-gericht-folgt-pi-mal-daumen-schaetzung\/","title":{"rendered":"Urteil im Fall Hoene\u00df: 3 Jahre, 14 Wochen Haft! Gericht folgt Pi-mal-Daumen-Sch\u00e4tzung"},"content":{"rendered":"<figure id=\"attachment_630\" aria-describedby=\"caption-attachment-630\" style=\"width: 254px\" class=\"wp-caption alignleft\"><a href=\"https:\/\/www.keinblatt.de\/blog\/wp-content\/uploads\/2014\/03\/508px-Uli_Hoene\u00df_2503.jpg\"><img loading=\"lazy\" decoding=\"async\" class=\"size-medium wp-image-630\" src=\"https:\/\/www.keinblatt.de\/blog\/wp-content\/uploads\/2014\/03\/508px-Uli_Hoene\u00df_2503-254x300.jpg\" alt=\"Uli Hoene\u00df\" width=\"254\" height=\"300\" srcset=\"https:\/\/www.keinblatt.de\/blog\/wp-content\/uploads\/2014\/03\/508px-Uli_Hoene\u00df_2503-254x300.jpg 254w, https:\/\/www.keinblatt.de\/blog\/wp-content\/uploads\/2014\/03\/508px-Uli_Hoene\u00df_2503.jpg 508w\" sizes=\"auto, (max-width: 254px) 100vw, 254px\" \/><\/a><figcaption id=\"caption-attachment-630\" class=\"wp-caption-text\">Uli Hoene\u00df hat eine soziale Ader, durch die Rot-Wei\u00df flie\u00dft. Foto: <a href=\"https:\/\/commons.wikimedia.org\/wiki\/File:Uli_Hoene%C3%9F_2503.jpg\" target=\"_blank\">Harald Bischoff<\/a> \/ Lizenz: <a href=\"https:\/\/creativecommons.org\/licenses\/by-sa\/3.0\/deed.en\" target=\"_blank\">CC BY-SA 3.0<\/a><\/figcaption><\/figure>\n<p>Das Landgericht M\u00fcnchen II hat heute Uli Hoene\u00df wegen Steuerhinterziehung zu 3 Jahren, 14 Wochen Haft verurteilt. Eine haftbefreiende Geldstrafe sei nicht m\u00f6glich gewesen, da seine Selbstanzeige nicht vollst\u00e4ndig und damit unwirksam gewesen sei, so aus der Urteilsbegr\u00fcndung. Strafmildernd habe sich das Lebenswerk Hoene\u00df` ausgewirkt, so das Gericht, da Hoene\u00df eine soziale Ader habe und Bed\u00fcrftige beschenkt habe \u2013 allerdings mit Geld, das nicht versteuert worden war, aber gleichzeitig als Spende von der Steuer abgesetzt worden sei. Auch die Selbstanzeige, die faktisch ein Gest\u00e4ndnis sei, sei ber\u00fccksichtigt worden. Entsprechend sei man deutlich unter der H\u00f6chststrafe von 10 Jahren geblieben.<\/p>\n<p>Der Vorwurf, der bereits gestern durch den Bl\u00e4tterwald raschelte, ist, dass das Gericht kein Interesse mehr an einer genauen Aufkl\u00e4rung habe, was die H\u00f6he der Steuerschuld angehe, und sich mit der Pi-mal-Daumen-Sch\u00e4tzung von 27,2 Millionen Euro zufriedengebe, obwohl der Betrag m\u00f6glicherweise noch viel h\u00f6her sei. Das Gericht wolle also zu einem Ende kommen, bevor am Ende noch mehr rauskomme. Salopp gesagt, machten sie kurzen Prozess mit Hoene\u00df.<\/p>\n<h3>3 Jahre, 14 Wochen Haft<\/h3>\n<figure id=\"attachment_631\" aria-describedby=\"caption-attachment-631\" style=\"width: 300px\" class=\"wp-caption alignright\"><a href=\"https:\/\/www.keinblatt.de\/blog\/wp-content\/uploads\/2014\/03\/691px-Pi-CM.svg_.jpg\"><img loading=\"lazy\" decoding=\"async\" class=\"size-medium wp-image-631\" src=\"https:\/\/www.keinblatt.de\/blog\/wp-content\/uploads\/2014\/03\/691px-Pi-CM.svg_-300x239.jpg\" alt=\"Pi\" width=\"300\" height=\"239\" srcset=\"https:\/\/www.keinblatt.de\/blog\/wp-content\/uploads\/2014\/03\/691px-Pi-CM.svg_-300x239.jpg 300w, https:\/\/www.keinblatt.de\/blog\/wp-content\/uploads\/2014\/03\/691px-Pi-CM.svg_-624x497.jpg 624w, https:\/\/www.keinblatt.de\/blog\/wp-content\/uploads\/2014\/03\/691px-Pi-CM.svg_.jpg 691w\" sizes=\"auto, (max-width: 300px) 100vw, 300px\" \/><\/a><figcaption id=\"caption-attachment-631\" class=\"wp-caption-text\">Die Kreiszahl Pi. Sie ist irrational, so wie die Handlung so manchen Steuerbetr\u00fcgers, und sie ist transzendent, was im gottesf\u00fcrchtigen Bayern nicht ganz unwichtig ist<\/figcaption><\/figure>\n<p>Auff\u00e4llig ist nun, dass die Haftstrafe mit 3 Jahren, 14 Wochen zumindest numerologisch sehr nahe an der Kreiszahl Pi liegt.<\/p>\n<p>Hoene\u00df wird aber kaum f\u00fcr knapp \u00fcber 3 Jahre in Haft bleiben m\u00fcssen. Bereits nach Verb\u00fc\u00dfung von zwei Dritteln der Haftzeit wird die Strafe meist zur Bew\u00e4hrung ausgesetzt. Ebenso k\u00f6nnte nach fr\u00fchestens einem Drittel Haftzeit Hoene\u00df Freigang einger\u00e4umt werden, er m\u00fcsste dann nur noch zum Schlafen in den Knast.<\/p>\n<p>Au\u00dferdem ist davon auszugehen, dass Hoene\u00df in Revision geht. Bis dahin wird er sehr wahrscheinlich auf freiem Fu\u00df bleiben, da der Haftbefehl gegen ihn ja ausgesetzt worden war.<img loading=\"lazy\" decoding=\"async\" class=\"vg\" src=\"https:\/\/ssl-vg03.met.vgwort.de\/na\/cd87332e332c4968bd2845a4d9f720c4\" alt=\"\" width=\"1\" height=\"1\" \/><\/p>\n<h3>Update (14.03., 11:00)<\/h3>\n<p>Hoene\u00df verzichtet \u00fcberraschend nun doch auf eine Revision. Er tritt mit sofortiger Wirkung von allen \u00c4mtern zur\u00fcck.<\/p>\n","protected":false},"excerpt":{"rendered":"<p>Das Landgericht M\u00fcnchen II hat heute Uli Hoene\u00df wegen Steuerhinterziehung zu 3 Jahren, 14 Wochen Haft verurteilt. Eine haftbefreiende Geldstrafe sei nicht m\u00f6glich gewesen, da seine Selbstanzeige nicht vollst\u00e4ndig und damit unwirksam gewesen sei, so aus der Urteilsbegr\u00fcndung. Strafmildernd habe sich das Lebenswerk Hoene\u00df` ausgewirkt, so das Gericht, da Hoene\u00df eine soziale Ader habe und [&hellip;]<\/p>\n","protected":false},"author":1,"featured_media":0,"comment_status":"open","ping_status":"open","sticky":false,"template":"","format":"standard","meta":{"footnotes":""},"categories":[7,6,18],"tags":[142,444,174,171],"class_list":["post-629","post","type-post","status-publish","format-standard","hentry","category-kriminalitat","category-politik","category-sport","tag-fc-bayern","tag-gefaengnis","tag-gerichtsprozess","tag-uli-hoeness"],"_links":{"self":[{"href":"https:\/\/www.keinblatt.de\/blog\/wp-json\/wp\/v2\/posts\/629","targetHints":{"allow":["GET"]}}],"collection":[{"href":"https:\/\/www.keinblatt.de\/blog\/wp-json\/wp\/v2\/posts"}],"about":[{"href":"https:\/\/www.keinblatt.de\/blog\/wp-json\/wp\/v2\/types\/post"}],"author":[{"embeddable":true,"href":"https:\/\/www.keinblatt.de\/blog\/wp-json\/wp\/v2\/users\/1"}],"replies":[{"embeddable":true,"href":"https:\/\/www.keinblatt.de\/blog\/wp-json\/wp\/v2\/comments?post=629"}],"version-history":[{"count":0,"href":"https:\/\/www.keinblatt.de\/blog\/wp-json\/wp\/v2\/posts\/629\/revisions"}],"wp:attachment":[{"href":"https:\/\/www.keinblatt.de\/blog\/wp-json\/wp\/v2\/media?parent=629"}],"wp:term":[{"taxonomy":"category","embeddable":true,"href":"https:\/\/www.keinblatt.de\/blog\/wp-json\/wp\/v2\/categories?post=629"},{"taxonomy":"post_tag","embeddable":true,"href":"https:\/\/www.keinblatt.de\/blog\/wp-json\/wp\/v2\/tags?post=629"}],"curies":[{"name":"wp","href":"https:\/\/api.w.org\/{rel}","templated":true}]}}