{"id":608,"date":"2014-03-05T13:18:27","date_gmt":"2014-03-05T12:18:27","guid":{"rendered":"http:\/\/www.keinblatt.de\/blog\/?p=608"},"modified":"2015-06-16T00:41:58","modified_gmt":"2015-06-15T22:41:58","slug":"fasching-in-muenchen-das-waren-die-hoehepunkte","status":"publish","type":"post","link":"https:\/\/www.keinblatt.de\/blog\/fasching-in-muenchen-das-waren-die-hoehepunkte\/","title":{"rendered":"Fasching in M\u00fcnchen \u2013  das waren die H\u00f6hepunkte"},"content":{"rendered":"<figure id=\"attachment_609\" aria-describedby=\"caption-attachment-609\" style=\"width: 427px\" class=\"wp-caption alignleft\"><img loading=\"lazy\" decoding=\"async\" class=\"size-full wp-image-609\" src=\"https:\/\/www.keinblatt.de\/blog\/wp-content\/uploads\/2014\/03\/11828846305_dfb51c610f_o.jpg\" alt=\"Karneval\" width=\"427\" height=\"640\" srcset=\"https:\/\/www.keinblatt.de\/blog\/wp-content\/uploads\/2014\/03\/11828846305_dfb51c610f_o.jpg 427w, https:\/\/www.keinblatt.de\/blog\/wp-content\/uploads\/2014\/03\/11828846305_dfb51c610f_o-200x300.jpg 200w\" sizes=\"auto, (max-width: 427px) 100vw, 427px\" \/><figcaption id=\"caption-attachment-609\" class=\"wp-caption-text\">Karnewas? Foto: <a href=\"https:\/\/www.flickr.com\/photos\/72213316@N00\/11828846305\/\" target=\"_blank\">Frank Kovalchek<\/a> \/ Lizenz: <a href=\"https:\/\/creativecommons.org\/licenses\/by\/2.0\/\" target=\"_blank\">CC BY 2.0<\/a><\/figcaption><\/figure>\n<p>W\u00e4hrend sich Karneval, Fastnacht, Fasching oder wie der Bl\u00f6dsinn noch genannt wird, sich immer noch gro\u00dfer Beliebtheit in Deutschland erfreuen, sieht es in der autonomen Republik Bayern ganz anders aus.<\/p>\n<p>Speziell in der Landeshauptstadt M\u00fcnchen gehen die Faschingsaktivit\u00e4ten leider immer weiter zur\u00fcck.<\/p>\n<p>Dennoch bringt keinblatt.de wie jedes Jahr in sch\u00f6nster Tradition die Highlights aus M\u00fcnchen.<\/p>\n<p>Das waren die H\u00f6hepunkte des M\u00fcnchner Faschings:<\/p>\n","protected":false},"excerpt":{"rendered":"<p>W\u00e4hrend sich Karneval, Fastnacht, Fasching oder wie der Bl\u00f6dsinn noch genannt wird, sich immer noch gro\u00dfer Beliebtheit in Deutschland erfreuen, sieht es in der autonomen Republik Bayern ganz anders aus. Speziell in der Landeshauptstadt M\u00fcnchen gehen die Faschingsaktivit\u00e4ten leider immer weiter zur\u00fcck. Dennoch bringt keinblatt.de wie jedes Jahr in sch\u00f6nster Tradition die Highlights aus M\u00fcnchen. [&hellip;]<\/p>\n","protected":false},"author":1,"featured_media":0,"comment_status":"open","ping_status":"open","sticky":false,"template":"","format":"standard","meta":{"footnotes":""},"categories":[26],"tags":[649,264],"class_list":["post-608","post","type-post","status-publish","format-standard","hentry","category-braeuche","tag-fasching","tag-muenchen"],"_links":{"self":[{"href":"https:\/\/www.keinblatt.de\/blog\/wp-json\/wp\/v2\/posts\/608","targetHints":{"allow":["GET"]}}],"collection":[{"href":"https:\/\/www.keinblatt.de\/blog\/wp-json\/wp\/v2\/posts"}],"about":[{"href":"https:\/\/www.keinblatt.de\/blog\/wp-json\/wp\/v2\/types\/post"}],"author":[{"embeddable":true,"href":"https:\/\/www.keinblatt.de\/blog\/wp-json\/wp\/v2\/users\/1"}],"replies":[{"embeddable":true,"href":"https:\/\/www.keinblatt.de\/blog\/wp-json\/wp\/v2\/comments?post=608"}],"version-history":[{"count":0,"href":"https:\/\/www.keinblatt.de\/blog\/wp-json\/wp\/v2\/posts\/608\/revisions"}],"wp:attachment":[{"href":"https:\/\/www.keinblatt.de\/blog\/wp-json\/wp\/v2\/media?parent=608"}],"wp:term":[{"taxonomy":"category","embeddable":true,"href":"https:\/\/www.keinblatt.de\/blog\/wp-json\/wp\/v2\/categories?post=608"},{"taxonomy":"post_tag","embeddable":true,"href":"https:\/\/www.keinblatt.de\/blog\/wp-json\/wp\/v2\/tags?post=608"}],"curies":[{"name":"wp","href":"https:\/\/api.w.org\/{rel}","templated":true}]}}