{"id":593,"date":"2014-02-25T23:27:38","date_gmt":"2014-02-25T22:27:38","guid":{"rendered":"http:\/\/www.keinblatt.de\/blog\/?p=593"},"modified":"2019-12-29T23:41:17","modified_gmt":"2019-12-29T22:41:17","slug":"polizei-warnt-vor-gefaehrlichem-aberglauben-narren-bloedeln-sich-den-winter-weg","status":"publish","type":"post","link":"https:\/\/www.keinblatt.de\/blog\/polizei-warnt-vor-gefaehrlichem-aberglauben-narren-bloedeln-sich-den-winter-weg\/","title":{"rendered":"Polizei warnt vor gef\u00e4hrlichem Aberglauben: Narren bl\u00f6deln sich den Winter weg"},"content":{"rendered":"<figure id=\"attachment_597\" aria-describedby=\"caption-attachment-597\" style=\"width: 300px\" class=\"wp-caption alignleft\"><a href=\"https:\/\/www.keinblatt.de\/blog\/wp-content\/uploads\/2014\/02\/7092590919_76af3e26ab_b.jpg\"><img loading=\"lazy\" decoding=\"async\" class=\"size-medium wp-image-597\" src=\"https:\/\/www.keinblatt.de\/blog\/wp-content\/uploads\/2014\/02\/7092590919_76af3e26ab_b-300x200.jpg\" alt=\"Fasching\" width=\"300\" height=\"200\" srcset=\"https:\/\/www.keinblatt.de\/blog\/wp-content\/uploads\/2014\/02\/7092590919_76af3e26ab_b-300x200.jpg 300w, https:\/\/www.keinblatt.de\/blog\/wp-content\/uploads\/2014\/02\/7092590919_76af3e26ab_b-624x416.jpg 624w, https:\/\/www.keinblatt.de\/blog\/wp-content\/uploads\/2014\/02\/7092590919_76af3e26ab_b.jpg 1024w\" sizes=\"auto, (max-width: 300px) 100vw, 300px\" \/><\/a><figcaption id=\"caption-attachment-597\" class=\"wp-caption-text\">Das ist ja ein Ding \u2013 Fasching! Foto: <a href=\"https:\/\/www.flickr.com\/photos\/laakirchen\/7092590919\/\" target=\"_blank\">Stadtgemeinde Laakirchen<\/a> \/ Lizenz: <a href=\"https:\/\/creativecommons.org\/licenses\/by-nc-nd\/2.0\/\" target=\"_blank\">CC BY-NC-ND 2.0<\/a><\/figcaption><\/figure>\n<p>Diese Tage macht sich wie jedes Jahr eine gef\u00e4hrliche Unsitte breit: Der Karneval, auch als <em>Fastnacht<\/em> oder <em>Fasching<\/em> bekannt, der Inbegriff des verordneten Frohsinns, steuert seinem H\u00f6hepunkt entgegen. Die Polizei warnt vor akuter Verbl\u00f6dungsgefahr durch Karnevalsveranstaltungen, in denen sogenannte B\u00fcttenredner grottenschlechte Witze in Gedichtform und sonstigen Unsinn vorlallen, die mit einem peinlichen Tusch markiert werden, damit der Applaus richtig einsetzt. Die B\u00fcttenrede selbst wird wie passend mit einem Narrenruf, je nach Region etwa &#8222;Helau\u201c oder &#8222;Alaaf&#8220;, abgeschlossen. Es wird aber auch seitens der Polizei vor Alkoholmissbrauch bis zur Bewusstlosigkeit, vor Geh\u00f6rsch\u00e4den durch kreischende Narren in l\u00e4cherlichen Verkleidungen, vor Kopfverletzungen durch Kamellen-Wurfgeschosse bei Karnevalsz\u00fcgen sowie vor Schunkeln bis zum Absterben der letzten Gehirnzellen und Vollkoma gewarnt.<\/p>\n<p>Dabei entspringt der riskante und sinnlose Brauch der Urfurcht des fr\u00fchen Menschen, dass der Winter nie weichen und der Fr\u00fchling nie wiederkehren werde. Als Kobolde, Geister oder furchterregende Gestalten verkleidet liefen seinerzeit die Menschen durch die Gegend und schlugen wie verr\u00fcckt mit Holzst\u00f6cken herum und machten mit Rasseln sowie sonstigen nervt\u00f6tenden Apparaturen Krach, um den Winter zu vertreiben.<\/p>\n<p>Heute wei\u00df man es besser, weder der liebe Gott pers\u00f6nlich noch irgendwelche Wetterg\u00f6tter oder Geister legen den Schalter um, um f\u00fcr h\u00f6here Temperaturen zu sorgen. Das besorgte fr\u00fcher die Natur ganz ohne Ansto\u00df, heute hilft der Industriemensch mit seinen CO<sub>2<\/sub>-Emissionen nach, damit die Winter sch\u00f6n milde ausfallen und immer k\u00fcrzer werden. Das ist dann noch etwas effektiver als der alberne Karneval.<\/p>\n<p>Der vorchristliche Brauch aber blieb bis heute, was f\u00fcr eine Schande f\u00fcr die aufgekl\u00e4rte Internet-Gesellschaft! Auch ist es \u00e4u\u00dferst bedenklich, dass sich sogar ganze St\u00e4dte ausnahmslos durch den abergl\u00e4ubischen Karneval definieren. Der K\u00f6lner etwa lebt f\u00fcr und durch den Karneval, er <em>ist<\/em> der Karneval. Ab dem Aschermittwoch arbeitet er schon mental am kommenden Karneval und \u00fcberbr\u00fcckt die Zeit bis zum 11. November, 11:11, mit einem K\u00f6lsch. Und mit noch einem K\u00f6lsch. Und mit noch einem weiteren, um dann wieder von vorne zu beginnen, solange die Leber noch kann.<\/p>\n<p>Man kann nur an die Intelligenz appellieren, damit die Menschen sich einmal mit etwas Sinnvollem besch\u00e4ftigen. Etwa einem Kirchenaustritt, der Suche nach dem Sinn des Lebens oder dem Aufsp\u00fcren des Heiligen Grals. Letzterer bringt dann zumindest dem ehrlichen Finder ein kleines Verm\u00f6gen. Helau!<img loading=\"lazy\" decoding=\"async\" class=\"vg\" src=\"https:\/\/ssl-vg03.met.vgwort.de\/na\/1350d7613aba4a6990156ddc3adc79f6\" alt=\"\" width=\"1\" height=\"1\" \/><\/p>\n","protected":false},"excerpt":{"rendered":"<p>Diese Tage macht sich wie jedes Jahr eine gef\u00e4hrliche Unsitte breit: Der Karneval, auch als Fastnacht oder Fasching bekannt, der Inbegriff des verordneten Frohsinns, steuert seinem H\u00f6hepunkt entgegen. Die Polizei warnt vor akuter Verbl\u00f6dungsgefahr durch Karnevalsveranstaltungen, in denen sogenannte B\u00fcttenredner grottenschlechte Witze in Gedichtform und sonstigen Unsinn vorlallen, die mit einem peinlichen Tusch markiert werden, [&hellip;]<\/p>\n","protected":false},"author":1,"featured_media":0,"comment_status":"open","ping_status":"open","sticky":false,"template":"","format":"standard","meta":{"footnotes":""},"categories":[26],"tags":[702,649,2294,486,765],"class_list":["post-593","post","type-post","status-publish","format-standard","hentry","category-braeuche","tag-aberglaube","tag-fasching","tag-hoerschaden","tag-karneval","tag-winter"],"_links":{"self":[{"href":"https:\/\/www.keinblatt.de\/blog\/wp-json\/wp\/v2\/posts\/593","targetHints":{"allow":["GET"]}}],"collection":[{"href":"https:\/\/www.keinblatt.de\/blog\/wp-json\/wp\/v2\/posts"}],"about":[{"href":"https:\/\/www.keinblatt.de\/blog\/wp-json\/wp\/v2\/types\/post"}],"author":[{"embeddable":true,"href":"https:\/\/www.keinblatt.de\/blog\/wp-json\/wp\/v2\/users\/1"}],"replies":[{"embeddable":true,"href":"https:\/\/www.keinblatt.de\/blog\/wp-json\/wp\/v2\/comments?post=593"}],"version-history":[{"count":0,"href":"https:\/\/www.keinblatt.de\/blog\/wp-json\/wp\/v2\/posts\/593\/revisions"}],"wp:attachment":[{"href":"https:\/\/www.keinblatt.de\/blog\/wp-json\/wp\/v2\/media?parent=593"}],"wp:term":[{"taxonomy":"category","embeddable":true,"href":"https:\/\/www.keinblatt.de\/blog\/wp-json\/wp\/v2\/categories?post=593"},{"taxonomy":"post_tag","embeddable":true,"href":"https:\/\/www.keinblatt.de\/blog\/wp-json\/wp\/v2\/tags?post=593"}],"curies":[{"name":"wp","href":"https:\/\/api.w.org\/{rel}","templated":true}]}}