{"id":582,"date":"2014-02-20T20:48:43","date_gmt":"2014-02-20T19:48:43","guid":{"rendered":"http:\/\/www.keinblatt.de\/blog\/?p=582"},"modified":"2025-04-02T21:09:22","modified_gmt":"2025-04-02T19:09:22","slug":"affaere-edathy-duden-nimmt-kein-kommentar-ja-in-synonymwoerterbuch-auf","status":"publish","type":"post","link":"https:\/\/www.keinblatt.de\/blog\/affaere-edathy-duden-nimmt-kein-kommentar-ja-in-synonymwoerterbuch-auf\/","title":{"rendered":"Edathy-Aff\u00e4re \u2013 Duden nimmt &#8222;Kein Kommentar!&#8220; = &#8222;Ja&#8220; in Synonymw\u00f6rterbuch auf"},"content":{"rendered":"<figure id=\"attachment_583\" aria-describedby=\"caption-attachment-583\" style=\"width: 300px\" class=\"wp-caption alignleft\"><a href=\"https:\/\/www.keinblatt.de\/blog\/wp-content\/uploads\/2014\/02\/614px-Thomas_Oppermann_neu.jpg\"><img loading=\"lazy\" decoding=\"async\" class=\"size-medium wp-image-583\" src=\"https:\/\/www.keinblatt.de\/blog\/wp-content\/uploads\/2014\/02\/614px-Thomas_Oppermann_neu-300x292.jpg\" alt=\"Thomas Oppermann\" width=\"300\" height=\"292\" srcset=\"https:\/\/www.keinblatt.de\/blog\/wp-content\/uploads\/2014\/02\/614px-Thomas_Oppermann_neu-300x292.jpg 300w, https:\/\/www.keinblatt.de\/blog\/wp-content\/uploads\/2014\/02\/614px-Thomas_Oppermann_neu.jpg 614w\" sizes=\"auto, (max-width: 300px) 100vw, 300px\" \/><\/a><figcaption id=\"caption-attachment-583\" class=\"wp-caption-text\">Thomas Oppermann, der\u00a0SPD-Bundestagsfraktionsvorsitzende, steht auch unter Beschuss. Foto: <a href=\"https:\/\/commons.wikimedia.org\/wiki\/File:Thomas_Oppermann_neu.jpg\" target=\"_blank\">Gerd Aschoff<\/a> \/ Lizenz: <a href=\"https:\/\/creativecommons.org\/licenses\/by-sa\/3.0\/deed.en\" target=\"_blank\">CC BY-SA 3.0<\/a><\/figcaption><\/figure>\n<p>Die Edathy-Aff\u00e4re (<a href=\"https:\/\/www.keinblatt.de\/blog\/edathy-affaere-strafen-fuer-kinderpornografie-werden-verschaerft-kika-wird-fuer-erwachsene-verboten\/\">keinblatt.de berichtete<\/a>) nimmt nun auch Einfluss auf die deutsche Sprache. Der Hintergrund: Der Bundestagsfraktionsvorsitzende Thomas Oppermann (SPD) hatte beim Bundeskriminalamtspr\u00e4sidenten J\u00f6rg Ziercke (SPD) telefonisch nachgefragt, ob es richtig sei, dass gegen Sebastian Edathy (SPD) wegen Verdachts auf Kauf von Fotos mit kinderpornografischen Darstellungen ermittelt werde. Oppermann soll aus SPD-Kreisen dar\u00fcber Kenntnis erlangt haben. Urspr\u00fcnglich stammt die Information vom inzwischen zur\u00fcckgetretenen Bundeslandwirtschaftsminister Hans-Peter-Friedrich (CSU), der als fr\u00fcherer Bundesinnenminister vom Bundeskriminalamt \u00fcber den Vorgang informiert worden war.<\/p>\n<p>Nach dem gegenw\u00e4rtigen Stand soll Ziercke in dem Gespr\u00e4ch mit Oppermann dazu keinen Kommentar abgegeben haben, was ja vielsagend ist und kein Dementi darstellt. Oppermann deutete das dabei als Zustimmung.<\/p>\n<p>Inzwischen hat der FDP-Fraktionsvorsitzende Wolfgang Kubicki (der nette Herr, der so gerne redet) bei der Staatsanwaltschaft Strafanzeigewegen gegen Oppermann und Ziercke erstattet. Der Vorwurf lautet Verletzung von Dienstgeheimnissen.<\/p>\n<p>Der Duden-Verlag will nun in den Duden, Band 8, dem Synonymw\u00f6rterbuch, den Eintrag &#8222;Kein Kommentar!&#8220; mit der Entsprechung &#8222;Ja&#8220; aufnehmen.<\/p>\n<p>&#8222;Wir haben schon seit Menschengedenken ein gutes Synonym f\u00fcr &#8218;Kein Kommentar!&#8216; gesucht&#8220;, sagte ein Verlagssprecher der keinblatt.de-Redaktion. Bislang kenne man nur Synonyme wie &#8222;Ich bin durch mit der Nummer&#8220;, &#8222;Ich sage nichts&#8220; und &#8222;Klappe zu, Affe tot!&#8220;. Dass es so einfach sein k\u00f6nne, ein schlichtes &#8222;ja&#8220;, so ein kurzes kurzes urdeutsches Wort, dass die L\u00f6sung so einfach und pr\u00e4gnant sei, h\u00e4tte man nicht gedacht.<\/p>\n<blockquote><p><strong>Kein Kommentar<\/strong>!<br \/>\n<span style=\"letter-spacing: 0.1em;\">Synonyme<\/span>: 1) Ja\u00a0 2) Ich sage nichts 3) Klappe zu, Affe tot! (ugs.)\u00a0 4) Ich bin durch mit der Nummer (ugs.)<br \/>\n<span style=\"letter-spacing: 0.1em;\">Antonyme:<\/span> Nein<img loading=\"lazy\" decoding=\"async\" class=\"vg\" src=\"https:\/\/ssl-vg03.met.vgwort.de\/na\/bfc578b4155745ccb9260804790e861d\" alt=\"\" width=\"1\" height=\"1\" \/><\/p><\/blockquote>\n","protected":false},"excerpt":{"rendered":"<p>Die Edathy-Aff\u00e4re (keinblatt.de berichtete) nimmt nun auch Einfluss auf die deutsche Sprache. Der Hintergrund: Der Bundestagsfraktionsvorsitzende Thomas Oppermann (SPD) hatte beim Bundeskriminalamtspr\u00e4sidenten J\u00f6rg Ziercke (SPD) telefonisch nachgefragt, ob es richtig sei, dass gegen Sebastian Edathy (SPD) wegen Verdachts auf Kauf von Fotos mit kinderpornografischen Darstellungen ermittelt werde. Oppermann soll aus SPD-Kreisen dar\u00fcber Kenntnis erlangt haben. [&hellip;]<\/p>\n","protected":false},"author":1,"featured_media":0,"comment_status":"open","ping_status":"open","sticky":false,"template":"","format":"standard","meta":{"footnotes":""},"categories":[2,7,5,6,20],"tags":[652,651,211,653,650],"class_list":["post-582","post","type-post","status-publish","format-standard","hentry","category-gesellschaftliches","category-kriminalitat","category-medien","category-politik","category-sprachliches","tag-duden","tag-joerg-ziercke","tag-sebastian-edathy","tag-synonyme","tag-thomas-oppermann"],"_links":{"self":[{"href":"https:\/\/www.keinblatt.de\/blog\/wp-json\/wp\/v2\/posts\/582","targetHints":{"allow":["GET"]}}],"collection":[{"href":"https:\/\/www.keinblatt.de\/blog\/wp-json\/wp\/v2\/posts"}],"about":[{"href":"https:\/\/www.keinblatt.de\/blog\/wp-json\/wp\/v2\/types\/post"}],"author":[{"embeddable":true,"href":"https:\/\/www.keinblatt.de\/blog\/wp-json\/wp\/v2\/users\/1"}],"replies":[{"embeddable":true,"href":"https:\/\/www.keinblatt.de\/blog\/wp-json\/wp\/v2\/comments?post=582"}],"version-history":[{"count":0,"href":"https:\/\/www.keinblatt.de\/blog\/wp-json\/wp\/v2\/posts\/582\/revisions"}],"wp:attachment":[{"href":"https:\/\/www.keinblatt.de\/blog\/wp-json\/wp\/v2\/media?parent=582"}],"wp:term":[{"taxonomy":"category","embeddable":true,"href":"https:\/\/www.keinblatt.de\/blog\/wp-json\/wp\/v2\/categories?post=582"},{"taxonomy":"post_tag","embeddable":true,"href":"https:\/\/www.keinblatt.de\/blog\/wp-json\/wp\/v2\/tags?post=582"}],"curies":[{"name":"wp","href":"https:\/\/api.w.org\/{rel}","templated":true}]}}