{"id":580,"date":"2014-02-19T14:48:44","date_gmt":"2014-02-19T13:48:44","guid":{"rendered":"http:\/\/www.keinblatt.de\/blog\/?p=580"},"modified":"2015-06-18T01:18:36","modified_gmt":"2015-06-17T23:18:36","slug":"gelber-engel-geht-an-friedrich-merkels-kruecken-auf-platz-zwei","status":"publish","type":"post","link":"https:\/\/www.keinblatt.de\/blog\/gelber-engel-geht-an-friedrich-merkels-kruecken-auf-platz-zwei\/","title":{"rendered":"Gelber Engel geht an Friedrich \u2013 Merkels Kr\u00fccken auf Platz zwei"},"content":{"rendered":"<figure id=\"attachment_1002\" aria-describedby=\"caption-attachment-1002\" style=\"width: 300px\" class=\"wp-caption alignleft\"><a href=\"https:\/\/www.keinblatt.de\/blog\/wp-content\/uploads\/2014\/02\/Hans-Peter_Friedrich_0299.jpg\"><img loading=\"lazy\" decoding=\"async\" class=\"size-medium wp-image-1002\" src=\"https:\/\/www.keinblatt.de\/blog\/wp-content\/uploads\/2014\/02\/Hans-Peter_Friedrich_0299-300x197.jpg\" alt=\"Hans-Peter Friedrich \" width=\"300\" height=\"197\" srcset=\"https:\/\/www.keinblatt.de\/blog\/wp-content\/uploads\/2014\/02\/Hans-Peter_Friedrich_0299-300x197.jpg 300w, https:\/\/www.keinblatt.de\/blog\/wp-content\/uploads\/2014\/02\/Hans-Peter_Friedrich_0299-1024x673.jpg 1024w, https:\/\/www.keinblatt.de\/blog\/wp-content\/uploads\/2014\/02\/Hans-Peter_Friedrich_0299-624x410.jpg 624w, https:\/\/www.keinblatt.de\/blog\/wp-content\/uploads\/2014\/02\/Hans-Peter_Friedrich_0299-900x592.jpg 900w, https:\/\/www.keinblatt.de\/blog\/wp-content\/uploads\/2014\/02\/Hans-Peter_Friedrich_0299.jpg 1920w\" sizes=\"auto, (max-width: 300px) 100vw, 300px\" \/><\/a><figcaption id=\"caption-attachment-1002\" class=\"wp-caption-text\">Erst Bundesinnenminister, dann Bundeslandwirtschaftsminister, dann Blitzr\u00fccktritt und nun Auto des Jahres: Hans-Peter Friedrich. Foto: <a href=\"https:\/\/commons.wikimedia.org\/wiki\/File:Hans-Peter_Friedrich_0299.jpg\" target=\"_blank\">Michael Lucan<\/a> \/ Lizenz: <a href=\"https:\/\/creativecommons.org\/licenses\/by-sa\/3.0\/deed.en\" target=\"_blank\">CC BY-SA 3.0<\/a><\/figcaption><\/figure>\n<p>Der wegen der Edathy-Aff\u00e4re zur\u00fcckgetretene Bundeslandwirtschaftsminister Hans-Peter Friedrich (CSU) ist vom ADAC mit dem Gelben Engel 2014 ausgezeichnet worden. Er landete auf dem ersten Platz. Der ADAC lobte Friedrichs hohe Geschwindigkeit beim R\u00fccktritt und den sparsamen Verbrauch. Denn Politiker seines Schlags geben sich mit zwei Litern Bier, einer Leberk\u00e4ssemmel oder einem Paar Wei\u00dfw\u00fcrsten mit Brezen und zehn Tassen Filterkaffee pro Tag zufrieden. Manchmal schlucken sie aber auch mehr.<\/p>\n<p>Beobachter gehen davon aus, dass sich der ADAC bei Friedrich daf\u00fcr bedanken wollte, dass man durch seinen schnellen R\u00fccktritt aus den Negativschlagzeilen geriet und die Aufmerksamkeit auf die Krise in der Bundesregierung gelenkt wurde.<\/p>\n<p>Auf Platz zwei f\u00fcr den Gelben Engel landeten Angela Merkels Kr\u00fccken. Der ADAC lobte, dass die Unterarmgehst\u00fctzen (der politisch korrekte Ausdruck f\u00fcr <em>Kr\u00fccken<\/em>) der Bundeskanzlerin nicht nur keinen Treibstoff ben\u00f6tigten, sondern auch keine Emissionen h\u00e4tten, von der Herstellung einmal abgesehen. Selbst der Abrieb der Benutzung, der Feinstaub erzeugt, sei minimal.<\/p>\n<p>Den dritten Platz nimmt die australische Hardrockband AC\/DC ein. Die Abk\u00fcrzung steht ja bekanntlich f\u00fcr Wechselstrom\/Gleichstrom (Alternating Current\/Direct Current). Man wolle elektrische Antriebe f\u00f6rdern und habe sich daher f\u00fcr AC\/DC entschieden, so ein ADAC-Sprecher. Insider spekulieren aber, dass die witzige Namens\u00e4hnlichkeit zwischen ADAC und AC\/DC den letztendlichen Ausschlag f\u00fcr die Platzierung gab.<\/p>\n<p>Automobile wurden dieses Mal keine pr\u00e4miert, obwohl ja stets &#8222;Das Auto des Jahres&#8220; gew\u00e4hlt wird. Dies hat einen einfachen Grund: Kein Autohersteller nimmt derzeit Preise vom ADAC an. Die bislang verliehenen Gelben Engel wurden sogar von einigen Herstellern zur\u00fcckgegeben. ADAC-Mitglieder durften dieses Mal nicht mitstimmen, da man mit einer eher geringen Beteiligung rechne und nat\u00fcrlich nicht erneut einfach Stimmen dazuerfinden wolle, so der ADAC-Sprecher.<img loading=\"lazy\" decoding=\"async\" class=\"vg\" src=\"https:\/\/ssl-vg03.met.vgwort.de\/na\/15031ecfab6245a6b61419d666a70004\" alt=\"\" width=\"1\" height=\"1\" \/><\/p>\n","protected":false},"excerpt":{"rendered":"<p>Der wegen der Edathy-Aff\u00e4re zur\u00fcckgetretene Bundeslandwirtschaftsminister Hans-Peter Friedrich (CSU) ist vom ADAC mit dem Gelben Engel 2014 ausgezeichnet worden. Er landete auf dem ersten Platz. Der ADAC lobte Friedrichs hohe Geschwindigkeit beim R\u00fccktritt und den sparsamen Verbrauch. Denn Politiker seines Schlags geben sich mit zwei Litern Bier, einer Leberk\u00e4ssemmel oder einem Paar Wei\u00dfw\u00fcrsten mit Brezen [&hellip;]<\/p>\n","protected":false},"author":1,"featured_media":0,"comment_status":"open","ping_status":"open","sticky":false,"template":"","format":"standard","meta":{"footnotes":""},"categories":[7,6,9],"tags":[293,235,95,292,291],"class_list":["post-580","post","type-post","status-publish","format-standard","hentry","category-kriminalitat","category-politik","category-verkehr","tag-acdc","tag-adac","tag-angela-merkel","tag-gelber-engel","tag-hans-peter-friedrich"],"_links":{"self":[{"href":"https:\/\/www.keinblatt.de\/blog\/wp-json\/wp\/v2\/posts\/580","targetHints":{"allow":["GET"]}}],"collection":[{"href":"https:\/\/www.keinblatt.de\/blog\/wp-json\/wp\/v2\/posts"}],"about":[{"href":"https:\/\/www.keinblatt.de\/blog\/wp-json\/wp\/v2\/types\/post"}],"author":[{"embeddable":true,"href":"https:\/\/www.keinblatt.de\/blog\/wp-json\/wp\/v2\/users\/1"}],"replies":[{"embeddable":true,"href":"https:\/\/www.keinblatt.de\/blog\/wp-json\/wp\/v2\/comments?post=580"}],"version-history":[{"count":0,"href":"https:\/\/www.keinblatt.de\/blog\/wp-json\/wp\/v2\/posts\/580\/revisions"}],"wp:attachment":[{"href":"https:\/\/www.keinblatt.de\/blog\/wp-json\/wp\/v2\/media?parent=580"}],"wp:term":[{"taxonomy":"category","embeddable":true,"href":"https:\/\/www.keinblatt.de\/blog\/wp-json\/wp\/v2\/categories?post=580"},{"taxonomy":"post_tag","embeddable":true,"href":"https:\/\/www.keinblatt.de\/blog\/wp-json\/wp\/v2\/tags?post=580"}],"curies":[{"name":"wp","href":"https:\/\/api.w.org\/{rel}","templated":true}]}}