{"id":566,"date":"2014-02-12T17:10:27","date_gmt":"2014-02-12T16:10:27","guid":{"rendered":"http:\/\/www.keinblatt.de\/blog\/?p=566"},"modified":"2015-06-19T02:13:35","modified_gmt":"2015-06-19T00:13:35","slug":"neuer-skandal-adac-hochhaus-nur-eine-faelschung-es-ist-ein-hologramm","status":"publish","type":"post","link":"https:\/\/www.keinblatt.de\/blog\/neuer-skandal-adac-hochhaus-nur-eine-faelschung-es-ist-ein-hologramm\/","title":{"rendered":"Neuer Skandal \u2013 ADAC-Hochhaus nur eine F\u00e4lschung \u2013 es ist ein Hologramm"},"content":{"rendered":"<figure id=\"attachment_567\" aria-describedby=\"caption-attachment-567\" style=\"width: 217px\" class=\"wp-caption alignleft\"><a href=\"https:\/\/www.keinblatt.de\/blog\/wp-content\/uploads\/2014\/02\/Hansastr._ADAC-Hochhaus_Muenchen-1-2_cropped.jpg\"><img loading=\"lazy\" decoding=\"async\" class=\"size-medium wp-image-567\" src=\"https:\/\/www.keinblatt.de\/blog\/wp-content\/uploads\/2014\/02\/Hansastr._ADAC-Hochhaus_Muenchen-1-2_cropped-217x300.jpg\" alt=\"ADAC-Hochhaus\" width=\"217\" height=\"300\" srcset=\"https:\/\/www.keinblatt.de\/blog\/wp-content\/uploads\/2014\/02\/Hansastr._ADAC-Hochhaus_Muenchen-1-2_cropped-217x300.jpg 217w, https:\/\/www.keinblatt.de\/blog\/wp-content\/uploads\/2014\/02\/Hansastr._ADAC-Hochhaus_Muenchen-1-2_cropped.jpg 434w\" sizes=\"auto, (max-width: 217px) 100vw, 217px\" \/><\/a><figcaption id=\"caption-attachment-567\" class=\"wp-caption-text\">Nur eine plumpe Lichtinstallation: das ADAC-Hochhaus in M\u00fcnchen. Foto: <a href=\"https:\/\/commons.wikimedia.org\/wiki\/File:Hansastr._ADAC-Hochhaus_Muenchen-1-2_cropped.jpg\" target=\"_blank\">Rufus46<\/a> \/ Lizenz: <a href=\"https:\/\/creativecommons.org\/licenses\/by-sa\/3.0\/deed.en\" target=\"_blank\">CC BY-SA 3.0<\/a><\/figcaption><\/figure>\n<p>Die Liste der F\u00e4lschungen beim ADAC wird immer l\u00e4nger, das Ausma\u00df immer dramatischer. Erst war bekannt geworden, dass bei der Wahl zum Auto des Jahres (Gelber Engel) nicht nur die Stimmen hochgerechnet, sondern auch Platzierungen\u00a0vertauscht wurden. Ein BMW-Modell wanderte von Platz 7 auf Platz 5, weil sonst unter den ersten f\u00fcnf Platzierungen keine vom Autobauer BMW gewesen w\u00e4re, der wie auch der ADAC seinen Konzernsitz in M\u00fcnchen hat.<\/p>\n<p>Nun gibt es einen neuen schweren Vorwurf. Auch bei dem ADAC-Hochhaus in M\u00fcnchen Sendling (siehe Foto) soll es sich um eine plumpe F\u00e4lschung handeln. In Wirklichkeit befindet sich auf dem Grundst\u00fcck nur ein riesiger Parkplatz, auf dem einige Projektoren installiert sind, die ein t\u00e4uschend echtes Hologramm des Hochhauses erzeugen. Das Haus besteht somit lediglich aus Licht.<\/p>\n<p>Besuchern war bereits mehrfach aufgefallen, dass sie niemals weiterkamen als bis zur Pforte. Mit fadenscheinigen Begr\u00fcndungen wurde ihnen der Zugang zur ADAC Motorwelt-Redaktion und zu anderen Bereichen verwehrt. Ein Besucher etwa, der mit der Redaktion sprechen wollte, wurde in ein heruntergekommenes Geb\u00e4ude vor den Toren M\u00fcnchens gelotst (siehe Foto), in dem heute ausnahmsweise die Redaktion konferieren w\u00fcrde.<\/p>\n<figure id=\"attachment_568\" aria-describedby=\"caption-attachment-568\" style=\"width: 300px\" class=\"wp-caption alignright\"><a href=\"https:\/\/www.keinblatt.de\/blog\/wp-content\/uploads\/2014\/02\/800px-ADAC_\u00dcbungsplatz_Travering.jpg\"><img loading=\"lazy\" decoding=\"async\" class=\"size-medium wp-image-568\" src=\"https:\/\/www.keinblatt.de\/blog\/wp-content\/uploads\/2014\/02\/800px-ADAC_\u00dcbungsplatz_Travering-300x168.jpg\" alt=\"ADAC\" width=\"300\" height=\"168\" srcset=\"https:\/\/www.keinblatt.de\/blog\/wp-content\/uploads\/2014\/02\/800px-ADAC_\u00dcbungsplatz_Travering-300x168.jpg 300w, https:\/\/www.keinblatt.de\/blog\/wp-content\/uploads\/2014\/02\/800px-ADAC_\u00dcbungsplatz_Travering-624x351.jpg 624w, https:\/\/www.keinblatt.de\/blog\/wp-content\/uploads\/2014\/02\/800px-ADAC_\u00dcbungsplatz_Travering.jpg 800w\" sizes=\"auto, (max-width: 300px) 100vw, 300px\" \/><\/a><figcaption id=\"caption-attachment-568\" class=\"wp-caption-text\">Tats\u00e4chlich arbeiten die ADAC-Mitarbeiter in verteilten, schlichten Geb\u00e4uden wie diesem hier. Foto: <a href=\"https:\/\/commons.wikimedia.org\/wiki\/File:ADAC_%C3%9Cbungsplatz_Travering.jpg\" target=\"_blank\">Thiemo Schuff<\/a> \/ Lizenz: <a href=\"https:\/\/creativecommons.org\/licenses\/by-sa\/3.0\/de\/deed.en\" target=\"_blank\">CC BY-SA 3.0 DE<\/a><\/figcaption><\/figure>\n<p>Ein kurzer Stromausfall gestern Nachmittag brachte dann Gewissheit. Das ADAC-Hochhaus war f\u00fcr Minuten verschwunden, um dann wieder schlagartig aufzutauchen, als der Strom wieder einsetzte. Offenbar sprang aus irgendwelchen Gr\u00fcnden das Notstromaggregat nicht an.<\/p>\n<p>Jetzt stellt sich die Frage, in welche dunklen Kan\u00e4le die Gelder f\u00fcr den Bau des Hochhauses geflossen sind. Hier gibt es noch einiges aufzukl\u00e4ren. keinblatt.de bleibt am Thema dran.<img loading=\"lazy\" decoding=\"async\" class=\"vg\" src=\"https:\/\/ssl-vg03.met.vgwort.de\/na\/7699ffecc07f40a4a43163c6b0377407\" alt=\"\" width=\"1\" height=\"1\" \/><\/p>\n","protected":false},"excerpt":{"rendered":"<p>Die Liste der F\u00e4lschungen beim ADAC wird immer l\u00e4nger, das Ausma\u00df immer dramatischer. Erst war bekannt geworden, dass bei der Wahl zum Auto des Jahres (Gelber Engel) nicht nur die Stimmen hochgerechnet, sondern auch Platzierungen\u00a0vertauscht wurden. Ein BMW-Modell wanderte von Platz 7 auf Platz 5, weil sonst unter den ersten f\u00fcnf Platzierungen keine vom Autobauer [&hellip;]<\/p>\n","protected":false},"author":1,"featured_media":0,"comment_status":"open","ping_status":"open","sticky":false,"template":"","format":"standard","meta":{"footnotes":""},"categories":[7,9],"tags":[235,292,510,290],"class_list":["post-566","post","type-post","status-publish","format-standard","hentry","category-kriminalitat","category-verkehr","tag-adac","tag-gelber-engel","tag-hologramm","tag-statistikfaelschung"],"_links":{"self":[{"href":"https:\/\/www.keinblatt.de\/blog\/wp-json\/wp\/v2\/posts\/566","targetHints":{"allow":["GET"]}}],"collection":[{"href":"https:\/\/www.keinblatt.de\/blog\/wp-json\/wp\/v2\/posts"}],"about":[{"href":"https:\/\/www.keinblatt.de\/blog\/wp-json\/wp\/v2\/types\/post"}],"author":[{"embeddable":true,"href":"https:\/\/www.keinblatt.de\/blog\/wp-json\/wp\/v2\/users\/1"}],"replies":[{"embeddable":true,"href":"https:\/\/www.keinblatt.de\/blog\/wp-json\/wp\/v2\/comments?post=566"}],"version-history":[{"count":0,"href":"https:\/\/www.keinblatt.de\/blog\/wp-json\/wp\/v2\/posts\/566\/revisions"}],"wp:attachment":[{"href":"https:\/\/www.keinblatt.de\/blog\/wp-json\/wp\/v2\/media?parent=566"}],"wp:term":[{"taxonomy":"category","embeddable":true,"href":"https:\/\/www.keinblatt.de\/blog\/wp-json\/wp\/v2\/categories?post=566"},{"taxonomy":"post_tag","embeddable":true,"href":"https:\/\/www.keinblatt.de\/blog\/wp-json\/wp\/v2\/tags?post=566"}],"curies":[{"name":"wp","href":"https:\/\/api.w.org\/{rel}","templated":true}]}}