{"id":561,"date":"2014-02-11T17:01:43","date_gmt":"2014-02-11T16:01:43","guid":{"rendered":"http:\/\/www.keinblatt.de\/blog\/?p=561"},"modified":"2015-05-22T20:48:51","modified_gmt":"2015-05-22T18:48:51","slug":"versetzung-ins-ausland-tebartz-van-elst-wird-bischof-von-neuschwabenland","status":"publish","type":"post","link":"https:\/\/www.keinblatt.de\/blog\/versetzung-ins-ausland-tebartz-van-elst-wird-bischof-von-neuschwabenland\/","title":{"rendered":"Versetzung ins Ausland: Tebartz-van Elst wird Bischof von Neuschwabenland"},"content":{"rendered":"<figure id=\"attachment_330\" aria-describedby=\"caption-attachment-330\" style=\"width: 199px\" class=\"wp-caption alignleft\"><a href=\"https:\/\/www.keinblatt.de\/blog\/wp-content\/uploads\/2013\/11\/7306910550_1bc888c5f8_b.jpg\"><img loading=\"lazy\" decoding=\"async\" class=\"size-medium wp-image-330\" src=\"https:\/\/www.keinblatt.de\/blog\/wp-content\/uploads\/2013\/11\/7306910550_1bc888c5f8_b-199x300.jpg\" alt=\"Bischof Tebartz-van Elst\" width=\"199\" height=\"300\" srcset=\"https:\/\/www.keinblatt.de\/blog\/wp-content\/uploads\/2013\/11\/7306910550_1bc888c5f8_b-199x300.jpg 199w, https:\/\/www.keinblatt.de\/blog\/wp-content\/uploads\/2013\/11\/7306910550_1bc888c5f8_b-624x938.jpg 624w, https:\/\/www.keinblatt.de\/blog\/wp-content\/uploads\/2013\/11\/7306910550_1bc888c5f8_b.jpg 681w\" sizes=\"auto, (max-width: 199px) 100vw, 199px\" \/><\/a><figcaption id=\"caption-attachment-330\" class=\"wp-caption-text\">Bischof Tebartz-van Elst: An seinen neuen Spitznamen Tabartz-van Eis muss er sich noch gew\u00f6hnen. Foto: <a href=\"https:\/\/www.flickr.com\/photos\/catechista2punto0\/7306910550\/\" target=\"_blank\">CATECHISTA 2.0<\/a> \/ Lizenz: <a href=\"https:\/\/creativecommons.org\/licenses\/by-nc-sa\/2.0\/\" target=\"_blank\">CC BY-NC-SA 2.0<\/a><\/figcaption><\/figure>\n<p>Die Entscheidung ist gefallen. Der umstrittene Limburger Bischof Franz-Peter Tebartz-van Elst wird ins Ausland versetzt. Er \u00fcbernimmt das bereits seit L\u00e4ngerem nicht besetzte Bistum Neuschwabenland in der Ostantarktika (siehe Karte). Papst Franziskus hofft, dass Tebartz-van Elst nun lernt, sich in Bescheidenheit zu \u00fcben.<\/p>\n<p>Die \u00fcberschaubare Anzahl dort lebender Katholiken und die imposante Landschaft w\u00fcrden daf\u00fcr sorgen, dass der Bischof nun die wahren Werte der Sch\u00f6pfung erkenne, so Papst Franziskus. Auch der Name <em>Neuschwabenland<\/em> passe, da die Schwaben ja als sparsam gelten.<\/p>\n<figure id=\"attachment_564\" aria-describedby=\"caption-attachment-564\" style=\"width: 300px\" class=\"wp-caption alignright\"><a href=\"https:\/\/www.keinblatt.de\/blog\/wp-content\/uploads\/2014\/02\/742px-Neuschwabenland_Geo.jpg\"><img loading=\"lazy\" decoding=\"async\" class=\"size-medium wp-image-564\" src=\"https:\/\/www.keinblatt.de\/blog\/wp-content\/uploads\/2014\/02\/742px-Neuschwabenland_Geo-300x242.jpg\" alt=\"Karte Neuschwabenland\" width=\"300\" height=\"242\" srcset=\"https:\/\/www.keinblatt.de\/blog\/wp-content\/uploads\/2014\/02\/742px-Neuschwabenland_Geo-300x242.jpg 300w, https:\/\/www.keinblatt.de\/blog\/wp-content\/uploads\/2014\/02\/742px-Neuschwabenland_Geo-624x503.jpg 624w, https:\/\/www.keinblatt.de\/blog\/wp-content\/uploads\/2014\/02\/742px-Neuschwabenland_Geo.jpg 742w\" sizes=\"auto, (max-width: 300px) 100vw, 300px\" \/><\/a><figcaption id=\"caption-attachment-564\" class=\"wp-caption-text\">Neuschwabenland. Hier residiert in K\u00fcrze der Bischof. Karte: <a href=\"https:\/\/commons.wikimedia.org\/wiki\/File:Neuschwabenland_Geo.jpg?uselang=de\" target=\"_blank\">Wilfried Bauer<\/a> \/ Lizenz: <a href=\"https:\/\/creativecommons.org\/licenses\/by-sa\/3.0\/de\/deed.de\" target=\"_blank\">CC BY-SA 3.0 DE<\/a><\/figcaption><\/figure>\n<p>Unter Katholiken wird die Entscheidung des Papstes als konsequent bewertet. Papst Franziskus sei selbst die st\u00e4rkste bescheidene Kraft, die die Kirche seit Menschengedenken habe, hei\u00dft es aus Kirchenkreisen. Gleichzeitig zeige der Papst menschliche W\u00e4rme, indem er Menschen nicht herabstufe. Tebartz-van Elst bleibe ja Bischof. Seine Bez\u00fcge w\u00fcrden aber wegen der dort herrschenden geringeren Anspr\u00fcche &#8222;angepasst&#8220;.<\/p>\n<figure id=\"attachment_1504\" aria-describedby=\"caption-attachment-1504\" style=\"width: 300px\" class=\"wp-caption alignleft\"><a href=\"https:\/\/www.keinblatt.de\/blog\/wp-content\/uploads\/2014\/02\/800px-Eispalast_1.jpg\"><img loading=\"lazy\" decoding=\"async\" class=\"size-medium wp-image-1504\" src=\"https:\/\/www.keinblatt.de\/blog\/wp-content\/uploads\/2014\/02\/800px-Eispalast_1-300x225.jpg\" alt=\"Eispalast\" width=\"300\" height=\"225\" srcset=\"https:\/\/www.keinblatt.de\/blog\/wp-content\/uploads\/2014\/02\/800px-Eispalast_1-300x225.jpg 300w, https:\/\/www.keinblatt.de\/blog\/wp-content\/uploads\/2014\/02\/800px-Eispalast_1.jpg 800w\" sizes=\"auto, (max-width: 300px) 100vw, 300px\" \/><\/a><figcaption id=\"caption-attachment-1504\" class=\"wp-caption-text\">Der neue Bischofssitz, der bisher verwaist (oder eher ver-wei\u00dft) war. Foto: <a href=\"https:\/\/commons.wikimedia.org\/wiki\/File:Eispalast_1.jpg\" target=\"_blank\">Fiz10<\/a> \/\u00a0 Lizenz: <a href=\"https:\/\/creativecommons.org\/licenses\/by-sa\/3.0\/deed.en\" target=\"_blank\">CC BY-SA 3.0<\/a><\/figcaption><\/figure>\n<p>Erst k\u00fcrzlich waren neue belastende Details \u00fcber den \u00fcberteuerten Limburger Bischofssitz bekannt geworden. So sollen die Baukosten noch einmal deutlich h\u00f6her liegen. Bisher war man von 31 Millionen Euro ausgegangen. Ein Teil des Geldes soll dabei aus mindestens einer kirchlichen Stiftung stammen.<\/p>\n<p>Wann Tebartz-van Elst seinen neuen Amtssitz im ewigen Eis (siehe Foto) beziehen wird, ist noch nicht entschieden.<img loading=\"lazy\" decoding=\"async\" class=\"vg\" src=\"https:\/\/ssl-vg03.met.vgwort.de\/na\/1a7dd7e43cbb4267b666391a71349539\" alt=\"\" width=\"1\" height=\"1\" \/> Zun\u00e4chst m\u00fcsse das leer stehende Geb\u00e4ude saniert werden. Anbauten wie eine Privatkapelle werde es keinesfalls geben, mehr als ein neuer Anstrich und ein heizbares Bett seien nicht drin, hei\u00dft es aus p\u00e4pstlichen Kreisen.<\/p>\n","protected":false},"excerpt":{"rendered":"<p>Die Entscheidung ist gefallen. Der umstrittene Limburger Bischof Franz-Peter Tebartz-van Elst wird ins Ausland versetzt. Er \u00fcbernimmt das bereits seit L\u00e4ngerem nicht besetzte Bistum Neuschwabenland in der Ostantarktika (siehe Karte). Papst Franziskus hofft, dass Tebartz-van Elst nun lernt, sich in Bescheidenheit zu \u00fcben. Die \u00fcberschaubare Anzahl dort lebender Katholiken und die imposante Landschaft w\u00fcrden daf\u00fcr [&hellip;]<\/p>\n","protected":false},"author":1,"featured_media":0,"comment_status":"open","ping_status":"open","sticky":false,"template":"","format":"standard","meta":{"footnotes":""},"categories":[7,11],"tags":[148,146,151,149,147,150],"class_list":["post-561","post","type-post","status-publish","format-standard","hentry","category-kriminalitat","category-religion","tag-bischof","tag-franz-peter-tebartz-van-elst","tag-franziskus","tag-limburg","tag-neuschwabenland","tag-papst"],"_links":{"self":[{"href":"https:\/\/www.keinblatt.de\/blog\/wp-json\/wp\/v2\/posts\/561","targetHints":{"allow":["GET"]}}],"collection":[{"href":"https:\/\/www.keinblatt.de\/blog\/wp-json\/wp\/v2\/posts"}],"about":[{"href":"https:\/\/www.keinblatt.de\/blog\/wp-json\/wp\/v2\/types\/post"}],"author":[{"embeddable":true,"href":"https:\/\/www.keinblatt.de\/blog\/wp-json\/wp\/v2\/users\/1"}],"replies":[{"embeddable":true,"href":"https:\/\/www.keinblatt.de\/blog\/wp-json\/wp\/v2\/comments?post=561"}],"version-history":[{"count":0,"href":"https:\/\/www.keinblatt.de\/blog\/wp-json\/wp\/v2\/posts\/561\/revisions"}],"wp:attachment":[{"href":"https:\/\/www.keinblatt.de\/blog\/wp-json\/wp\/v2\/media?parent=561"}],"wp:term":[{"taxonomy":"category","embeddable":true,"href":"https:\/\/www.keinblatt.de\/blog\/wp-json\/wp\/v2\/categories?post=561"},{"taxonomy":"post_tag","embeddable":true,"href":"https:\/\/www.keinblatt.de\/blog\/wp-json\/wp\/v2\/tags?post=561"}],"curies":[{"name":"wp","href":"https:\/\/api.w.org\/{rel}","templated":true}]}}