{"id":533,"date":"2014-01-30T15:00:21","date_gmt":"2014-01-30T14:00:21","guid":{"rendered":"http:\/\/www.keinblatt.de\/blog\/?p=533"},"modified":"2015-06-19T19:15:52","modified_gmt":"2015-06-19T17:15:52","slug":"meisner-zeigt-sich-empoert-ueber-sich-selbst-und-erklaert-seine-muslimen-mathematik","status":"publish","type":"post","link":"https:\/\/www.keinblatt.de\/blog\/meisner-zeigt-sich-empoert-ueber-sich-selbst-und-erklaert-seine-muslimen-mathematik\/","title":{"rendered":"Meisner zeigt sich emp\u00f6rt \u00fcber sich selbst \u2013 und erkl\u00e4rt seine Muslimen-Mathematik"},"content":{"rendered":"<figure id=\"attachment_534\" aria-describedby=\"caption-attachment-534\" style=\"width: 231px\" class=\"wp-caption alignleft\"><a href=\"https:\/\/www.keinblatt.de\/blog\/wp-content\/uploads\/2014\/01\/Joachim_Kardinal_Meisner_2010.jpg\"><img loading=\"lazy\" decoding=\"async\" class=\"size-medium wp-image-534\" src=\"https:\/\/www.keinblatt.de\/blog\/wp-content\/uploads\/2014\/01\/Joachim_Kardinal_Meisner_2010-231x300.jpg\" alt=\"Joachim Kardinal Meisner\" width=\"231\" height=\"300\" srcset=\"https:\/\/www.keinblatt.de\/blog\/wp-content\/uploads\/2014\/01\/Joachim_Kardinal_Meisner_2010-231x300.jpg 231w, https:\/\/www.keinblatt.de\/blog\/wp-content\/uploads\/2014\/01\/Joachim_Kardinal_Meisner_2010.jpg 436w\" sizes=\"auto, (max-width: 231px) 100vw, 231px\" \/><\/a><figcaption id=\"caption-attachment-534\" class=\"wp-caption-text\">Joachim Kardinal Meisner. Bild: <a href=\"https:\/\/commons.wikimedia.org\/wiki\/File:Joachim_Kardinal_Meisner_2010.JPG\" target=\"_blank\">Gemos<\/a> \/ Lizenz: <a href=\"https:\/\/creativecommons.org\/licenses\/by-sa\/3.0\/deed.en\" target=\"_blank\">CC BY-SA 3.0<\/a><\/figcaption><\/figure>\n<p>Der K\u00f6lner Kardinal Joachim Meisner hat mit einer Aussage f\u00fcr Emp\u00f6rung gesorgt. Vor Mitgliedern des Neokatechumenalen Weges, einer konservativen katholischen Bewegung, sagte Meisner am vergangenen Freitag: &#8222;Eine Familie von euch ersetzt mir drei muslimische Familien.\u201c<\/p>\n<p>Inzwischen hat sich Meisner f\u00fcr seine missverst\u00e4ndliche Aussage entschuldigt. Es sei anders gemeint gewesen. Selbstverst\u00e4ndlich sei jede Familie und jedes Kind gleich viel wert, so Meisner. Es gehe ihm nur um eine mathematische Darstellung der Realit\u00e4t. Katholiken w\u00fcrden einfach erheblich weniger Kinder in die Welt setzen als muslimische Familien. Eine Ausnahme seien aber die Mitglieder des Neokatechumenalen Weges, die durchaus schon einmal zehn kleine Schreih\u00e4lse h\u00e4tten, trotz Pille, trotz Pille danach, trotz L\u00fcmmelt\u00fcte, trotz Spirale und trotz oder vielleicht auch wegen des Unterschichtenfernsehens. Au\u00dferdem habe er, Meisner, immer wieder betont, dass er muslimische Familien f\u00fcr ihren Kinderreichtum wertsch\u00e4tze.<\/p>\n<p>Wenn aber eine neokatechumenale Familie f\u00fcr dreimal mehr Kinder sorge als selbst eine gesch\u00e4tzte muslimische Familie, dann liege ihre Geb\u00e4rrate halt dreimal h\u00f6her, und sie leiste damit rein mathematisch dreimal mehr als eine muslimische. &#8222;Gehet hin und vermehret euch!&#8220;, sei der biblische Auftrag. Die Mathematik k\u00f6nne auch er, Meisner nicht \u00e4ndern, das sei die Sprache Gottes und diese sei unver\u00e4nderlich. Um die Bev\u00f6lkerungsexplosion voranzutreiben und damit einer Vergreisung entgegenzuwirken, die besonders unter den Kirchenf\u00fchrern und den beiden P\u00e4psten weit fortgeschritten sei, holt Meisner aus, br\u00e4uchte es Kinder, Kinder und noch mal Kinder. Also dreimal mehr Kinder. Auch so sei es gemeint gewesen. Am Z\u00f6libat werde aber nicht ger\u00fcttelt, stellt Meisner klar, da wir, die Alten, ohnehin nur wenig zur Erf\u00fcllung des g\u00f6ttlichen Vermehrungsauftrages beitragen k\u00f6nnten.<img loading=\"lazy\" decoding=\"async\" class=\"vg\" src=\"https:\/\/ssl-vg03.met.vgwort.de\/na\/1e841e1b156e4ad6b4293ba3966c7b2d\" alt=\"\" width=\"1\" height=\"1\" \/><\/p>\n","protected":false},"excerpt":{"rendered":"<p>Der K\u00f6lner Kardinal Joachim Meisner hat mit einer Aussage f\u00fcr Emp\u00f6rung gesorgt. Vor Mitgliedern des Neokatechumenalen Weges, einer konservativen katholischen Bewegung, sagte Meisner am vergangenen Freitag: &#8222;Eine Familie von euch ersetzt mir drei muslimische Familien.\u201c Inzwischen hat sich Meisner f\u00fcr seine missverst\u00e4ndliche Aussage entschuldigt. Es sei anders gemeint gewesen. Selbstverst\u00e4ndlich sei jede Familie und jedes [&hellip;]<\/p>\n","protected":false},"author":1,"featured_media":0,"comment_status":"open","ping_status":"open","sticky":false,"template":"","format":"standard","meta":{"footnotes":""},"categories":[2,6,11],"tags":[557,553,551,552,329,554,556,555],"class_list":["post-533","post","type-post","status-publish","format-standard","hentry","category-gesellschaftliches","category-politik","category-religion","tag-bevoelkerungsexplosion","tag-gebaerrate","tag-islam","tag-joachim-meisner","tag-kardinal","tag-kinder","tag-vergreisung","tag-zoelibat"],"_links":{"self":[{"href":"https:\/\/www.keinblatt.de\/blog\/wp-json\/wp\/v2\/posts\/533","targetHints":{"allow":["GET"]}}],"collection":[{"href":"https:\/\/www.keinblatt.de\/blog\/wp-json\/wp\/v2\/posts"}],"about":[{"href":"https:\/\/www.keinblatt.de\/blog\/wp-json\/wp\/v2\/types\/post"}],"author":[{"embeddable":true,"href":"https:\/\/www.keinblatt.de\/blog\/wp-json\/wp\/v2\/users\/1"}],"replies":[{"embeddable":true,"href":"https:\/\/www.keinblatt.de\/blog\/wp-json\/wp\/v2\/comments?post=533"}],"version-history":[{"count":0,"href":"https:\/\/www.keinblatt.de\/blog\/wp-json\/wp\/v2\/posts\/533\/revisions"}],"wp:attachment":[{"href":"https:\/\/www.keinblatt.de\/blog\/wp-json\/wp\/v2\/media?parent=533"}],"wp:term":[{"taxonomy":"category","embeddable":true,"href":"https:\/\/www.keinblatt.de\/blog\/wp-json\/wp\/v2\/categories?post=533"},{"taxonomy":"post_tag","embeddable":true,"href":"https:\/\/www.keinblatt.de\/blog\/wp-json\/wp\/v2\/tags?post=533"}],"curies":[{"name":"wp","href":"https:\/\/api.w.org\/{rel}","templated":true}]}}