{"id":515,"date":"2014-01-23T14:51:11","date_gmt":"2014-01-23T13:51:11","guid":{"rendered":"http:\/\/www.keinblatt.de\/blog\/?p=515"},"modified":"2025-04-02T21:20:24","modified_gmt":"2025-04-02T19:20:24","slug":"zdf-laesst-markus-lanz-im-programm-verspricht-aber-mit-neuem-namen-lanzarote-mehr-transparenz","status":"publish","type":"post","link":"https:\/\/www.keinblatt.de\/blog\/zdf-laesst-markus-lanz-im-programm-verspricht-aber-mit-neuem-namen-lanzarote-mehr-transparenz\/","title":{"rendered":"ZDF l\u00e4sst Markus Lanz im Programm \u2013 verspricht aber mit neuem Namen Lanzarote mehr Transparenz"},"content":{"rendered":"<figure id=\"attachment_516\" aria-describedby=\"caption-attachment-516\" style=\"width: 219px\" class=\"wp-caption alignleft\"><a href=\"https:\/\/www.keinblatt.de\/blog\/wp-content\/uploads\/2014\/01\/439px-Markus_Lanz.jpg\"><img loading=\"lazy\" decoding=\"async\" class=\"size-medium wp-image-516\" src=\"https:\/\/www.keinblatt.de\/blog\/wp-content\/uploads\/2014\/01\/439px-Markus_Lanz-219x300.jpg\" alt=\"Markus Lanz\" width=\"219\" height=\"300\" srcset=\"https:\/\/www.keinblatt.de\/blog\/wp-content\/uploads\/2014\/01\/439px-Markus_Lanz-219x300.jpg 219w, https:\/\/www.keinblatt.de\/blog\/wp-content\/uploads\/2014\/01\/439px-Markus_Lanz.jpg 439w\" sizes=\"auto, (max-width: 219px) 100vw, 219px\" \/><\/a><figcaption id=\"caption-attachment-516\" class=\"wp-caption-text\">Fans atmen auf: Markus Lanz bleibt! Foto: <a href=\"https:\/\/commons.wikimedia.org\/wiki\/File:Markus_Lanz.JPG\" target=\"_blank\">Udo Grimberg<\/a> \/ Lizenz: <a href=\"https:\/\/creativecommons.org\/licenses\/by-sa\/3.0\/deed.en\" target=\"_blank\">CC BY-SA 3.0<\/a><\/figcaption><\/figure>\n<p>Das ZDF sieht derzeit keinen Grund, die Sendung &#8222;Markus Lanz&#8220;, gegen die eine Petition gestartet wurde (<a href=\"https:\/\/www.keinblatt.de\/blog\/markus-lanz-mit-einschaltquote-unter-null-ueber-50-000-sehen-ihn-nicht-2\/\">keinblatt.de berichtete<\/a>), einzustellen oder mit einem anderen Moderator zu besetzen. \u00dcber 80.000 Fernsehzuschauer haben die Petition bereits gezeichnet. Die Petition wird damit begr\u00fcndet, dass Lanz vor allem G\u00e4ste, die dem linken politischen Spektrum zugewandt sind, nicht ausreden lasse. Die nach Meinung vieler Zuschauer unfaire Behandlung der linken Politikern Sahra Wagenknecht war schlie\u00dflich der Hauptausl\u00f6ser f\u00fcr die Petition.<\/p>\n<p>Ein ZDF-Sprecher stellte heute klar, dass die Sendung im Programm bleibe. Allerdings will man durch die Namens\u00e4nderung in &#8222;Lanzarote&#8220; mehr Transparenz schaffen.<\/p>\n<h3>Neuer Name f\u00fcr &#8222;Markus Lanz&#8220;: Lanzarote<\/h3>\n<p>Politiker aus dem linken politischen Spektrum sollten wissen, dass Lanz und die Roten Gegens\u00e4tze seien und sie daher keine faire Behandlung zu erwarten h\u00e4tten, so der Sprecher. Zusammengesetzt bedeutet das &#8222;Lanz&#8220; (der Junge hei\u00dft schlie\u00dflich so), dann ein &#8222;a&#8220; (griechisch f\u00fcr un- (Gegensatz) wie z.B. in <em>asozial<\/em> zu finden) und &#8222;Rote&#8220;, da Lanz bekanntlich kein Freund der Roten ist. Herauskommt &#8222;Lanz Arote&#8220; oder eben &#8222;Lanzarote&#8220;.<\/p>\n<p>Die Anspielung auf die gleichnamige kanarische Insel <em>Lanzarote<\/em> sei beabsichtigt, f\u00fchrt der Sprecher aus, schlie\u00dflich w\u00fcrden die ZDF-Zuschauer diese herrliche Insel lieben und auf dieser oder einer der anderen kanarischen Inseln so gerne \u00fcberwintern. Manche seien seit Jahrzehnten nie wieder zur\u00fcckgekehrt, h\u00e4tten aber dort ZDF-Empfang, da der sogenannte Kanarenspot der Satelliten auch die Kanarischen Inseln ausleuchte.<\/p>\n","protected":false},"excerpt":{"rendered":"<p>Das ZDF sieht derzeit keinen Grund, die Sendung &#8222;Markus Lanz&#8220;, gegen die eine Petition gestartet wurde (keinblatt.de berichtete), einzustellen oder mit einem anderen Moderator zu besetzen. \u00dcber 80.000 Fernsehzuschauer haben die Petition bereits gezeichnet. Die Petition wird damit begr\u00fcndet, dass Lanz vor allem G\u00e4ste, die dem linken politischen Spektrum zugewandt sind, nicht ausreden lasse. Die [&hellip;]<\/p>\n","protected":false},"author":1,"featured_media":0,"comment_status":"open","ping_status":"open","sticky":false,"template":"","format":"standard","meta":{"footnotes":""},"categories":[4,5,6],"tags":[258,268,269,92],"class_list":["post-515","post","type-post","status-publish","format-standard","hentry","category-boulevard","category-medien","category-politik","tag-markus-lanz","tag-petition","tag-sahra-wagenknecht","tag-zdf"],"_links":{"self":[{"href":"https:\/\/www.keinblatt.de\/blog\/wp-json\/wp\/v2\/posts\/515","targetHints":{"allow":["GET"]}}],"collection":[{"href":"https:\/\/www.keinblatt.de\/blog\/wp-json\/wp\/v2\/posts"}],"about":[{"href":"https:\/\/www.keinblatt.de\/blog\/wp-json\/wp\/v2\/types\/post"}],"author":[{"embeddable":true,"href":"https:\/\/www.keinblatt.de\/blog\/wp-json\/wp\/v2\/users\/1"}],"replies":[{"embeddable":true,"href":"https:\/\/www.keinblatt.de\/blog\/wp-json\/wp\/v2\/comments?post=515"}],"version-history":[{"count":0,"href":"https:\/\/www.keinblatt.de\/blog\/wp-json\/wp\/v2\/posts\/515\/revisions"}],"wp:attachment":[{"href":"https:\/\/www.keinblatt.de\/blog\/wp-json\/wp\/v2\/media?parent=515"}],"wp:term":[{"taxonomy":"category","embeddable":true,"href":"https:\/\/www.keinblatt.de\/blog\/wp-json\/wp\/v2\/categories?post=515"},{"taxonomy":"post_tag","embeddable":true,"href":"https:\/\/www.keinblatt.de\/blog\/wp-json\/wp\/v2\/tags?post=515"}],"curies":[{"name":"wp","href":"https:\/\/api.w.org\/{rel}","templated":true}]}}