{"id":4496,"date":"2025-05-10T11:24:25","date_gmt":"2025-05-10T09:24:25","guid":{"rendered":"https:\/\/www.keinblatt.de\/blog\/?p=4496"},"modified":"2025-05-10T11:24:25","modified_gmt":"2025-05-10T09:24:25","slug":"evangelischer-kirchenstaat","status":"publish","type":"post","link":"https:\/\/www.keinblatt.de\/blog\/evangelischer-kirchenstaat\/","title":{"rendered":"Weil Papst ihnen die Show stiehlt: Evangelische Kirche k\u00fcndigt Gr\u00fcndung von Minikirchenstaat in Berlin an"},"content":{"rendered":"<figure id=\"attachment_4497\" aria-describedby=\"caption-attachment-4497\" style=\"width: 580px\" class=\"wp-caption alignnone\"><a href=\"https:\/\/www.keinblatt.de\/blog\/wp-content\/uploads\/2025\/05\/vatikan-1233913_1920.jpg\"><img loading=\"lazy\" decoding=\"async\" class=\"size-large wp-image-4497\" src=\"https:\/\/www.keinblatt.de\/blog\/wp-content\/uploads\/2025\/05\/vatikan-1233913_1920-1024x576.jpg\" alt=\"Vatikan\" width=\"580\" height=\"326\" srcset=\"https:\/\/www.keinblatt.de\/blog\/wp-content\/uploads\/2025\/05\/vatikan-1233913_1920-1024x576.jpg 1024w, https:\/\/www.keinblatt.de\/blog\/wp-content\/uploads\/2025\/05\/vatikan-1233913_1920-300x169.jpg 300w, https:\/\/www.keinblatt.de\/blog\/wp-content\/uploads\/2025\/05\/vatikan-1233913_1920-768x432.jpg 768w, https:\/\/www.keinblatt.de\/blog\/wp-content\/uploads\/2025\/05\/vatikan-1233913_1920-1536x864.jpg 1536w, https:\/\/www.keinblatt.de\/blog\/wp-content\/uploads\/2025\/05\/vatikan-1233913_1920-1200x675.jpg 1200w, https:\/\/www.keinblatt.de\/blog\/wp-content\/uploads\/2025\/05\/vatikan-1233913_1920.jpg 1920w\" sizes=\"auto, (max-width: 580px) 100vw, 580px\" \/><\/a><figcaption id=\"caption-attachment-4497\" class=\"wp-caption-text\">Vorbild Vatikan? Wohl nur teilweise. Ganz so prunkvoll wird es im zuk\u00fcnftigen evangelisch-lutherischem Staat in Berlin wohl nicht zugehen. Lizenz: Public Domain<\/figcaption><\/figure>\n<p>Bisch\u00f6fin Kirsten Fehrs, Ratsvorsitzende der Evangelischen Kirche in Deustschland (EKD), ist ver\u00e4rgert. &#8222;Ich kann es nicht mehr h\u00f6ren: Der Papst hier, der Papst dort, der Papst sagt, der Vatikan, schwarzer Rauch, wei\u00dfer Rauch, dauernd geht es um Rom, nicht nur bei der Papstwahl. Das ganze Jahr! Was ist aber mit uns? Schlie\u00dflich ist die evangelische Kirche die einzige von rund 33.000 christlichen Denominationen, die die Wahrheit kennt und vertritt. Alle anderen l\u00fcgen \u00e4hhh\u2026 liegen falsch!&#8220;<\/p>\n<p>Daher k\u00fcndigt Fehrs die Gr\u00fcndung eines evangelischen Minikirchenstaates im protestantischen Berlin an. Sie sagte unserem Blatt:<\/p>\n<blockquote><p>Keine Sorge, es wird keinen evangelischen Papst und \u2013 ich entt\u00e4usche jetzt vielleicht die eine oder andere Protestantin \u2013 auch keine evangelische P\u00e4pstin geben. Schlie\u00dflich hei\u00dft es bei Matth\u00e4us, keiner d\u00fcrfe sich Vater \u2013 im geistlichen Sinne \u2013 auf Erden nennen. Daher ist das Papsttum nicht vereinbar mit dem Christentum. Aber wir haben ein Recht, geh\u00f6rt zu werden, daher werden wir Rom etwas entgegensetzen. Nat\u00fcrlich wird es bei uns nicht den ganzen Prunk geben, denn auch das steht im Widerspruch zu der Lehre unseres Herrn Jesus Christus. Unsere Kirche ist schlichter. Wie Sie wissen, haben wir keinen Lattenjupp, sondern nur ein profanes Holzkreuz. Wir haben auch keine Heiligen, von Gott, Jesus Christus, dem Heiligen Geist und nat\u00fcrlich Martin Luther einmal abgesehen. Bei uns ist jeder heilig, auch Sie Atheist und ich geh\u00f6ren dazu! Ferner ist unsere Ideologie nicht im Ansatz so menschenverachtend wie die unserer katholischen Freunde. Aber wir werden ein Zentrum bauen. Mit einer gro\u00dfen, aber nicht pomp\u00f6sen Kirche. Es wird Bisch\u00f6fe zum Anfassen vor Ort geben und ein neues Luthermuseum, das wir vom Staat bauen lassen, dazu einen ewigen Jahrmarkt mit H\u00fcpfdom f\u00fcr Kinder, Heiliger-Geist-Bahn, &#8222;Hau den Evangelisten Lukas&#8220; und astrologischer Beratung. Wir brauchen Presse, auch wenn sie negativ sein sollte, wir wollen wieder vorkommen. Und sei es durch Skandale. Denn der Protestantismus findet in den Medien schon lange nicht mehr das notwendige Gewicht.<\/p><\/blockquote>\n<p>Bei der Fl\u00e4che werde man wohl knapp unter der des Vatikanstaates bleiben, um auch hier keine falsche Botschaft zu vermitteln. Der wahre Reichtum liege im Glauben und nicht im Materiellen. Fehrs hat die Unterst\u00fctzung des neuen Bundeskanzlers Friedrich Merz bereits bekommen, auch wenn der bekanntlich Katholik ist. Im Kreuze seien die Christen ja vereint, so Fehrs, gut, die Zeugen Jehovas einmal ausgenommen, denn die glauben ja, dass der Herr Jesus Christus nicht gekreuzigt, sondern gepf\u00e4hlt worden sei. Einen eigenen Staat f\u00fcr die Zeigen schlie\u00dft Fehrs somit aus. Mehr als eine Pfahlstadt sei nicht drin.<img loading=\"lazy\" decoding=\"async\" class=\"vg\" src=\"https:\/\/vg09.met.vgwort.de\/na\/f330aa7df0ba43f4b7e088b27f52e95f\" alt=\"\" width=\"1\" height=\"1\" \/><\/p>\n","protected":false},"excerpt":{"rendered":"<p>Bisch\u00f6fin Kirsten Fehrs, Ratsvorsitzende der Evangelischen Kirche in Deustschland (EKD), ist ver\u00e4rgert. &#8222;Ich kann es nicht mehr h\u00f6ren: Der Papst hier, der Papst dort, der Papst sagt, der Vatikan, schwarzer Rauch, wei\u00dfer Rauch, dauernd geht es um Rom, nicht nur bei der Papstwahl. Das ganze Jahr! Was ist aber mit uns? Schlie\u00dflich ist die evangelische [&hellip;]<\/p>\n","protected":false},"author":1,"featured_media":0,"comment_status":"open","ping_status":"open","sticky":false,"template":"","format":"standard","meta":{"footnotes":""},"categories":[26,2,11],"tags":[226,2963,778,814,777,2962,2961,150,570,965],"class_list":["post-4496","post","type-post","status-publish","format-standard","hentry","category-braeuche","category-gesellschaftliches","category-religion","tag-berlin","tag-ekd","tag-evangelische-kirche","tag-jesus-christus","tag-katholische-kirche","tag-kirsten-fehrs","tag-martin-luther","tag-papst","tag-rom","tag-vatikan"],"_links":{"self":[{"href":"https:\/\/www.keinblatt.de\/blog\/wp-json\/wp\/v2\/posts\/4496","targetHints":{"allow":["GET"]}}],"collection":[{"href":"https:\/\/www.keinblatt.de\/blog\/wp-json\/wp\/v2\/posts"}],"about":[{"href":"https:\/\/www.keinblatt.de\/blog\/wp-json\/wp\/v2\/types\/post"}],"author":[{"embeddable":true,"href":"https:\/\/www.keinblatt.de\/blog\/wp-json\/wp\/v2\/users\/1"}],"replies":[{"embeddable":true,"href":"https:\/\/www.keinblatt.de\/blog\/wp-json\/wp\/v2\/comments?post=4496"}],"version-history":[{"count":0,"href":"https:\/\/www.keinblatt.de\/blog\/wp-json\/wp\/v2\/posts\/4496\/revisions"}],"wp:attachment":[{"href":"https:\/\/www.keinblatt.de\/blog\/wp-json\/wp\/v2\/media?parent=4496"}],"wp:term":[{"taxonomy":"category","embeddable":true,"href":"https:\/\/www.keinblatt.de\/blog\/wp-json\/wp\/v2\/categories?post=4496"},{"taxonomy":"post_tag","embeddable":true,"href":"https:\/\/www.keinblatt.de\/blog\/wp-json\/wp\/v2\/tags?post=4496"}],"curies":[{"name":"wp","href":"https:\/\/api.w.org\/{rel}","templated":true}]}}