{"id":448,"date":"2013-12-21T10:44:57","date_gmt":"2013-12-21T09:44:57","guid":{"rendered":"http:\/\/www.keinblatt.de\/blog\/?p=448"},"modified":"2015-06-10T04:11:09","modified_gmt":"2015-06-10T02:11:09","slug":"nach-den-gurken-die-eu-weihnachtsbaum-kruemmungsverordnung-kommt","status":"publish","type":"post","link":"https:\/\/www.keinblatt.de\/blog\/nach-den-gurken-die-eu-weihnachtsbaum-kruemmungsverordnung-kommt\/","title":{"rendered":"Nach den Gurken: Die EU-Weihnachtsbaum-Kr\u00fcmmungsverordnung kommt"},"content":{"rendered":"<figure id=\"attachment_450\" aria-describedby=\"caption-attachment-450\" style=\"width: 186px\" class=\"wp-caption alignleft\"><a href=\"https:\/\/www.keinblatt.de\/blog\/wp-content\/uploads\/2013\/12\/6551263713_a688a00051_b.jpg\"><img loading=\"lazy\" decoding=\"async\" class=\"size-medium wp-image-450\" src=\"https:\/\/www.keinblatt.de\/blog\/wp-content\/uploads\/2013\/12\/6551263713_a688a00051_b-186x300.jpg\" alt=\"Christbaum\" width=\"186\" height=\"300\" srcset=\"https:\/\/www.keinblatt.de\/blog\/wp-content\/uploads\/2013\/12\/6551263713_a688a00051_b-186x300.jpg 186w, https:\/\/www.keinblatt.de\/blog\/wp-content\/uploads\/2013\/12\/6551263713_a688a00051_b-624x1004.jpg 624w, https:\/\/www.keinblatt.de\/blog\/wp-content\/uploads\/2013\/12\/6551263713_a688a00051_b.jpg 636w\" sizes=\"auto, (max-width: 186px) 100vw, 186px\" \/><\/a><figcaption id=\"caption-attachment-450\" class=\"wp-caption-text\">Weihnachten kann so sch\u00f6n sein, wenn der Baum schnurgerade und symmetrisch ist. Foto: <a href=\"https:\/\/www.flickr.com\/photos\/bambe1964\/6551263713\/\" target=\"_blank\">Teresa Alexander-Arab<\/a> \/ Lizenz: <a href=\"https:\/\/creativecommons.org\/licenses\/by-nd\/2.0\/\" target=\"_blank\">CC BY-ND 2.0<\/a><\/figcaption><\/figure>\n<p>Wieder einmal schlagen die EU-B\u00fcrokraten per Verordnung zu. Jeder d\u00fcrfte sich noch mit Schrecken an die mittlerweile abgeschaffte Gurkenkr\u00fcmmungsverordnung 1677\/88 erinnern, die festschrieb, dass eine Gurke nicht zu stark gekr\u00fcmmt sein d\u00fcrfe. Entgegen eines weit verbreiteten Irrtums ging diese Verordnung nicht direkt von der EU aus, sondern wurde vom Handel gefordert, der sich Platzeinsparungen bei Transport und Lagerung versprach.<\/p>\n<p>Jetzt aber hat die EU die Weihnachtsb\u00e4ume im Visier. &#8222;Es ist unglaublich, was als Christbaum verkauft wird&#8220;, sagt die EU-Verbraucherschutzkommissarin Christine Courber. Die B\u00e4ume seien oft total krumm und nicht ann\u00e4hernd symmetrisch. Solche B\u00e4ume k\u00f6nne man gerade einmal als <em>bessere Besen<\/em> bezeichnen. Daher werde voraussichtlich im Herbst 2014 die EU-Weihnachtsbaumverordnung 2412\/01 in Kraft gesetzt. In Zukunft d\u00fcrften nur noch solche Nadelb\u00e4ume verkauft werden, welche die jeweiligen Kriterien erf\u00fcllten.<\/p>\n<p>Konkret d\u00fcrfe der Stamm nur eine Abweichung von maximal 12,5 cm pro Meter von der Geraden aufweisen. Ferner d\u00fcrfe die Symmetrie maximal 18,5 cm pro Meter vom Idealma\u00df divergieren. Wenn der Baum also auf einer Seite erheblich schmaler sei, d\u00fcrfe dieser gar nicht mehr angeboten werden. Auch Astl\u00fccken und Ausbuchtungen d\u00fcrften nicht aus einer festgelegten Norm ausbrechen.<\/p>\n<figure id=\"attachment_449\" aria-describedby=\"caption-attachment-449\" style=\"width: 174px\" class=\"wp-caption alignright\"><a href=\"https:\/\/www.keinblatt.de\/blog\/wp-content\/uploads\/2013\/12\/6461581089_d882d75b5f_b-Bearbeitet.jpg\"><img loading=\"lazy\" decoding=\"async\" class=\"size-medium wp-image-449\" src=\"https:\/\/www.keinblatt.de\/blog\/wp-content\/uploads\/2013\/12\/6461581089_d882d75b5f_b-Bearbeitet-174x300.jpg\" alt=\"Boom or Broom?\" width=\"174\" height=\"300\" srcset=\"https:\/\/www.keinblatt.de\/blog\/wp-content\/uploads\/2013\/12\/6461581089_d882d75b5f_b-Bearbeitet-174x300.jpg 174w, https:\/\/www.keinblatt.de\/blog\/wp-content\/uploads\/2013\/12\/6461581089_d882d75b5f_b-Bearbeitet.jpg 496w\" sizes=\"auto, (max-width: 174px) 100vw, 174px\" \/><\/a><figcaption id=\"caption-attachment-449\" class=\"wp-caption-text\">Die Pr\u00fcf-App zeigt: Mit diesem Baum ist alles in Ordnung (gr\u00fcner Rahmen, Text &#8222;o.k.&#8220;). Testfoto f\u00fcr die Pr\u00fcfung: <a href=\"https:\/\/www.flickr.com\/photos\/repvirginiafoxx\/6461581089\/\" target=\"_blank\">Virginia Foxx<\/a> \/ Lizenz: <a href=\"https:\/\/creativecommons.org\/licenses\/by-nc-nd\/2.0\/\" target=\"_blank\">CC BY-NC-ND 2.0<\/a><\/figcaption><\/figure>\n<p>Da nicht alles so einfach abzumessen und zu berechnen sei, habe man die Smartphone-App <em>Boom or Broom<\/em> (auf Deutsch etwa: <em>Brummen <\/em>[i.S.v. <em>alles o.k.<\/em>]<em> oder Besen<\/em>) in Entwicklung. &#8222;Die App fertigt ein Foto von dem Baum an, analysiert es und zeigt an, ob der Baum gewisserma\u00dfen \u00fcberhaupt ein Weihnachtsbaum ist&#8220;, so Courber, &#8222;Ein einfaches Antippen des Pr\u00fcfbuttons reicht aus und schon wei\u00df man, ob alles im gr\u00fcnen Bereich ist.&#8220;<\/p>\n<p>Die Verordnung gelte f\u00fcr geschlagene Nadelb\u00e4ume, nicht aber f\u00fcr lebende B\u00e4ume, die im Topf oder mit Wurzelballen verkauft werden. Eine Ausnahme stellten jedoch B\u00e4ume dar, die der Kunde in einem freigegebenen Waldst\u00fcck selbst schl\u00e4gt und danach bezahlt. Hier werde ebenso die neue Verordnung greifen. Der H\u00e4ndler m\u00fcsse die betroffenen B\u00e4ume in einem solchen Fall \u00fcber eine eindeutige Markierung als Ausschuss ausweisen.<\/p>\n<p>Das Ziel in der Weihnachtsbaumverordnung liege in der Qualit\u00e4tssteigerung. Immerhin sei Weihnachten das Fest der Liebe, an dem man keinen Streit wegen eines missratenen Baumes brauchen k\u00f6nne. Auch w\u00fcrden immer mehr B\u00e4ume online bestellt, die daher nicht mehr vom Kunden selbst vor dem Kauf begutachtet werden k\u00f6nnten. Daher gelte es, auch hier unliebsame \u00dcberraschungen zu vermeiden. Der Kunde solle auch in solch einem Fall einen geraden, einwandfreien Baum erhalten, der nicht zum Familienkrach, zur Scheidung oder zu Schlimmerem f\u00fchre.<img loading=\"lazy\" decoding=\"async\" class=\"vg\" src=\"https:\/\/ssl-vg03.met.vgwort.de\/na\/037e832598fc4bc4a78cd32f20a913c4\" alt=\"\" width=\"1\" height=\"1\" \/><\/p>\n","protected":false},"excerpt":{"rendered":"<p>Wieder einmal schlagen die EU-B\u00fcrokraten per Verordnung zu. Jeder d\u00fcrfte sich noch mit Schrecken an die mittlerweile abgeschaffte Gurkenkr\u00fcmmungsverordnung 1677\/88 erinnern, die festschrieb, dass eine Gurke nicht zu stark gekr\u00fcmmt sein d\u00fcrfe. Entgegen eines weit verbreiteten Irrtums ging diese Verordnung nicht direkt von der EU aus, sondern wurde vom Handel gefordert, der sich Platzeinsparungen bei [&hellip;]<\/p>\n","protected":false},"author":1,"featured_media":0,"comment_status":"open","ping_status":"open","sticky":false,"template":"","format":"standard","meta":{"footnotes":""},"categories":[26,2,15,6],"tags":[108,762,527,761],"class_list":["post-448","post","type-post","status-publish","format-standard","hentry","category-braeuche","category-gesellschaftliches","category-natur","category-politik","tag-eu","tag-kruemmungsverordnung","tag-weihnachten","tag-weihnachtsbaeume"],"_links":{"self":[{"href":"https:\/\/www.keinblatt.de\/blog\/wp-json\/wp\/v2\/posts\/448","targetHints":{"allow":["GET"]}}],"collection":[{"href":"https:\/\/www.keinblatt.de\/blog\/wp-json\/wp\/v2\/posts"}],"about":[{"href":"https:\/\/www.keinblatt.de\/blog\/wp-json\/wp\/v2\/types\/post"}],"author":[{"embeddable":true,"href":"https:\/\/www.keinblatt.de\/blog\/wp-json\/wp\/v2\/users\/1"}],"replies":[{"embeddable":true,"href":"https:\/\/www.keinblatt.de\/blog\/wp-json\/wp\/v2\/comments?post=448"}],"version-history":[{"count":0,"href":"https:\/\/www.keinblatt.de\/blog\/wp-json\/wp\/v2\/posts\/448\/revisions"}],"wp:attachment":[{"href":"https:\/\/www.keinblatt.de\/blog\/wp-json\/wp\/v2\/media?parent=448"}],"wp:term":[{"taxonomy":"category","embeddable":true,"href":"https:\/\/www.keinblatt.de\/blog\/wp-json\/wp\/v2\/categories?post=448"},{"taxonomy":"post_tag","embeddable":true,"href":"https:\/\/www.keinblatt.de\/blog\/wp-json\/wp\/v2\/tags?post=448"}],"curies":[{"name":"wp","href":"https:\/\/api.w.org\/{rel}","templated":true}]}}