{"id":4409,"date":"2025-03-13T18:49:15","date_gmt":"2025-03-13T17:49:15","guid":{"rendered":"https:\/\/www.keinblatt.de\/blog\/?p=4409"},"modified":"2025-04-03T11:47:36","modified_gmt":"2025-04-03T09:47:36","slug":"niemand-krank-ohne-kliniken","status":"publish","type":"post","link":"https:\/\/www.keinblatt.de\/blog\/niemand-krank-ohne-kliniken\/","title":{"rendered":"Spahn: Niemand m\u00fcsste in Deutschland krank sein, wenn es die Kliniken nicht g\u00e4be"},"content":{"rendered":"<figure id=\"attachment_4410\" aria-describedby=\"caption-attachment-4410\" style=\"width: 580px\" class=\"wp-caption alignnone\"><a href=\"https:\/\/www.keinblatt.de\/blog\/wp-content\/uploads\/2025\/03\/Portrait_of_jens_Spahn_MdB.jpg\"><img loading=\"lazy\" decoding=\"async\" class=\"size-large wp-image-4410\" src=\"https:\/\/www.keinblatt.de\/blog\/wp-content\/uploads\/2025\/03\/Portrait_of_jens_Spahn_MdB-1024x683.jpg\" alt=\"Jens Spahn\" width=\"580\" height=\"387\" srcset=\"https:\/\/www.keinblatt.de\/blog\/wp-content\/uploads\/2025\/03\/Portrait_of_jens_Spahn_MdB-1024x683.jpg 1024w, https:\/\/www.keinblatt.de\/blog\/wp-content\/uploads\/2025\/03\/Portrait_of_jens_Spahn_MdB-300x200.jpg 300w, https:\/\/www.keinblatt.de\/blog\/wp-content\/uploads\/2025\/03\/Portrait_of_jens_Spahn_MdB-768x512.jpg 768w, https:\/\/www.keinblatt.de\/blog\/wp-content\/uploads\/2025\/03\/Portrait_of_jens_Spahn_MdB-1536x1024.jpg 1536w, https:\/\/www.keinblatt.de\/blog\/wp-content\/uploads\/2025\/03\/Portrait_of_jens_Spahn_MdB-2048x1366.jpg 2048w, https:\/\/www.keinblatt.de\/blog\/wp-content\/uploads\/2025\/03\/Portrait_of_jens_Spahn_MdB-1200x800.jpg 1200w, https:\/\/www.keinblatt.de\/blog\/wp-content\/uploads\/2025\/03\/Portrait_of_jens_Spahn_MdB-1980x1320.jpg 1980w\" sizes=\"auto, (max-width: 580px) 100vw, 580px\" \/><\/a><figcaption id=\"caption-attachment-4410\" class=\"wp-caption-text\">Jens Spahn (CDU) spricht gesunden Patientenverstand aus. Foto: Stephan Baumann \/ Lizenz: <a href=\"https:\/\/creativecommons.org\/licenses\/by-sa\/3.0\/\" target=\"_blank\">CC BY-SA 3.0<\/a><\/figcaption><\/figure>\n<p>Der k\u00fcnftige Bundesgesundheitsminister Jens Spahn (CDU) hat angesichts des Debatte um die prek\u00e4re Finanzsituation der Kliniken in Deutschland vor einer Geringsch\u00e4tzung gesunder Lebensweise und Vorbeugung gewarnt. Er sagte unserem Blatt: &#8222;Niemand m\u00fcsste in Deutschland krank sein, wenn es die Kliniken nicht g\u00e4be. Mit seinem Krankenkassenbeitrag leistet jeder das, was er zum Gesundsein braucht.&#8220;<\/p>\n<p>Hier zeigt sich eine Parallele. <a href=\"https:\/\/www.merkur.de\/politik\/jens-spahn-cdu-niemand-muesste-hungern-wenn-tafeln-nicht-gaebe-zr-9682324.html\" target=\"_blank\" rel=\"noopener\">Spahn hatte bereits mit dem Satz &#8222;Niemand m\u00fcsste in Deutschland hungern, wenn es die Tafeln nicht g\u00e4be. Mit Hartz IV hat jeder das, was er zum Leben braucht&#8220; f\u00fcr Aufsehen gesorgt.<\/a><\/p>\n<p>Was f\u00fcr die Versorgung mit Lebensmitteln gelte, k\u00f6nne auch in \u00e4hnlicher Form auf das Gesundheitssystem angewendet werden, so Spahn, im Grund genommen auch auf weitere Bereiche wie Verkehr, Handel. Bauwesen, Atomindustrie und Milit\u00e4r. Beobachter werten das als Signal f\u00fcr den Fall, dass Spahn in seiner weiteren Karriere das Ressort wechselt.<\/p>\n<p>Spahn wolle die Kliniken keinesfalls abschaffen, im Gegenteil. Er verteidigt sogar das auf Gastroskopie spezialisierte Klinikum in Darmstadt. Als Minister plant er ein Spahn-Spital-Split-Modell, bei dem Kliniken nach einem noch festzulegenden Punktesystem verg\u00fctetet werden. Kliniken, die Patienten und Besucher mit Masken aus seinem neuen Deal versorgen, k\u00f6nnen Extrapunkte erhalten. Sanierungen der Klinikkapellen, um mehr auf christliche Medizin mit Gebeten und Wunderheilungen zu setzen, sollen bezuschusst werden. Spahn lobte die Kraft des christlichen Glaubens, der sogar Auferstehungen oder \u2013 noch komplexer \u2013 Genesungen nach Corona erm\u00f6gliche.<\/p>\n<p>Spahn verteidigte indes den Aufnahmestopp f\u00fcr ausl\u00e4ndische Patienten an dem Darmst\u00e4dter Klinikum. Junge M\u00e4nner tr\u00e4ten dort &#8222;derart dreist und robust auf, dass \u00c4ltere oder Alleinerziehende keine Chance mehr haben, auch eine Koloskopie abzubekommen&#8220;, sagte er. &#8222;Dass dann Ma\u00dfnahmen ergriffen werden, finde ich richtig.&#8220;<img loading=\"lazy\" decoding=\"async\" class=\"vg\" src=\"https:\/\/vg09.met.vgwort.de\/na\/95a450b1b80b48fa9369ed0042ad57bf\" alt=\"\" width=\"1\" height=\"1\" \/><\/p>\n","protected":false},"excerpt":{"rendered":"<p>Der k\u00fcnftige Bundesgesundheitsminister Jens Spahn (CDU) hat angesichts des Debatte um die prek\u00e4re Finanzsituation der Kliniken in Deutschland vor einer Geringsch\u00e4tzung gesunder Lebensweise und Vorbeugung gewarnt. Er sagte unserem Blatt: &#8222;Niemand m\u00fcsste in Deutschland krank sein, wenn es die Kliniken nicht g\u00e4be. Mit seinem Krankenkassenbeitrag leistet jeder das, was er zum Gesundsein braucht.&#8220; Hier zeigt [&hellip;]<\/p>\n","protected":false},"author":1,"featured_media":0,"comment_status":"open","ping_status":"open","sticky":false,"template":"","format":"standard","meta":{"footnotes":""},"categories":[13,6],"tags":[492,1290,1905,242],"class_list":["post-4409","post","type-post","status-publish","format-standard","hentry","category-medizin","category-politik","tag-jens-spahn","tag-kliniken","tag-krank","tag-krankenversicherung"],"_links":{"self":[{"href":"https:\/\/www.keinblatt.de\/blog\/wp-json\/wp\/v2\/posts\/4409","targetHints":{"allow":["GET"]}}],"collection":[{"href":"https:\/\/www.keinblatt.de\/blog\/wp-json\/wp\/v2\/posts"}],"about":[{"href":"https:\/\/www.keinblatt.de\/blog\/wp-json\/wp\/v2\/types\/post"}],"author":[{"embeddable":true,"href":"https:\/\/www.keinblatt.de\/blog\/wp-json\/wp\/v2\/users\/1"}],"replies":[{"embeddable":true,"href":"https:\/\/www.keinblatt.de\/blog\/wp-json\/wp\/v2\/comments?post=4409"}],"version-history":[{"count":0,"href":"https:\/\/www.keinblatt.de\/blog\/wp-json\/wp\/v2\/posts\/4409\/revisions"}],"wp:attachment":[{"href":"https:\/\/www.keinblatt.de\/blog\/wp-json\/wp\/v2\/media?parent=4409"}],"wp:term":[{"taxonomy":"category","embeddable":true,"href":"https:\/\/www.keinblatt.de\/blog\/wp-json\/wp\/v2\/categories?post=4409"},{"taxonomy":"post_tag","embeddable":true,"href":"https:\/\/www.keinblatt.de\/blog\/wp-json\/wp\/v2\/tags?post=4409"}],"curies":[{"name":"wp","href":"https:\/\/api.w.org\/{rel}","templated":true}]}}