{"id":4406,"date":"2025-02-12T00:11:06","date_gmt":"2025-02-11T23:11:06","guid":{"rendered":"https:\/\/www.keinblatt.de\/blog\/?p=4406"},"modified":"2025-02-12T07:37:18","modified_gmt":"2025-02-12T06:37:18","slug":"hoecke_bildungsminister","status":"publish","type":"post","link":"https:\/\/www.keinblatt.de\/blog\/hoecke_bildungsminister\/","title":{"rendered":"Aufregung um geheimes Schattenkabinett Merz: Wird Bernd H\u00f6cke nur Bildungsminister?"},"content":{"rendered":"<figure id=\"attachment_2468\" aria-describedby=\"caption-attachment-2468\" style=\"width: 580px\" class=\"wp-caption alignnone\"><a href=\"https:\/\/www.keinblatt.de\/blog\/wp-content\/uploads\/2017\/01\/22391802232_e8c70d700e_b.jpg\"><img loading=\"lazy\" decoding=\"async\" class=\"size-large wp-image-2468\" src=\"https:\/\/www.keinblatt.de\/blog\/wp-content\/uploads\/2017\/01\/22391802232_e8c70d700e_b-1024x683.jpg\" alt=\"Bernd H\u00f6cke\" width=\"580\" height=\"387\" srcset=\"https:\/\/www.keinblatt.de\/blog\/wp-content\/uploads\/2017\/01\/22391802232_e8c70d700e_b.jpg 1024w, https:\/\/www.keinblatt.de\/blog\/wp-content\/uploads\/2017\/01\/22391802232_e8c70d700e_b-300x200.jpg 300w, https:\/\/www.keinblatt.de\/blog\/wp-content\/uploads\/2017\/01\/22391802232_e8c70d700e_b-768x512.jpg 768w\" sizes=\"auto, (max-width: 580px) 100vw, 580px\" \/><\/a><figcaption id=\"caption-attachment-2468\" class=\"wp-caption-text\">Bernd H\u00f6cke (AfD) soll offenbar nicht das wichtigste Bundesministerium bekommen. Foto: Metropolico.org \/ Lizenz: <a href=\"https:\/\/creativecommons.org\/licenses\/by-sa\/2.0\/\" target=\"_blank\">CC BY-SA 2.0<\/a><\/figcaption><\/figure>\n<p>Eigentlich sollte alles unter Verschluss bleiben. Doch ein Vertrauter Merz\u2019, der anonym bleiben will, hat sich in seiner Ver\u00e4rgerung \u00fcber die Personalie Bernd H\u00f6cke (AfD) verplappert und unserem Blatt einige vertrauliche Informationen gesteckt.<\/p>\n<p>Konkret soll Bernd H\u00f6cke im Kabinett Merz lediglich Bildungsminister werden, genauer Bundesminister f\u00fcr Bildung und Forschung. Der Gedanke scheint klar zu sein. An dem starken Mann aus Th\u00fcringen kommt Friedrich Merz (CDU) nicht vorbei, aber man will ihm nicht zu viel Macht geben und ihn daher in einem Ministerium ruhigstellen, das nicht eines der wichtigsten ist. Argumentiert wird aber auch damit, dass er als ehemaliger Geschichtslehrer der ideale Kandidat daf\u00fcr sei.<\/p>\n<h3>Atomministerium kommt zur\u00fcck!<\/h3>\n<p>Auch wurde bekannt, dass nach langer Zeit wieder ein Atomministerium geschaffen werden soll, das den Bau neuer Atomkraftwerke und den R\u00fcckbau von Windkraftanlagen vorantreiben soll. Eine genaue Formel, wie viele Windkraftanlagen durch jeweils ein neues Atomkraftwerk ersetzt werden sollen, wird noch entwickelt. Es sollen, wenn m\u00f6glich, nicht nur herk\u00f6mmliche Atomreaktoren auf Uran-Basis., sondern auch neuartige Thorium-Atomreaktoren gebaut werden. F\u00fcr das Atomministerium ist Philipp Amthor (CDU) vorgesehen, dem man am ehesten zutraut, bei den J\u00fcngeren die erforderliche Begeisterung f\u00fcr Atomkraft zu wecken.<\/p>\n<h3>S\u00f6der wird Au\u00dfenminister<\/h3>\n<p>Bundesau\u00dfenminister soll Dr. Markus S\u00f6der (CSU) werden, der in Warschau schon einmal ge\u00fcbt und den Test mit Bravour bestanden hat. S\u00f6der hat gro\u00dfe Pl\u00e4ne. F\u00fcr jeden zus\u00e4tzlichen Bundesstaat, den Donald Trump erwirbt, will S\u00f6der Merz helfen, Deutschland um jeweils ein Bundesland zu erweitern. &#8222;Auf Augenh\u00f6he mit Trump&#8220; bezeichnet das der designierte Chefdiplomat. &#8222;Wenn die Israelis mit den USA als neuen Nachbarn nicht einverstanden sein sollten, dann baue ich im Gaza-Streifen ein zweites Bayern und verschaffe Bayern endlich den verdienten Zugang zum Meer&#8220;, so der sympathische Franke und Cola-Zero-Trinker. &#8222;Bavaria Two&#8220; will er das Projekt passenderweise nennen, in Anspielung auf sein erfolgreiches Weltraumprojekt &#8222;Bavaria One&#8220;.<img loading=\"lazy\" decoding=\"async\" class=\"vg\" src=\"https:\/\/vg09.met.vgwort.de\/na\/d7981370ac844e72a84a10e34001cdab\" alt=\"\" width=\"1\" height=\"1\" \/><\/p>\n","protected":false},"excerpt":{"rendered":"<p>Eigentlich sollte alles unter Verschluss bleiben. Doch ein Vertrauter Merz\u2019, der anonym bleiben will, hat sich in seiner Ver\u00e4rgerung \u00fcber die Personalie Bernd H\u00f6cke (AfD) verplappert und unserem Blatt einige vertrauliche Informationen gesteckt. Konkret soll Bernd H\u00f6cke im Kabinett Merz lediglich Bildungsminister werden, genauer Bundesminister f\u00fcr Bildung und Forschung. Der Gedanke scheint klar zu sein. [&hellip;]<\/p>\n","protected":false},"author":1,"featured_media":0,"comment_status":"open","ping_status":"open","sticky":false,"template":"","format":"standard","meta":{"footnotes":""},"categories":[2,6],"tags":[700,1639,2914,183,233,394,2006,2913],"class_list":["post-4406","post","type-post","status-publish","format-standard","hentry","category-gesellschaftliches","category-politik","tag-afd","tag-bernd-hoecke","tag-bundesminister-fuer-bildung-und-forschung","tag-bundestagswahl","tag-cdu","tag-csu","tag-friedrich-merz","tag-schattenkabinett"],"_links":{"self":[{"href":"https:\/\/www.keinblatt.de\/blog\/wp-json\/wp\/v2\/posts\/4406","targetHints":{"allow":["GET"]}}],"collection":[{"href":"https:\/\/www.keinblatt.de\/blog\/wp-json\/wp\/v2\/posts"}],"about":[{"href":"https:\/\/www.keinblatt.de\/blog\/wp-json\/wp\/v2\/types\/post"}],"author":[{"embeddable":true,"href":"https:\/\/www.keinblatt.de\/blog\/wp-json\/wp\/v2\/users\/1"}],"replies":[{"embeddable":true,"href":"https:\/\/www.keinblatt.de\/blog\/wp-json\/wp\/v2\/comments?post=4406"}],"version-history":[{"count":0,"href":"https:\/\/www.keinblatt.de\/blog\/wp-json\/wp\/v2\/posts\/4406\/revisions"}],"wp:attachment":[{"href":"https:\/\/www.keinblatt.de\/blog\/wp-json\/wp\/v2\/media?parent=4406"}],"wp:term":[{"taxonomy":"category","embeddable":true,"href":"https:\/\/www.keinblatt.de\/blog\/wp-json\/wp\/v2\/categories?post=4406"},{"taxonomy":"post_tag","embeddable":true,"href":"https:\/\/www.keinblatt.de\/blog\/wp-json\/wp\/v2\/tags?post=4406"}],"curies":[{"name":"wp","href":"https:\/\/api.w.org\/{rel}","templated":true}]}}