{"id":4397,"date":"2024-10-26T12:34:05","date_gmt":"2024-10-26T10:34:05","guid":{"rendered":"https:\/\/www.keinblatt.de\/blog\/?p=4397"},"modified":"2024-10-26T12:50:12","modified_gmt":"2024-10-26T10:50:12","slug":"zeitumstellung-abgeschafft","status":"publish","type":"post","link":"https:\/\/www.keinblatt.de\/blog\/zeitumstellung-abgeschafft\/","title":{"rendered":"Abschaffung der Zeitumstellung kommt zusammen mit der Bargeldabschaffung"},"content":{"rendered":"<figure id=\"attachment_4399\" aria-describedby=\"caption-attachment-4399\" style=\"width: 580px\" class=\"wp-caption alignnone\"><a href=\"https:\/\/www.keinblatt.de\/blog\/wp-content\/uploads\/2024\/10\/time-change-7536775_1280.jpg\"><img loading=\"lazy\" decoding=\"async\" class=\"size-large wp-image-4399\" src=\"https:\/\/www.keinblatt.de\/blog\/wp-content\/uploads\/2024\/10\/time-change-7536775_1280-1024x682.jpg\" alt=\"Zeitumstellung\" width=\"580\" height=\"386\" srcset=\"https:\/\/www.keinblatt.de\/blog\/wp-content\/uploads\/2024\/10\/time-change-7536775_1280-1024x682.jpg 1024w, https:\/\/www.keinblatt.de\/blog\/wp-content\/uploads\/2024\/10\/time-change-7536775_1280-300x200.jpg 300w, https:\/\/www.keinblatt.de\/blog\/wp-content\/uploads\/2024\/10\/time-change-7536775_1280-768x512.jpg 768w, https:\/\/www.keinblatt.de\/blog\/wp-content\/uploads\/2024\/10\/time-change-7536775_1280-1200x800.jpg 1200w, https:\/\/www.keinblatt.de\/blog\/wp-content\/uploads\/2024\/10\/time-change-7536775_1280.jpg 1280w\" sizes=\"auto, (max-width: 580px) 100vw, 580px\" \/><\/a><figcaption id=\"caption-attachment-4399\" class=\"wp-caption-text\">Das geh\u00f6rt bald mit der Vergangenheit an. Auch das Bargeld wandert dann ins Museum. Lizenz: Public Domain<\/figcaption><\/figure>\n<p>In der Nacht vom 26. Oktober auf den 27. Oktober 2024 wird auf Normalzeit (in der Umgangssprache auch als Winterzeit bezeichnet) umgestellt. Die Uhren werden dabei um eine Stunde zur\u00fcckgestellt, konkret von drei Uhr auf zwei Uhr.<\/p>\n<p>Bei einer EU-Umfrage 2018 zur Zeitumstellung haben sich mehr als 80 Prozent der Teilnehmer f\u00fcr eine Abschaffung der Zeitumstellung ausgesprochen.<\/p>\n<p>Doch die Mitgliedsstaaten konnten sich bislang nicht auf einen einheitlichen Modus einigen. Konkret geht es um die Frage, ob das gesamte Jahr Normalzeit oder aber Sommerzeit gelten soll.<\/p>\n<p>Die Pr\u00e4sidentin der Europ\u00e4ischen Kommission, Ursula von der Leyen (CDU), hat nun bekanntgegeben, dass die Zeitumstellung sehr wohl komme. Sie sagte, die Zeitumstellung w\u00fcrde zusammen mit dem Bargeld abgeschafft. Der genaue Zeitpunkt w\u00fcrde noch festgelegt und bei Inkrafttreten des EU-Verbrennerverbots bekanntgegeben. Von der Leyen bittet die EU-B\u00fcrger noch ein bisschen um Geduld.<\/p>\n<p>Beobachter schlie\u00dfen daraus, dass die Abschaffung des Bargelds, die von der Mehrheit der EU-B\u00fcrger sehr kritisch gesehen wird, mit der Abschaffung der ungeliebten Zeitumstellung vers\u00fc\u00dft werden soll.<\/p>\n<p>Mit der Abschaffung des Bargelds sollen Steuerhinterziehung und Geldtransporter\u00fcberf\u00e4lle bek\u00e4mpft werden. Mit den Mehreinnahmen sollen unter anderem weitere Radwege in Peru gebaut werden.<\/p>\n<p>Viele Tausend Bettelbanden und Eisdielen werden sich im Zuge der Bargeldabschaffung Kartenleseger\u00e4te anschaffen m\u00fcssen. Auch bei Monopoly soll das Spielgeld durch ein Leseger\u00e4t ersetzt werden.<\/p>\n<p>Kritiker bef\u00fcrchten, dass zwar die Zeitumstellung abgeschafft werde, aber gleichzeitig eine neue Raumzeitumstellung eingef\u00fchrt werden k\u00f6nnte. Bei den Erben von Albert Einstein schrillen bereits jetzt s\u00e4mtliche Alarmuhrglocken.<\/p>\n<p>Hingegen begr\u00fc\u00dfen einige Endzeitsekten wie die katholische Kirche die Abschaffung der Zeitumstellung. Denn die Glocken w\u00fcrden in den beiden j\u00e4hrlichen Umstellungsn\u00e4chsten die Leute nun konsequenter terrorisieren. Ein Kirchensprecher sagte, selbst der liebe Gott h\u00e4tte in seiner All-Ewigkeit nicht verstanden, warum bei der Umstellung auf Normalzeit zweimal nacheinander dieselbe Zeit gebimmelt w\u00fcrde und bei der Umstellung auf Sommerzeit einmal L\u00e4uten fehlen w\u00fcrde.<img loading=\"lazy\" decoding=\"async\" class=\"vg\" src=\"https:\/\/vg09.met.vgwort.de\/na\/a6ab2c0ecdb147b59ce74a66d1f5ef47\" alt=\"\" width=\"1\" height=\"1\" \/><\/p>\n","protected":false},"excerpt":{"rendered":"<p>In der Nacht vom 26. Oktober auf den 27. Oktober 2024 wird auf Normalzeit (in der Umgangssprache auch als Winterzeit bezeichnet) umgestellt. Die Uhren werden dabei um eine Stunde zur\u00fcckgestellt, konkret von drei Uhr auf zwei Uhr. Bei einer EU-Umfrage 2018 zur Zeitumstellung haben sich mehr als 80 Prozent der Teilnehmer f\u00fcr eine Abschaffung der [&hellip;]<\/p>\n","protected":false},"author":1,"featured_media":0,"comment_status":"open","ping_status":"open","sticky":false,"template":"","format":"standard","meta":{"footnotes":""},"categories":[26,2,6],"tags":[1234,998,2195,126,207,2910,127,125],"class_list":["post-4397","post","type-post","status-publish","format-standard","hentry","category-braeuche","category-gesellschaftliches","category-politik","tag-bargeld","tag-bargeldabschaffung","tag-kommissionspraesident","tag-sommerzeit","tag-ursula-von-der-leyen","tag-verbrennerverbot","tag-winterzeit","tag-zeitumstellung"],"_links":{"self":[{"href":"https:\/\/www.keinblatt.de\/blog\/wp-json\/wp\/v2\/posts\/4397","targetHints":{"allow":["GET"]}}],"collection":[{"href":"https:\/\/www.keinblatt.de\/blog\/wp-json\/wp\/v2\/posts"}],"about":[{"href":"https:\/\/www.keinblatt.de\/blog\/wp-json\/wp\/v2\/types\/post"}],"author":[{"embeddable":true,"href":"https:\/\/www.keinblatt.de\/blog\/wp-json\/wp\/v2\/users\/1"}],"replies":[{"embeddable":true,"href":"https:\/\/www.keinblatt.de\/blog\/wp-json\/wp\/v2\/comments?post=4397"}],"version-history":[{"count":0,"href":"https:\/\/www.keinblatt.de\/blog\/wp-json\/wp\/v2\/posts\/4397\/revisions"}],"wp:attachment":[{"href":"https:\/\/www.keinblatt.de\/blog\/wp-json\/wp\/v2\/media?parent=4397"}],"wp:term":[{"taxonomy":"category","embeddable":true,"href":"https:\/\/www.keinblatt.de\/blog\/wp-json\/wp\/v2\/categories?post=4397"},{"taxonomy":"post_tag","embeddable":true,"href":"https:\/\/www.keinblatt.de\/blog\/wp-json\/wp\/v2\/tags?post=4397"}],"curies":[{"name":"wp","href":"https:\/\/api.w.org\/{rel}","templated":true}]}}