{"id":439,"date":"2013-12-19T10:23:21","date_gmt":"2013-12-19T09:23:21","guid":{"rendered":"http:\/\/www.keinblatt.de\/blog\/?p=439"},"modified":"2025-04-02T21:21:10","modified_gmt":"2025-04-02T19:21:10","slug":"mindestlohn-kommt-2017-aber-mit-seltsamen-ausnahmen-wie-80-minuten-stunden","status":"publish","type":"post","link":"https:\/\/www.keinblatt.de\/blog\/mindestlohn-kommt-2017-aber-mit-seltsamen-ausnahmen-wie-80-minuten-stunden\/","title":{"rendered":"Mindestlohn kommt 2017 \u2013 aber mit seltsamen Ausnahmen wie 80-Minuten-Stunden"},"content":{"rendered":"<figure id=\"attachment_440\" aria-describedby=\"caption-attachment-440\" style=\"width: 300px\" class=\"wp-caption alignleft\"><a href=\"https:\/\/www.keinblatt.de\/blog\/wp-content\/uploads\/2013\/12\/8741081032_04c010a006_b.jpg\"><img loading=\"lazy\" decoding=\"async\" class=\"size-medium wp-image-440\" src=\"https:\/\/www.keinblatt.de\/blog\/wp-content\/uploads\/2013\/12\/8741081032_04c010a006_b-300x200.jpg\" alt=\"Andrea Nahles\" width=\"300\" height=\"200\" srcset=\"https:\/\/www.keinblatt.de\/blog\/wp-content\/uploads\/2013\/12\/8741081032_04c010a006_b-300x200.jpg 300w, https:\/\/www.keinblatt.de\/blog\/wp-content\/uploads\/2013\/12\/8741081032_04c010a006_b-624x416.jpg 624w, https:\/\/www.keinblatt.de\/blog\/wp-content\/uploads\/2013\/12\/8741081032_04c010a006_b.jpg 1024w\" sizes=\"auto, (max-width: 300px) 100vw, 300px\" \/><\/a><figcaption id=\"caption-attachment-440\" class=\"wp-caption-text\">Die neue Arbeits- und Sozialministerin Andrea Nahles (SPD). Sozial ist, was Arbeit erh\u00e4lt. Foto: <a href=\"https:\/\/www.flickr.com\/photos\/spd-sh\/8741081032\/\" target=\"_blank\">SPD Schleswig-Holstein<\/a> \/ Lizenz: <a href=\"https:\/\/creativecommons.org\/licenses\/by\/2.0\/\" target=\"_blank\">CC BY 2.0<\/a><\/figcaption><\/figure>\n<p>Kurz vor der Weihnachtspause arbeitet die Bundesregierung fieberhaft am Mindestlohn. \u00dcber erste Rahmendaten berichtete keinblatt.de im Rahmen der <a href=\"https:\/\/www.keinblatt.de\/blog\/exklusiv-das-sind-die-neuen-minister-der-grossen-kollision-groko\/\">Vorstellung der neuen Ministerriege<\/a>. Nun wurden weitere Details bekannt. So soll der Mindestlohn von 8,50 Euro tats\u00e4chlich am 01.01.2017 fl\u00e4chendeckend eingef\u00fchrt werden. Aber auch \u00fcber diesen Stichtag hinaus soll es diverse Ausnahmen geben.<\/p>\n<p>Unternehmen, in denen die Jobs situationsbedingt zus\u00e4tzliche Pausen bringen, etwa bei Busfahrern, die Wendezeiten an den Endhaltestellen haben, k\u00f6nnen anzeigen, dass sie die 8,50 Euro nicht stundenweise, sondern pro vollendete 80 Minuten zahlen. Einstein h\u00e4tte an dieser Zeitdehnung seine helle Freude gehabt. Der Mindestlohn gilt ferner nicht f\u00fcr \u00dcberstunden. Unternehmen, die um das wirtschaftliche \u00dcberleben k\u00e4mpfen, k\u00f6nnen unbezahlte \u00dcberstunden anordnen. Es ist sogar m\u00f6glich, dem Arbeitnehmer f\u00fcr jede geleistete \u00dcberstunde bis zu 0,25 % des \u00fcblichen Stundenlohns abzuziehen. Damit sollen die Arbeitenden an die demn\u00e4chst anstehenden negativen Zinsen aufs Girokonto, Tagesgeld und Sparbuch gew\u00f6hnt werden. Diese minimale negative Bezahlung soll die immensen Betriebskosten, die ein Arbeiter verursacht, reduzieren.<\/p>\n<p>Der Mindestlohn gilt au\u00dferdem nicht f\u00fcr freie Mitarbeiter \u2013 man kann ja einem Unternehmen schlie\u00dflich nicht verbieten, die Leute zu entlassen und als feste freie Mitarbeiter wieder einzustellen \u2013, nicht f\u00fcr Praktikanten, nicht in der Probezeit, nicht f\u00fcr Mitarbeiter der Bettelmafia und nicht f\u00fcr einfachste Anlernberufe, deren Anlernphase unterhalb von zehn Stunden liegt.<\/p>\n<p>In Berufen, in denen Trinkgelder \u00fcblich sind, etwa bei Friseuren und Pizzadiensten, d\u00fcrfen Unternehmen au\u00dferdem bis zu 50 % des Trinkgelds vom Lohn abziehen. Dies soll ihre Lohnmehrausgaben reduzieren. Sozial ist, was Arbeit erh\u00e4lt.<\/p>\n<p>Damit sich auch F\u00fchrungskr\u00e4fte mit dem Mindestlohn arrangieren k\u00f6nnen, gilt f\u00fcr sie auch in Zukunft ein spezieller Mindestlohn. Dabei wird vorgeschrieben, dass F\u00fchrungskr\u00e4fte mindestens 20-mal mehr verdienen m\u00fcssen als in der untersten Lohnklasse.<\/p>\n<p>Trotz \u00fcberschaubarer Ausnahmen w\u00fcrden die Leute aber meist mehr verdienen als heute, oft sogar oberhalb des Existenzminimums, wird ein Vertrauter von Ministerin Andrea Nahles zitiert.<img loading=\"lazy\" decoding=\"async\" class=\"vgwort\" src=\"https:\/\/ssl-vg03.met.vgwort.de\/na\/4dafca0aecd0446e9dc57b7675baf1a2\" alt=\"\" width=\"1\" height=\"1\" \/><\/p>\n","protected":false},"excerpt":{"rendered":"<p>Kurz vor der Weihnachtspause arbeitet die Bundesregierung fieberhaft am Mindestlohn. \u00dcber erste Rahmendaten berichtete keinblatt.de im Rahmen der Vorstellung der neuen Ministerriege. Nun wurden weitere Details bekannt. So soll der Mindestlohn von 8,50 Euro tats\u00e4chlich am 01.01.2017 fl\u00e4chendeckend eingef\u00fchrt werden. Aber auch \u00fcber diesen Stichtag hinaus soll es diverse Ausnahmen geben. Unternehmen, in denen die [&hellip;]<\/p>\n","protected":false},"author":1,"featured_media":0,"comment_status":"open","ping_status":"open","sticky":false,"template":"","format":"standard","meta":{"footnotes":""},"categories":[6],"tags":[308,539],"class_list":["post-439","post","type-post","status-publish","format-standard","hentry","category-politik","tag-andrea-nahles","tag-mindestlohn"],"_links":{"self":[{"href":"https:\/\/www.keinblatt.de\/blog\/wp-json\/wp\/v2\/posts\/439","targetHints":{"allow":["GET"]}}],"collection":[{"href":"https:\/\/www.keinblatt.de\/blog\/wp-json\/wp\/v2\/posts"}],"about":[{"href":"https:\/\/www.keinblatt.de\/blog\/wp-json\/wp\/v2\/types\/post"}],"author":[{"embeddable":true,"href":"https:\/\/www.keinblatt.de\/blog\/wp-json\/wp\/v2\/users\/1"}],"replies":[{"embeddable":true,"href":"https:\/\/www.keinblatt.de\/blog\/wp-json\/wp\/v2\/comments?post=439"}],"version-history":[{"count":0,"href":"https:\/\/www.keinblatt.de\/blog\/wp-json\/wp\/v2\/posts\/439\/revisions"}],"wp:attachment":[{"href":"https:\/\/www.keinblatt.de\/blog\/wp-json\/wp\/v2\/media?parent=439"}],"wp:term":[{"taxonomy":"category","embeddable":true,"href":"https:\/\/www.keinblatt.de\/blog\/wp-json\/wp\/v2\/categories?post=439"},{"taxonomy":"post_tag","embeddable":true,"href":"https:\/\/www.keinblatt.de\/blog\/wp-json\/wp\/v2\/tags?post=439"}],"curies":[{"name":"wp","href":"https:\/\/api.w.org\/{rel}","templated":true}]}}