{"id":438,"date":"2013-12-18T23:14:28","date_gmt":"2013-12-18T22:14:28","guid":{"rendered":"http:\/\/www.keinblatt.de\/blog\/?p=438"},"modified":"2025-04-02T21:22:27","modified_gmt":"2025-04-02T19:22:27","slug":"der-naechste-eu-hammer-fuer-2015-auslandsvorwahlen-werden-abgeschafft-neue-ortsvorwahlen-eingefuehrt-2","status":"publish","type":"post","link":"https:\/\/www.keinblatt.de\/blog\/der-naechste-eu-hammer-fuer-2015-auslandsvorwahlen-werden-abgeschafft-neue-ortsvorwahlen-eingefuehrt-2\/","title":{"rendered":"Der n\u00e4chste EU-Hammer f\u00fcr 2015: Auslandsvorwahlen werden abgeschafft, neue Ortsvorwahlen eingef\u00fchrt"},"content":{"rendered":"<figure id=\"attachment_436\" aria-describedby=\"caption-attachment-436\" style=\"width: 300px\" class=\"wp-caption alignleft\"><a href=\"https:\/\/www.keinblatt.de\/blog\/wp-content\/uploads\/2013\/12\/9014051025_44e9c6aa43_b.jpg\"><img loading=\"lazy\" decoding=\"async\" class=\"size-medium wp-image-436\" src=\"https:\/\/www.keinblatt.de\/blog\/wp-content\/uploads\/2013\/12\/9014051025_44e9c6aa43_b-300x200.jpg\" alt=\"Euopa-Fahne\" width=\"300\" height=\"200\" srcset=\"https:\/\/www.keinblatt.de\/blog\/wp-content\/uploads\/2013\/12\/9014051025_44e9c6aa43_b-300x200.jpg 300w, https:\/\/www.keinblatt.de\/blog\/wp-content\/uploads\/2013\/12\/9014051025_44e9c6aa43_b-624x416.jpg 624w, https:\/\/www.keinblatt.de\/blog\/wp-content\/uploads\/2013\/12\/9014051025_44e9c6aa43_b.jpg 1024w\" sizes=\"auto, (max-width: 300px) 100vw, 300px\" \/><\/a><figcaption id=\"caption-attachment-436\" class=\"wp-caption-text\">Europa kommt immer weiter voran. Foto: <a href=\"https:\/\/www.flickr.com\/photos\/european_parliament\/9014051025\/\" target=\"_blank\">European Parliament<\/a> \/ Lizenz: <a href=\"https:\/\/creativecommons.org\/licenses\/by-nc-nd\/2.0\/\" target=\"_blank\">CC BY-NC-ND 2.0<\/a><\/figcaption><\/figure>\n<p>Den B\u00fcrgern in der EU wird so einiges zugemutet. Zun\u00e4chst wurde mit dem Euro bekanntlich eine gemeinsame W\u00e4hrung eingef\u00fchrt. Manche rechnen heute noch in DM um. <a href=\"https:\/\/www.keinblatt.de\/blog\/sensation-erster-gedaechtniskuenstler-weiss-neue-22-stellige-monsterkontonummer-auswendig\/\">Anfang 2014 werden im Rahmen des SEPA-Zahlungsverkehrs europaweit einheitliche Kontonummern eingef\u00fchrt und diese dabei auf 22 Stellen aufgeblasen<\/a>.<\/p>\n<p>Doch Anfang 2015 kommt schon der n\u00e4chste Hammer. Diesmal beim Telefonieren. Die Auslandsvorwahlen werden abgeschafft, die B\u00fcrger werden sich an neue Vorwahlen gew\u00f6hnen m\u00fcssen. Die EU-Kommissarin Claire Etiene will damit das Zusammenwachsen der L\u00e4nder in Europa forcieren. Schlie\u00dflich g\u00e4be es schon lange kein EU-Ausland mit Schlagb\u00e4umen mehr, sondern die Europ\u00e4ische Union, die als Fernziel eine politische Union werden soll. Daf\u00fcr sollen die Regionen gest\u00e4rkt werden. In Zukunft erh\u00e4lt jede Region bzw. jeder gr\u00f6\u00dfere Ort in der EU eine eindeutige Vorwahl. Die Vorwahl wird einheitlich auf zw\u00f6lf Stellen festgelegt.<\/p>\n<figure id=\"attachment_437\" aria-describedby=\"caption-attachment-437\" style=\"width: 300px\" class=\"wp-caption alignright\"><a href=\"https:\/\/www.keinblatt.de\/blog\/wp-content\/uploads\/2013\/12\/916115519_4cc959b06a_b.jpg\"><img loading=\"lazy\" decoding=\"async\" class=\"size-medium wp-image-437\" src=\"https:\/\/www.keinblatt.de\/blog\/wp-content\/uploads\/2013\/12\/916115519_4cc959b06a_b-300x225.jpg\" alt=\"Telefon\" width=\"300\" height=\"225\" srcset=\"https:\/\/www.keinblatt.de\/blog\/wp-content\/uploads\/2013\/12\/916115519_4cc959b06a_b-300x225.jpg 300w, https:\/\/www.keinblatt.de\/blog\/wp-content\/uploads\/2013\/12\/916115519_4cc959b06a_b-624x468.jpg 624w, https:\/\/www.keinblatt.de\/blog\/wp-content\/uploads\/2013\/12\/916115519_4cc959b06a_b.jpg 1024w\" sizes=\"auto, (max-width: 300px) 100vw, 300px\" \/><\/a><figcaption id=\"caption-attachment-437\" class=\"wp-caption-text\">Wieder ein St\u00fcck mehr Einheit. Foto: <a href=\"https:\/\/www.flickr.com\/photos\/albert_photos\/916115519\/\" target=\"_blank\">Albert!<\/a> \/ Lizenz: <a href=\"https:\/\/creativecommons.org\/licenses\/by-nc-nd\/2.0\/\" target=\"_blank\">CC BY-NC-ND 2.0<\/a><\/figcaption><\/figure>\n<p>Sonderrechte wie kurze Vorwahlen (etwa 030 f\u00fcr Berlin) wird es also nicht mehr geben, da dies dem Gleichheitsgrundsatz widerstreben w\u00fcrde. Die zw\u00f6lf Stellen m\u00f6gen \u00fcbertrieben klingen, allerdings werden hier ja Auslands- und Ortsvorwahl kombiniert sowie Pr\u00fcfziffern integriert. Letztere sollen die Wahrscheinlichkeit drastisch reduzieren, dass man die falsche Person ans Rohr bekommt, weil man sich verw\u00e4hlt hat. Der Vorteil liegt in einer Effizienzsteigerung in den Firmen durch Vermeidung unerw\u00fcnschter Telefonate. Das raffinierte System, das PARNASS (Paneuropean Adapted Ring Number Alteration System Service) genannt wird, ist au\u00dferdem so ausgelegt, dass man beim versehentlichen W\u00e4hlen einer Telefonnummer nach dem alten Schema nicht wo anders landet, sondern wegen einer verletzten Pr\u00fcfziffernkonsistenz gar kein Gespr\u00e4ch aufgebaut wird.<\/p>\n<h3>Vorwahl der EU aus dem nichteurop\u00e4ischen Ausland: 00999<\/h3>\n<p>Wer aus dem nichteurop\u00e4ischen Ausland in die EU anruft, muss in Zukunft eine 00999 vorw\u00e4hlen. Dies sei die letzte freie Auslandsvorwahl gewesen, die man sich noch irgendwie merken k\u00f6nne, so Etiene, sodass die Kommission sich daf\u00fcr entschieden habe.<\/p>\n<h3>Datenbank ASK-PARNASS kommt<\/h3>\n<p>Zum Nachschlagen der neuen Vorwahlen wird die Internetdatenbank ASK-PARNASS zur Verf\u00fcgung gestellt, die sich momentan in der Betaphase befindet und noch nicht f\u00fcr die allgemeine \u00d6ffentlichkeit zug\u00e4nglich ist. F\u00fcr ASK-PARNASS steht ein Etat von 2,3 Milliarden Euro zur Verf\u00fcgung.<\/p>\n<p>Eine \u00dcbergangsphase wie bei den Kontonummern kann es aus technischen Gr\u00fcnden nicht geben, da nur ein einziges Telefonsystem zur Verf\u00fcgung steht. Etiene ist sich aber sicher, dass ein gewisses Chaos nur wenige Tage anhalten werde. Dann werde sich jeder an die neuen Nummern gew\u00f6hnt haben.<\/p>\n<p>An den Tarifstrukturen d\u00fcrfte sich indes zun\u00e4chst wenig \u00e4ndern. Die Telekommunikationsanbieter d\u00fcrfen in einer \u00dcbergangszeit von f\u00fcnf Jahren Gespr\u00e4che in andere EU-Staaten noch zu einem Auslandstarif abrechnen, der allerdings nach den ersten drei Jahren auf ein Niveau von maximal 180 Prozent eines Inlandsgespr\u00e4chs gesenkt werden muss.<\/p>\n<p>Da die Telefongesellschaften die Umstellung aus eigener Tasche bezahlen m\u00fcssen, sind aber generelle Preismodifikationen nicht auszuschlie\u00dfen.<\/p>\n<h3>Politische Union<\/h3>\n<p>Als ultimatives Ziel soll die bereits erw\u00e4hnte politische Union kommen. Der genaue Zeitpunkt hierf\u00fcr steht noch nicht fest, realistisch ist ein Start in acht bis zehn Jahren. Nationale Ausweise werden dann durch EU-Ausweise mit holographischem Passfoto ersetzt. Als Amtssprache wird Denglisch eingef\u00fchrt. Damit hat die zust\u00e4ndige Kommission einen hervorragenden Kompromiss aus der Weltsprache Englisch und der nicht unbedeutenden Rolle Deutschlands beim Aufbau der EU gefunden.<img loading=\"lazy\" decoding=\"async\" class=\"vg\" style=\"display: none ! important;\" src=\"https:\/\/ssl-vg03.met.vgwort.de\/na\/8ca6d51c4e334a7eb14c306b957a459a\" alt=\"\" width=\"1\" height=\"1\" \/><\/p>\n","protected":false},"excerpt":{"rendered":"<p>Den B\u00fcrgern in der EU wird so einiges zugemutet. Zun\u00e4chst wurde mit dem Euro bekanntlich eine gemeinsame W\u00e4hrung eingef\u00fchrt. Manche rechnen heute noch in DM um. Anfang 2014 werden im Rahmen des SEPA-Zahlungsverkehrs europaweit einheitliche Kontonummern eingef\u00fchrt und diese dabei auf 22 Stellen aufgeblasen. Doch Anfang 2015 kommt schon der n\u00e4chste Hammer. Diesmal beim Telefonieren. [&hellip;]<\/p>\n","protected":false},"author":1,"featured_media":0,"comment_status":"open","ping_status":"open","sticky":false,"template":"","format":"standard","meta":{"footnotes":""},"categories":[6,17],"tags":[738,108,736,737,1471],"class_list":["post-438","post","type-post","status-publish","format-standard","hentry","category-politik","category-technik","tag-auslandsvorwahl","tag-eu","tag-sepa","tag-telefonieren","tag-telefonnummer"],"_links":{"self":[{"href":"https:\/\/www.keinblatt.de\/blog\/wp-json\/wp\/v2\/posts\/438","targetHints":{"allow":["GET"]}}],"collection":[{"href":"https:\/\/www.keinblatt.de\/blog\/wp-json\/wp\/v2\/posts"}],"about":[{"href":"https:\/\/www.keinblatt.de\/blog\/wp-json\/wp\/v2\/types\/post"}],"author":[{"embeddable":true,"href":"https:\/\/www.keinblatt.de\/blog\/wp-json\/wp\/v2\/users\/1"}],"replies":[{"embeddable":true,"href":"https:\/\/www.keinblatt.de\/blog\/wp-json\/wp\/v2\/comments?post=438"}],"version-history":[{"count":0,"href":"https:\/\/www.keinblatt.de\/blog\/wp-json\/wp\/v2\/posts\/438\/revisions"}],"wp:attachment":[{"href":"https:\/\/www.keinblatt.de\/blog\/wp-json\/wp\/v2\/media?parent=438"}],"wp:term":[{"taxonomy":"category","embeddable":true,"href":"https:\/\/www.keinblatt.de\/blog\/wp-json\/wp\/v2\/categories?post=438"},{"taxonomy":"post_tag","embeddable":true,"href":"https:\/\/www.keinblatt.de\/blog\/wp-json\/wp\/v2\/tags?post=438"}],"curies":[{"name":"wp","href":"https:\/\/api.w.org\/{rel}","templated":true}]}}