{"id":4338,"date":"2023-12-06T11:38:11","date_gmt":"2023-12-06T10:38:11","guid":{"rendered":"https:\/\/www.keinblatt.de\/blog\/?p=4338"},"modified":"2025-03-27T07:09:06","modified_gmt":"2025-03-27T06:09:06","slug":"soeder-gendern-probleme","status":"publish","type":"post","link":"https:\/\/www.keinblatt.de\/blog\/soeder-gendern-probleme\/","title":{"rendered":"S\u00f6der verbietet Gendern, weil er sich beim Thema Gendern fragt, ob wir denn keine anderen Probleme h\u00e4tten"},"content":{"rendered":"<figure id=\"attachment_4339\" aria-describedby=\"caption-attachment-4339\" style=\"width: 1024px\" class=\"wp-caption alignnone\"><a href=\"https:\/\/www.keinblatt.de\/blog\/wp-content\/uploads\/2023\/12\/Markus-Soeder-verbietet-gendern.jpg\"><img loading=\"lazy\" decoding=\"async\" class=\"size-full wp-image-4339\" src=\"https:\/\/www.keinblatt.de\/blog\/wp-content\/uploads\/2023\/12\/Markus-Soeder-verbietet-gendern.jpg\" alt=\"S\u00f6der verbietet gendern\" width=\"1024\" height=\"768\" srcset=\"https:\/\/www.keinblatt.de\/blog\/wp-content\/uploads\/2023\/12\/Markus-Soeder-verbietet-gendern.jpg 1024w, https:\/\/www.keinblatt.de\/blog\/wp-content\/uploads\/2023\/12\/Markus-Soeder-verbietet-gendern-300x225.jpg 300w, https:\/\/www.keinblatt.de\/blog\/wp-content\/uploads\/2023\/12\/Markus-Soeder-verbietet-gendern-768x576.jpg 768w\" sizes=\"auto, (max-width: 1024px) 100vw, 1024px\" \/><\/a><figcaption id=\"caption-attachment-4339\" class=\"wp-caption-text\">S\u00f6der handelt! Gendern \u00e0 la S\u00f6der. Foto: Mueller\/MSC, bearbeitet durch keinblatt.de \/ Lizenz: <a href=\"https:\/\/creativecommons.org\/licenses\/by\/3.0\/de\/deed.en\" target=\"_blank\">CC BY-SA 3.0<\/a><\/figcaption><\/figure>\n<p>Bayerns Ministerpr\u00e4sident, Landesvater, CSU-Vorsitzender und Geheimrat, Dr. Markus S\u00f6der, hat bekanntgegeben, <a href=\"https:\/\/www.abendzeitung-muenchen.de\/muenchen\/bayerns-ministerpraesident-markus-soeder-kuendigt-gender-verbot-an-art-944924\" target=\"_blank\" rel=\"noopener\">Gendern in Bayerns Schulen,\u00a0 Beh\u00f6rden und weiteren staatlichen Einrichtungen zuk\u00fcnftig gesetzlich zu verbieten<\/a>. Das Genderzeichen, unabh\u00e4ngig davon, ob als Gendersternchen (*), Doppelpunkt (:), Unterstrich (_) oder BinnenMajuskel, ist dann tabu.<\/p>\n<p>Statt <em>\u00c4rzt:innen, \u00c4rzt*innen,,\u00c4rzt_innen <\/em>oder <em>\u00c4rztInnen<\/em> hei\u00dft es also in Zukunft angemessen <em>\u00c4rzte<\/em>. S\u00f6der betonte, die Punkrockgruppe &#8222;Die \u00c4rzte&#8220; h\u00e4tte sich ja auch nicht in einem Ansturm krankhafter politischer Korrektheit umbenannt.<\/p>\n<p>Der Gottisschlag, die Sprechpause bei gegenderten W\u00f6rtern, wird ebenfalls untersagt. Es ist also nicht mehr gestattet,\u00a0 &#8222;\u00c4rzt (kleine Pause) innen&#8220; zu sagen. Es hei\u00dft jetzt <em>\u00c4rzte<\/em>. Um illegale Genderpausen festzustellen, werden in Klassenr\u00e4umen, Amtsstuben und weiteren staatlichen Einrichtungen Pausenerkennungssysteme installiert, die ab 200 Millisekunden Sprechpause einschreiten und Sanktionierungen einleiten. Aufgrund der langsamen Sprechweise der Moderatoren beim Bayerischen Rundfunk gelten dort 400 Millisekunden. S\u00f6der sagt, er sei sich aber sicher, dass es beim Bayerischen Rundfunk h\u00f6chstens in den prim\u00e4r f\u00fcr Senioren konzipierten Sendung &#8222;Gl\u00fcckwunschtelegramm&#8220;, &#8222;Schellack-Zeit&#8220; und &#8222;Schaukelstuhl&#8220; zu Verst\u00f6\u00dfe kommen k\u00f6nnte.<\/p>\n<h3>Bayern hat ganz andere Probleme<\/h3>\n<p>Die neue Regelung rechtfertigt der bayerische Ministerpr\u00e4sident damit, dass es derzeit wichtigere Probleme als das Gendern g\u00e4be. Er nannte das Verhindern der Installation weiterer Windr\u00e4der, da diese Bayern Autobahnen verschandeln w\u00fcrden, die Wiedereinf\u00fchrung der Atomkraft, da Bayern nicht nur das erste Land sein wolle, das das erste Atomkraft abgeschaltet h\u00e4tte (man sei heute noch stolz darauf), sondern auch das erste Land, das die ersten Meiler wieder baue und hochf\u00fchre. S\u00f6der betonte, auch die Kruzifix-Politik konsequent weiterzubetreiben. In Zukunft seien Kruzifixe auch in Mehrfamilienh\u00e4usern staatlicher und st\u00e4dtischer Wohnungs\u00adgesellschaften sowie auch in Bus-\/Trambahnwarteh\u00e4uschen obligatorisch \u2013 als nationales Symbol und als Bekenntnis zum Herrn Jesus Christus, der in seinem Kopf sei und zu ihm spr\u00e4che, um Bayern erfolgreich zu lenken. &#8222;Na, alter Lattenjupp!&#8220;, sagte S\u00f6der scherzhaft zu seiner zweiten Pers\u00f6nlichkeit, die damals der Kinderpsychologe partout nicht wegbekommen hatte.<\/p>\n<p>Ebenso will S\u00f6der st\u00e4rker gegen Klimakleber vorgehen. Dazu sagte er unserem Blatt: &#8222;Den Menschen in Bayern kann man bestimmte Wahrheiten nur begrenzt zumuten. Daher machen wir so weiter wie bisher, da wir das ja immer schon so gemacht haben.&#8220;<\/p>\n<p>Noch einmal darauf angesprochen, warum es erforderlich sei, das Gendern zu verbieten, wird S\u00f6der nun konkret: &#8222;Da es eben weit gr\u00f6\u00dfere Probleme als das Gendern gibt, k\u00f6nnen wir es ja auch verbieten. Da es eben so unbedeutend ist, wird es niemand vermissen.&#8220;<img loading=\"lazy\" decoding=\"async\" class=\"vg\" src=\"https:\/\/vg09.met.vgwort.de\/na\/e912269bfbca4ff49e0020c2313053c4\" alt=\"\" width=\"1\" height=\"1\" \/><\/p>\n","protected":false},"excerpt":{"rendered":"<p>Bayerns Ministerpr\u00e4sident, Landesvater, CSU-Vorsitzender und Geheimrat, Dr. Markus S\u00f6der, hat bekanntgegeben, Gendern in Bayerns Schulen,\u00a0 Beh\u00f6rden und weiteren staatlichen Einrichtungen zuk\u00fcnftig gesetzlich zu verbieten. Das Genderzeichen, unabh\u00e4ngig davon, ob als Gendersternchen (*), Doppelpunkt (:), Unterstrich (_) oder BinnenMajuskel, ist dann tabu. Statt \u00c4rzt:innen, \u00c4rzt*innen,,\u00c4rzt_innen oder \u00c4rztInnen hei\u00dft es also in Zukunft angemessen \u00c4rzte. S\u00f6der betonte, [&hellip;]<\/p>\n","protected":false},"author":1,"featured_media":0,"comment_status":"open","ping_status":"open","sticky":false,"template":"","format":"standard","meta":{"footnotes":""},"categories":[2,6,20],"tags":[166,2892,453,2596],"class_list":["post-4338","post","type-post","status-publish","format-standard","hentry","category-gesellschaftliches","category-politik","category-sprachliches","tag-gendern","tag-genderverbot","tag-markus-soeder","tag-verbote"],"_links":{"self":[{"href":"https:\/\/www.keinblatt.de\/blog\/wp-json\/wp\/v2\/posts\/4338","targetHints":{"allow":["GET"]}}],"collection":[{"href":"https:\/\/www.keinblatt.de\/blog\/wp-json\/wp\/v2\/posts"}],"about":[{"href":"https:\/\/www.keinblatt.de\/blog\/wp-json\/wp\/v2\/types\/post"}],"author":[{"embeddable":true,"href":"https:\/\/www.keinblatt.de\/blog\/wp-json\/wp\/v2\/users\/1"}],"replies":[{"embeddable":true,"href":"https:\/\/www.keinblatt.de\/blog\/wp-json\/wp\/v2\/comments?post=4338"}],"version-history":[{"count":0,"href":"https:\/\/www.keinblatt.de\/blog\/wp-json\/wp\/v2\/posts\/4338\/revisions"}],"wp:attachment":[{"href":"https:\/\/www.keinblatt.de\/blog\/wp-json\/wp\/v2\/media?parent=4338"}],"wp:term":[{"taxonomy":"category","embeddable":true,"href":"https:\/\/www.keinblatt.de\/blog\/wp-json\/wp\/v2\/categories?post=4338"},{"taxonomy":"post_tag","embeddable":true,"href":"https:\/\/www.keinblatt.de\/blog\/wp-json\/wp\/v2\/tags?post=4338"}],"curies":[{"name":"wp","href":"https:\/\/api.w.org\/{rel}","templated":true}]}}