{"id":4308,"date":"2023-07-04T23:05:51","date_gmt":"2023-07-04T21:05:51","guid":{"rendered":"https:\/\/www.keinblatt.de\/blog\/?p=4308"},"modified":"2023-07-04T23:58:35","modified_gmt":"2023-07-04T21:58:35","slug":"kanzler-will-von-afd-regierte-bezirke-aus-der-bundesrepublik-ausschliessen-sie-werden-wieder-ddr","status":"publish","type":"post","link":"https:\/\/www.keinblatt.de\/blog\/kanzler-will-von-afd-regierte-bezirke-aus-der-bundesrepublik-ausschliessen-sie-werden-wieder-ddr\/","title":{"rendered":"Kanzler will von AfD regierte Bezirke aus der Bundesrepublik ausschlie\u00dfen \u2013 sie werden wieder DDR"},"content":{"rendered":"<figure id=\"attachment_4309\" aria-describedby=\"caption-attachment-4309\" style=\"width: 768px\" class=\"wp-caption alignnone\"><a href=\"https:\/\/www.keinblatt.de\/blog\/wp-content\/uploads\/2023\/07\/olaf-scholz-is-extremely-angry-.png\"><img loading=\"lazy\" decoding=\"async\" class=\"size-full wp-image-4309\" src=\"https:\/\/www.keinblatt.de\/blog\/wp-content\/uploads\/2023\/07\/olaf-scholz-is-extremely-angry-.png\" alt=\"Olaf Scholz\" width=\"768\" height=\"768\" srcset=\"https:\/\/www.keinblatt.de\/blog\/wp-content\/uploads\/2023\/07\/olaf-scholz-is-extremely-angry-.png 768w, https:\/\/www.keinblatt.de\/blog\/wp-content\/uploads\/2023\/07\/olaf-scholz-is-extremely-angry--300x300.png 300w, https:\/\/www.keinblatt.de\/blog\/wp-content\/uploads\/2023\/07\/olaf-scholz-is-extremely-angry--150x150.png 150w, https:\/\/www.keinblatt.de\/blog\/wp-content\/uploads\/2023\/07\/olaf-scholz-is-extremely-angry--144x144.png 144w\" sizes=\"auto, (max-width: 768px) 100vw, 768px\" \/><\/a><figcaption id=\"caption-attachment-4309\" class=\"wp-caption-text\">Olaf Scholz geht nun <em>rechtssicher<\/em> (gemeint sind hier zwei Bedeutungen) gegen die AfD vor. Foto: Pressestelle des Bundestages<\/figcaption><\/figure>\n<p>Eine Woche nach der siegreichen Landratswahl im th\u00fcringschen Sonneberg, bei der Robert Sesselmann in einer Stichwahl zum Landrat gew\u00e4hlt worden war, konnte die AfD einen weiteren Erfolg einfahren. Erstmals stellt die rechtsextreme AfD einen B\u00fcrgermeister. In Raguhn-Jessnitz (Sachsen-Anhalt) zieht Hannes Loth in das Rathaus ein, der zuk\u00fcnftig die Kleinstadt regieren wird.<\/p>\n<p>Bundeskanzler Olaf Scholz (SPD) hat nun die Nase gestrichen voll. &#8222;In der Bundesrepublik Deutschland haben Nazis nichts verloren. Dass sie jetzt auch noch Regierungsverantwortung haben, k\u00f6nnen und werden wir nicht hinnehmen. Es ist eine ungeheure Provokation und Gefahr, dass sich wieder extreme Kr\u00e4fte in Deutschland, bislang Ostdeutschland, breitmachen, die die demokratische Grundordnung zerst\u00f6ren und dem Faschismus T\u00fcr und Tor \u00f6ffnen. Eine Diktatur gab es vorher in Ostdeutschland, jetzt kriegen die W\u00e4hlerinnen und -w\u00e4hler sie zur\u00fcck. Sie wollen es nicht anders.&#8220;<\/p>\n<h3>Nach Ausgliederung wieder DDR<\/h3>\n<p>Konkret will Scholz alle St\u00e4dte, Landkreise, Kreise, Bezirke, notfalls ganze Bundesl\u00e4nder aus der Bundesrepublik Deutschland ausschlie\u00dfen. Sie unterliegen dann nicht mehr dem Einigungsvertrag und gelten wieder als DDR, mit allen Rechten (hier sind jetzt beide Bedeutungen von &#8222;rechts&#8220; gemeint) und Pflichten. &#8222;Da schw\u00e4rmen doch so viele davon, also erf\u00fcllen wir ihren Wunsch!&#8220;, so der Bundeskanzler.<\/p>\n<p>&#8222;Wenn sie sich irgendwann eines Besseren besinnen, k\u00f6nnen sie sich gerne f\u00fcr eine Wiederaufnahme in die Bundesrepublik Deutschland bewerben&#8220;, f\u00fchrt Scholz aus. Das Bundeskabinett hat den Ausgliederungspl\u00e4nen bereits zugestimmt.<\/p>\n<p>Eine Kommission soll nun schleunigst die entsprechenden Ma\u00dfnahmen ausarbeiten. Der Sozialismus wird in den betroffenen Gebieten bald zur\u00fcck sein. Kopfzerbrechen bereitet Scholz nur das Verh\u00e4ltnis zu Russland, das dann von der wiedererschaffenen DDR neu bewertet werden m\u00fcsse. &#8222;Als Abschiedsgeschenk kann ich gerne ein paar DDR-Witze verteilen&#8220;, f\u00fcgt der Kanzler s\u00fcffisant an, &#8222;auch welche, f\u00fcr die sich so manche dann f\u00fcr den Knast bewerben k\u00f6nnen.&#8220;<img loading=\"lazy\" decoding=\"async\" class=\"vg\" src=\"https:\/\/vg09.met.vgwort.de\/na\/c7d860d210124ad48537826f241c73b8\" alt=\"\" width=\"1\" height=\"1\" \/><\/p>\n","protected":false},"excerpt":{"rendered":"<p>Eine Woche nach der siegreichen Landratswahl im th\u00fcringschen Sonneberg, bei der Robert Sesselmann in einer Stichwahl zum Landrat gew\u00e4hlt worden war, konnte die AfD einen weiteren Erfolg einfahren. Erstmals stellt die rechtsextreme AfD einen B\u00fcrgermeister. In Raguhn-Jessnitz (Sachsen-Anhalt) zieht Hannes Loth in das Rathaus ein, der zuk\u00fcnftig die Kleinstadt regieren wird. Bundeskanzler Olaf Scholz (SPD) [&hellip;]<\/p>\n","protected":false},"author":1,"featured_media":0,"comment_status":"open","ping_status":"open","sticky":false,"template":"","format":"standard","meta":{"footnotes":""},"categories":[2,6],"tags":[700,603,2880,1299,837,2879,2868,2002,2865,2001,604],"class_list":["post-4308","post","type-post","status-publish","format-standard","hentry","category-gesellschaftliches","category-politik","tag-afd","tag-ddr","tag-hannes-loth","tag-nazis","tag-olaf-scholz","tag-raguhn-jessnitz","tag-robert-sesselmann","tag-sachsen-anhalt","tag-sonneberg","tag-thueringen","tag-wiedervereinigung"],"_links":{"self":[{"href":"https:\/\/www.keinblatt.de\/blog\/wp-json\/wp\/v2\/posts\/4308","targetHints":{"allow":["GET"]}}],"collection":[{"href":"https:\/\/www.keinblatt.de\/blog\/wp-json\/wp\/v2\/posts"}],"about":[{"href":"https:\/\/www.keinblatt.de\/blog\/wp-json\/wp\/v2\/types\/post"}],"author":[{"embeddable":true,"href":"https:\/\/www.keinblatt.de\/blog\/wp-json\/wp\/v2\/users\/1"}],"replies":[{"embeddable":true,"href":"https:\/\/www.keinblatt.de\/blog\/wp-json\/wp\/v2\/comments?post=4308"}],"version-history":[{"count":0,"href":"https:\/\/www.keinblatt.de\/blog\/wp-json\/wp\/v2\/posts\/4308\/revisions"}],"wp:attachment":[{"href":"https:\/\/www.keinblatt.de\/blog\/wp-json\/wp\/v2\/media?parent=4308"}],"wp:term":[{"taxonomy":"category","embeddable":true,"href":"https:\/\/www.keinblatt.de\/blog\/wp-json\/wp\/v2\/categories?post=4308"},{"taxonomy":"post_tag","embeddable":true,"href":"https:\/\/www.keinblatt.de\/blog\/wp-json\/wp\/v2\/tags?post=4308"}],"curies":[{"name":"wp","href":"https:\/\/api.w.org\/{rel}","templated":true}]}}