{"id":4282,"date":"2023-04-17T10:56:42","date_gmt":"2023-04-17T08:56:42","guid":{"rendered":"https:\/\/www.keinblatt.de\/blog\/?p=4282"},"modified":"2023-04-17T11:08:48","modified_gmt":"2023-04-17T09:08:48","slug":"montag-9-uhr-soeder-will-akw-doch-nicht-laenger-betreiben-stimmungswandel-dann-um-11-uhr","status":"publish","type":"post","link":"https:\/\/www.keinblatt.de\/blog\/montag-9-uhr-soeder-will-akw-doch-nicht-laenger-betreiben-stimmungswandel-dann-um-11-uhr\/","title":{"rendered":"Montag, 9 Uhr, S\u00f6der will AKW doch nicht l\u00e4nger betreiben \u2013 Stim&shy;mungs&shy;wandel dann um 11 Uhr"},"content":{"rendered":"<figure id=\"attachment_4283\" aria-describedby=\"caption-attachment-4283\" style=\"width: 580px\" class=\"wp-caption alignnone\"><a href=\"https:\/\/www.keinblatt.de\/blog\/wp-content\/uploads\/2023\/04\/Markus-Soeder-Atomkraft.jpg\"><img loading=\"lazy\" decoding=\"async\" class=\"size-large wp-image-4283\" src=\"https:\/\/www.keinblatt.de\/blog\/wp-content\/uploads\/2023\/04\/Markus-Soeder-Atomkraft-1024x680.jpg\" alt=\"Markus S\u00f6der Atomkraft\" width=\"580\" height=\"385\" srcset=\"https:\/\/www.keinblatt.de\/blog\/wp-content\/uploads\/2023\/04\/Markus-Soeder-Atomkraft-1024x680.jpg 1024w, https:\/\/www.keinblatt.de\/blog\/wp-content\/uploads\/2023\/04\/Markus-Soeder-Atomkraft-300x199.jpg 300w, https:\/\/www.keinblatt.de\/blog\/wp-content\/uploads\/2023\/04\/Markus-Soeder-Atomkraft-768x510.jpg 768w, https:\/\/www.keinblatt.de\/blog\/wp-content\/uploads\/2023\/04\/Markus-Soeder-Atomkraft-1536x1020.jpg 1536w, https:\/\/www.keinblatt.de\/blog\/wp-content\/uploads\/2023\/04\/Markus-Soeder-Atomkraft-1200x797.jpg 1200w, https:\/\/www.keinblatt.de\/blog\/wp-content\/uploads\/2023\/04\/Markus-Soeder-Atomkraft.jpg 1920w\" sizes=\"auto, (max-width: 580px) 100vw, 580px\" \/><\/a><figcaption id=\"caption-attachment-4283\" class=\"wp-caption-text\">Wechselstrom-Bef\u00fcrworter Markus S\u00f6der k\u00fcndigt einen Wiedereinstieg aus dem zur\u00fcckgenommenen Wiederausstieg an. Foto: Gerd Seidel, bearbeitet durch keinblatt.de \/ Lizenz: <a href=\"https:\/\/creativecommons.org\/licenses\/by-sa\/3.0\/deed.en\" target=\"_blank\">CC BY-SA 3.0<\/a><\/figcaption><\/figure>\n<p>2011 hatte Bayerns Ministerpr\u00e4sident Markus S\u00f6der (CSU) noch mit R\u00fccktritt gedroht, sollte es in Bayern erst sp\u00e4ter als 2022 einen Ausstieg aus der Atomkraft geben. 2013 br\u00fcstet er sich damit, mit ISAR I als Erster ein Atomkraftwerk abgeschaltet zu haben. Inzwischen ist Strom sehr teuer geworden. &#8222;Fukushima kann uns keine Warnung mehr sein,&#8220;, sagte S\u00f6der am Sonntag, &#8222;Strom, den Leute auch bezahlen k\u00f6nnen, und Klimaschutz sind das Entscheidende. Der Atomm\u00fcll ist zwar ein Problem, aber den schie\u00dft Bavaria One notfalls auf den Mars.&#8220;<\/p>\n<p>S\u00f6der \u00fcberraschte mit der Ank\u00fcndigung, das Atomkraftwerk mit dem harmlosen Namen ISAR II (Isoptop Strahlung Atom Reaktor) in Eigenregie weiterbetreiben zu wollen. &#8222;Lehnt dies der Bund ab, reiche ich meinen R\u00fccktritt ein&#8220;, k\u00fcndigte S\u00f6der an.<\/p>\n<p>Am Montag, 9 Uhr, erkl\u00e4rte S\u00f6der dann, dass Bayern doch keine Bestrebungen aufnehmen werde, ISAR II weiterzubetreiben. Als Grund gab S\u00f6der an, im R\u00fcckblick auf seine vorangegangenen Entscheidungen ja doch seine Meinung wieder zu \u00e4ndern.<\/p>\n<p>Um 11 Uhr trat bei S\u00f6der schlie\u00dflich ein Stimmungswandel ein. &#8222;Bayern betreibt ISAR II weiter&#8220;, erkl\u00e4rte S\u00f6der, &#8222;notfalls ohne Genehmigung des Bundes.&#8220; Als Grund gab S\u00f6der an, im R\u00fcckblick auf seine vorangegangenen Entscheidungen ja doch seine Meinung wieder zu \u00e4ndern.<\/p>\n<p>S\u00f6der strebt konkret einen Wiedereinstieg aus dem zur\u00fcckgenommenen Wiederausstieg\u00a0 an. Eine Restornierung der Bestellung neuer Brennst\u00e4be bei russischen Partnern wurde bereits veranlasst, meldet der Tschernobyl -Newsletter in seiner heutigen Ausgabe.<\/p>\n<p>Den Gr\u00fcnen bietet S\u00f6der als Entsch\u00e4digung einen Deal an. Bayern werde seinen Widerstand gegen die Legalisierung von Cannabis und Heroin aufgeben, so S\u00f6der. Der bayerische Landesvater legt nach: &#8222;Eigene \u00dcberzeugungen und Fakten sind mir wichtiger als kurzfristige Stimmungen und Emotionen. Ich bin ja kein Populist, sondern Rationalist.&#8220;<img loading=\"lazy\" decoding=\"async\" class=\"vg\" src=\"https:\/\/vg09.met.vgwort.de\/na\/85dbcd4ebbd54125a50ad72aba09e1d6\" alt=\"\" width=\"1\" height=\"1\" \/><\/p>\n","protected":false},"excerpt":{"rendered":"<p>2011 hatte Bayerns Ministerpr\u00e4sident Markus S\u00f6der (CSU) noch mit R\u00fccktritt gedroht, sollte es in Bayern erst sp\u00e4ter als 2022 einen Ausstieg aus der Atomkraft geben. 2013 br\u00fcstet er sich damit, mit ISAR I als Erster ein Atomkraftwerk abgeschaltet zu haben. Inzwischen ist Strom sehr teuer geworden. &#8222;Fukushima kann uns keine Warnung mehr sein,&#8220;, sagte S\u00f6der [&hellip;]<\/p>\n","protected":false},"author":1,"featured_media":0,"comment_status":"open","ping_status":"open","sticky":false,"template":"","format":"standard","meta":{"footnotes":""},"categories":[2,1978,15,6,17],"tags":[755,2852,1002,1589,2853,2854,453,2254,2855],"class_list":["post-4282","post","type-post","status-publish","format-standard","hentry","category-gesellschaftliches","category-industrie-und-handel","category-natur","category-politik","category-technik","tag-atomkraft","tag-atomkraftwerk","tag-atommuell","tag-fukushima","tag-isar-i","tag-isar-ii","tag-markus-soeder","tag-strom","tag-tschernobyl"],"_links":{"self":[{"href":"https:\/\/www.keinblatt.de\/blog\/wp-json\/wp\/v2\/posts\/4282","targetHints":{"allow":["GET"]}}],"collection":[{"href":"https:\/\/www.keinblatt.de\/blog\/wp-json\/wp\/v2\/posts"}],"about":[{"href":"https:\/\/www.keinblatt.de\/blog\/wp-json\/wp\/v2\/types\/post"}],"author":[{"embeddable":true,"href":"https:\/\/www.keinblatt.de\/blog\/wp-json\/wp\/v2\/users\/1"}],"replies":[{"embeddable":true,"href":"https:\/\/www.keinblatt.de\/blog\/wp-json\/wp\/v2\/comments?post=4282"}],"version-history":[{"count":0,"href":"https:\/\/www.keinblatt.de\/blog\/wp-json\/wp\/v2\/posts\/4282\/revisions"}],"wp:attachment":[{"href":"https:\/\/www.keinblatt.de\/blog\/wp-json\/wp\/v2\/media?parent=4282"}],"wp:term":[{"taxonomy":"category","embeddable":true,"href":"https:\/\/www.keinblatt.de\/blog\/wp-json\/wp\/v2\/categories?post=4282"},{"taxonomy":"post_tag","embeddable":true,"href":"https:\/\/www.keinblatt.de\/blog\/wp-json\/wp\/v2\/tags?post=4282"}],"curies":[{"name":"wp","href":"https:\/\/api.w.org\/{rel}","templated":true}]}}