{"id":4232,"date":"2022-08-18T23:49:50","date_gmt":"2022-08-18T21:49:50","guid":{"rendered":"https:\/\/www.keinblatt.de\/blog\/?p=4232"},"modified":"2022-08-19T00:33:33","modified_gmt":"2022-08-18T22:33:33","slug":"bundesregierung-beschliesst-tempolimit-auf-autobahnen-fahrzeuge-duerfen-nicht-mehr-schneller-fahren-als-bauartbedingt-moeglich","status":"publish","type":"post","link":"https:\/\/www.keinblatt.de\/blog\/bundesregierung-beschliesst-tempolimit-auf-autobahnen-fahrzeuge-duerfen-nicht-mehr-schneller-fahren-als-bauartbedingt-moeglich\/","title":{"rendered":"Bundesregierung beschlie\u00dft Tempolimit auf Autobahnen. Fahrzeuge d\u00fcrfen nicht mehr schneller fahren als bauartbedingt m\u00f6glich"},"content":{"rendered":"<figure id=\"attachment_4233\" aria-describedby=\"caption-attachment-4233\" style=\"width: 580px\" class=\"wp-caption alignnone\"><a href=\"https:\/\/www.keinblatt.de\/blog\/wp-content\/uploads\/2022\/08\/Tempolimit_bauartbedingt.jpg\"><img loading=\"lazy\" decoding=\"async\" class=\"size-large wp-image-4233\" src=\"https:\/\/www.keinblatt.de\/blog\/wp-content\/uploads\/2022\/08\/Tempolimit_bauartbedingt-1024x683.jpg\" alt=\"Autobahn\" width=\"580\" height=\"387\" srcset=\"https:\/\/www.keinblatt.de\/blog\/wp-content\/uploads\/2022\/08\/Tempolimit_bauartbedingt-1024x683.jpg 1024w, https:\/\/www.keinblatt.de\/blog\/wp-content\/uploads\/2022\/08\/Tempolimit_bauartbedingt-300x200.jpg 300w, https:\/\/www.keinblatt.de\/blog\/wp-content\/uploads\/2022\/08\/Tempolimit_bauartbedingt-768x512.jpg 768w, https:\/\/www.keinblatt.de\/blog\/wp-content\/uploads\/2022\/08\/Tempolimit_bauartbedingt-1536x1024.jpg 1536w, https:\/\/www.keinblatt.de\/blog\/wp-content\/uploads\/2022\/08\/Tempolimit_bauartbedingt-1200x800.jpg 1200w, https:\/\/www.keinblatt.de\/blog\/wp-content\/uploads\/2022\/08\/Tempolimit_bauartbedingt.jpg 1920w\" sizes=\"auto, (max-width: 580px) 100vw, 580px\" \/><\/a><figcaption id=\"caption-attachment-4233\" class=\"wp-caption-text\">Was kaum einer wegen der FDP-Beteiligung in der Bundesregierung f\u00fcr m\u00f6glich gehalten hat: Das Tempolimit auf Deutschlands Autobahnen ist beschlossen!<\/figcaption><\/figure>\n<p>Nun ist es doch passiert. Der Druck war wegen der Energie- und Gaskrise einfach zu gro\u00df geworden. Die Bundesregierung f\u00fchrt ein dauerhaftes Tempolimit auf Deutschlands Autobahnen ein. Ab dem 1. Oktober 2022 darf nicht mehr schneller gefahren werden, als es bei dem jeweiligen Fahrzeug bauartbedingt m\u00f6glich ist.<\/p>\n<p>Diesem Kompromiss war ein z\u00e4hes Ringen zwischen der FDP und den Gr\u00fcnen vorangegangen. Die Gr\u00fcnen hatten sich sicherlich ein wenig mehr erwartet. Die Bundesministerin f\u00fcr Umwelt, Naturschutz, nukleare Sicherheit und Verbraucherschutz, Steffi Lemke (Gr\u00fcne), sagte:<\/p>\n<blockquote><p>Das Tempolimit kommt, das ist die gute Nachricht. Das ist ein gro\u00dfer Erfolg der Partei B\u00fcndnis Tempo 100 \u00e4h\u2026 ich meine nat\u00fcrlich B\u00fcndnis 90\/Die Gr\u00fcnen. In Zeiten des Klimawandels und steigender Energiepreise m\u00fcssen wir CO<sub>2<\/sub> und Erd\u00f6l sparen. Wir beziehen aber bei dem Tempolimit auch E-Autos ein, da bei der Stromerzeugung auch CO<sub>2<\/sub> entsteht und wir zudem Strom sparen m\u00fcssen, da wir das teure Russen-Gas immer noch verstromen. Au\u00dferdem geht es uns auch um die Verkehrssicherheit. Menschenleben sind unbezahlbar.<\/p><\/blockquote>\n<p>Bundesverkehrsminister Volker Wissing (FDP) sagt, die FDP h\u00e4tte hervorragend verhandelt und verhindert, dass ein Porsche-sch\u00e4dliches absolutes Tempolimit kommen w\u00fcrde. Es sei ein kluger Kompromiss, bei dem auch die Charakteristika der jeweiligen Fahrzeuge ber\u00fccksichtigt w\u00fcrden. Starre Regeln mit Einschlafgeschwindigkeiten w\u00fcrden die B\u00fcrger nicht akzeptieren und die deutsche Automobilindustrie erst recht nicht.<\/p>\n<p>Bundeskanzler Olaf Scholz (SPD) lobte den Kompromiss. Dieser beweise, dass es selbst f\u00fcr unvereinbare Positionen L\u00f6sungen gebe, mit denen alle Beteiligten leben k\u00f6nnten und \u2013 noch viel wichtiger \u2013 von denen die Menschen auch etwas h\u00e4tten. Der Kanzler f\u00fcgt an: &#8222;Danke, Gerhard, danke!&#8220;<\/p>\n<h3>Ausweitung auf Landstra\u00dfen und Stadtverkehr realistisch<\/h3>\n<p>Sowohl FDP als auch die Gr\u00fcnen sind sich einig: Wenn die L\u00f6sung sich bew\u00e4hrt, soll eine vergleichbare L\u00f6sung auch auf Landstra\u00dfen und im Stadtverkehr eingef\u00fchrt werden.<img loading=\"lazy\" decoding=\"async\" class=\"vg\" src=\"https:\/\/vg09.met.vgwort.de\/na\/0196c67b994a40e494fcaf591469d191\" alt=\"\" width=\"1\" height=\"1\" \/><\/p>\n","protected":false},"excerpt":{"rendered":"<p>Nun ist es doch passiert. Der Druck war wegen der Energie- und Gaskrise einfach zu gro\u00df geworden. Die Bundesregierung f\u00fchrt ein dauerhaftes Tempolimit auf Deutschlands Autobahnen ein. Ab dem 1. Oktober 2022 darf nicht mehr schneller gefahren werden, als es bei dem jeweiligen Fahrzeug bauartbedingt m\u00f6glich ist. Diesem Kompromiss war ein z\u00e4hes Ringen zwischen der [&hellip;]<\/p>\n","protected":false},"author":1,"featured_media":0,"comment_status":"open","ping_status":"open","sticky":false,"template":"","format":"standard","meta":{"footnotes":""},"categories":[2,15,6,9],"tags":[794,2799,2798,2051,316,837,2806,1237,2254,2052,2763],"class_list":["post-4232","post","type-post","status-publish","format-standard","hentry","category-gesellschaftliches","category-natur","category-politik","category-verkehr","tag-autobahn","tag-energiekrise","tag-gaskrise","tag-hoechstgeschwindigkeit","tag-klimawandel","tag-olaf-scholz","tag-steffi-lemke","tag-strassenverkehr","tag-strom","tag-tempolimit","tag-volker-wissing"],"_links":{"self":[{"href":"https:\/\/www.keinblatt.de\/blog\/wp-json\/wp\/v2\/posts\/4232","targetHints":{"allow":["GET"]}}],"collection":[{"href":"https:\/\/www.keinblatt.de\/blog\/wp-json\/wp\/v2\/posts"}],"about":[{"href":"https:\/\/www.keinblatt.de\/blog\/wp-json\/wp\/v2\/types\/post"}],"author":[{"embeddable":true,"href":"https:\/\/www.keinblatt.de\/blog\/wp-json\/wp\/v2\/users\/1"}],"replies":[{"embeddable":true,"href":"https:\/\/www.keinblatt.de\/blog\/wp-json\/wp\/v2\/comments?post=4232"}],"version-history":[{"count":0,"href":"https:\/\/www.keinblatt.de\/blog\/wp-json\/wp\/v2\/posts\/4232\/revisions"}],"wp:attachment":[{"href":"https:\/\/www.keinblatt.de\/blog\/wp-json\/wp\/v2\/media?parent=4232"}],"wp:term":[{"taxonomy":"category","embeddable":true,"href":"https:\/\/www.keinblatt.de\/blog\/wp-json\/wp\/v2\/categories?post=4232"},{"taxonomy":"post_tag","embeddable":true,"href":"https:\/\/www.keinblatt.de\/blog\/wp-json\/wp\/v2\/tags?post=4232"}],"curies":[{"name":"wp","href":"https:\/\/api.w.org\/{rel}","templated":true}]}}