{"id":4116,"date":"2022-01-08T21:44:27","date_gmt":"2022-01-08T20:44:27","guid":{"rendered":"https:\/\/www.keinblatt.de\/blog\/?p=4116"},"modified":"2022-01-09T17:00:54","modified_gmt":"2022-01-09T16:00:54","slug":"europaeischer-gerichtshof-corona-namen-diskriminieren-griechen-who-muss-neue-namen-suchen","status":"publish","type":"post","link":"https:\/\/www.keinblatt.de\/blog\/europaeischer-gerichtshof-corona-namen-diskriminieren-griechen-who-muss-neue-namen-suchen\/","title":{"rendered":"Europ\u00e4ischer Gerichtshof: Corona-Namen diskriminieren Griechen \u2013 WHO muss neue Namen suchen"},"content":{"rendered":"<figure id=\"attachment_4118\" aria-describedby=\"caption-attachment-4118\" style=\"width: 580px\" class=\"wp-caption alignnone\"><a href=\"https:\/\/www.keinblatt.de\/blog\/wp-content\/uploads\/2022\/01\/Griechische-Buchstaben-nicht-Coronaviren.jpg\"><img loading=\"lazy\" decoding=\"async\" class=\"size-large wp-image-4118\" src=\"https:\/\/www.keinblatt.de\/blog\/wp-content\/uploads\/2022\/01\/Griechische-Buchstaben-nicht-Coronaviren-1024x576.jpg\" alt=\"Griechische Buchstaben nicht Coronaviren\" width=\"580\" height=\"326\" srcset=\"https:\/\/www.keinblatt.de\/blog\/wp-content\/uploads\/2022\/01\/Griechische-Buchstaben-nicht-Coronaviren-1024x576.jpg 1024w, https:\/\/www.keinblatt.de\/blog\/wp-content\/uploads\/2022\/01\/Griechische-Buchstaben-nicht-Coronaviren-300x169.jpg 300w, https:\/\/www.keinblatt.de\/blog\/wp-content\/uploads\/2022\/01\/Griechische-Buchstaben-nicht-Coronaviren-768x432.jpg 768w, https:\/\/www.keinblatt.de\/blog\/wp-content\/uploads\/2022\/01\/Griechische-Buchstaben-nicht-Coronaviren-1536x864.jpg 1536w, https:\/\/www.keinblatt.de\/blog\/wp-content\/uploads\/2022\/01\/Griechische-Buchstaben-nicht-Coronaviren-1200x675.jpg 1200w, https:\/\/www.keinblatt.de\/blog\/wp-content\/uploads\/2022\/01\/Griechische-Buchstaben-nicht-Coronaviren.jpg 1920w\" sizes=\"auto, (max-width: 580px) 100vw, 580px\" \/><\/a><figcaption id=\"caption-attachment-4118\" class=\"wp-caption-text\">Jetzt hat das Virus erst einmal keinen Namen\u00a0 mehr! Lizenz: auch keine<\/figcaption><\/figure>\n<p>Der Europ\u00e4ische Gerichtshof in Luxemburg hat entschieden: Die Verwendung von griechischen Buchstaben f\u00fcr Corona-Mutationen diskriminiere das griechische Volk, so die Richter. Geklagt hatte ein B\u00fcndnis aus Parteien sowie eine Reihe griechischer Organisationen und B\u00fcrger. Dem Vorhaben war eine Online-Petition vorangegangen. Das Gericht begr\u00fcndete die negative Assoziation der damit verbundenen gef\u00e4hrlichen Coronavirus-Mutationen, die durch griechische Buchstaben entst\u00fcnde. Einzelne griechische Buchstaben st\u00fcnden nun\u00a0 weltweit f\u00fcr Krankheiten, Tod und Verderben, stellten die Richter fest.<\/p>\n<p>In Griechenland wurde das Urteil mit Genugtuung aufgenommen. Erst h\u00e4tte man die Griechen wegen ihrer angeblich unsoliden Finanzpolitik an den Pranger gestellt und ihnen fast den Euro weggenommen, sagte Ministerpr\u00e4sident Kyriakos Mitsotakis von der Partei Nea Omikron Dimokratia unserem Blatt. &#8222;Und jetzt wollte man uns auch noch f\u00fcr einen Virus eine Kollektivschuld geben&#8220;, setzt der smarte Politiker nach.<\/p>\n<h3>WHO muss neue Namen festlegen<\/h3>\n<p>Nun muss die WHO sich neue Namen einfallen lassen. Urspr\u00fcnglich hatte man die Namen nach dem Herkunftsland gew\u00e4hlt (&#8222;chinesische Variante&#8220;, &#8222;brasilianische Variante&#8220;, &#8222;s\u00fcdafrikanische Variante&#8220;), was aber ebenfalls als diskriminierend angesehen worden war. So war beobachtet worden, dass rassistische &#8222;Witze&#8220; \u00fcber Chinesen gemacht wurden oder S\u00fcdafrikaner der Zugang zu Einrichtungen verwehrt worden war, weil man sie pauschal als infekti\u00f6s ansah.<\/p>\n<p>Es stellt sich nun aber die Frage, welche Namensvarianten bleiben. Arabische Zahlen sind dabei kaum geeignet, da dann Araber diskriminiert w\u00fcrden. R\u00f6mische Zahlen kommen wohl auch nicht infrage, das damit Italiener, speziell Einwohner Roms, auf das Virus reduziert w\u00fcrden. Auch lateinische Buchstaben w\u00e4ren ein zu gro\u00dfer Affront Lateinamerika gegen\u00fcber.<\/p>\n<h3>Kommen nun neu entwickelte Symbole?<\/h3>\n<p>Daher denkt die WHO nun dar\u00fcber nach, ganz neue Symbole zu erfinden. Im Vorfeld an die anstehende Gerichtsentscheidung hat man bereits 120 Symbole entworfen (siehe Abbildung), von denen die ersten bereits den urspr\u00fcnglichen Namen wie Alpha, Delta und Omikron zugewiesen wurden. Die Anzahl basiert auf der zu erwartenden Mutationen bis zum Ende der Pandemie. Der Vorteil der Symbole ist, dass sie absolut neutral sind. Das Problem dabei: Keiner wei\u00df, wie man die neuen Namen aussprechen soll. Eventuell k\u00f6nnten die Symbole Begriffen aus Esperanto zugewiesen werden, woraus sich auch die Aussprache erg\u00e4be. Da diese Sprache nie jemand gelernt hat, geschweige denn gesprochen h\u00e4tte, w\u00fcrde sich das Problem der Diskriminierung erst gar nicht ergeben, so ein WHO-Sprecher.<img loading=\"lazy\" decoding=\"async\" class=\"vg\" src=\"https:\/\/vg09.met.vgwort.de\/na\/2f9fbe23234e450ea6431f4ba5754f70\" alt=\"\" width=\"1\" height=\"1\" \/><\/p>\n<figure id=\"attachment_4119\" aria-describedby=\"caption-attachment-4119\" style=\"width: 580px\" class=\"wp-caption alignnone\"><a href=\"https:\/\/www.keinblatt.de\/blog\/wp-content\/uploads\/2022\/01\/summer-icons-4819627.png\"><img loading=\"lazy\" decoding=\"async\" class=\"size-large wp-image-4119\" src=\"https:\/\/www.keinblatt.de\/blog\/wp-content\/uploads\/2022\/01\/summer-icons-4819627-1024x853.png\" alt=\"Neue Symbole\" width=\"580\" height=\"483\" srcset=\"https:\/\/www.keinblatt.de\/blog\/wp-content\/uploads\/2022\/01\/summer-icons-4819627-1024x853.png 1024w, https:\/\/www.keinblatt.de\/blog\/wp-content\/uploads\/2022\/01\/summer-icons-4819627-300x250.png 300w, https:\/\/www.keinblatt.de\/blog\/wp-content\/uploads\/2022\/01\/summer-icons-4819627-768x640.png 768w, https:\/\/www.keinblatt.de\/blog\/wp-content\/uploads\/2022\/01\/summer-icons-4819627-1536x1279.png 1536w, https:\/\/www.keinblatt.de\/blog\/wp-content\/uploads\/2022\/01\/summer-icons-4819627-1200x999.png 1200w, https:\/\/www.keinblatt.de\/blog\/wp-content\/uploads\/2022\/01\/summer-icons-4819627.png 1920w\" sizes=\"auto, (max-width: 580px) 100vw, 580px\" \/><\/a><figcaption id=\"caption-attachment-4119\" class=\"wp-caption-text\">Auswahl m\u00f6glicher neuer Symbole (120 sind final vorgesehen) f\u00fcr bisherige und weitere Varianten. Lizenz: Public Esperanto Express<\/figcaption><\/figure>\n","protected":false},"excerpt":{"rendered":"<p>Der Europ\u00e4ische Gerichtshof in Luxemburg hat entschieden: Die Verwendung von griechischen Buchstaben f\u00fcr Corona-Mutationen diskriminiere das griechische Volk, so die Richter. Geklagt hatte ein B\u00fcndnis aus Parteien sowie eine Reihe griechischer Organisationen und B\u00fcrger. Dem Vorhaben war eine Online-Petition vorangegangen. Das Gericht begr\u00fcndete die negative Assoziation der damit verbundenen gef\u00e4hrlichen Coronavirus-Mutationen, die durch griechische Buchstaben [&hellip;]<\/p>\n","protected":false},"author":1,"featured_media":0,"comment_status":"open","ping_status":"open","sticky":false,"template":"","format":"standard","meta":{"footnotes":""},"categories":[2,13,6,20],"tags":[2727,60,2728,2730,2726],"class_list":["post-4116","post","type-post","status-publish","format-standard","hentry","category-gesellschaftliches","category-medizin","category-politik","category-sprachliches","tag-delta-corona","tag-griechenland","tag-griechisches-alphabet","tag-kyriakos-mitsotakis","tag-omikron"],"_links":{"self":[{"href":"https:\/\/www.keinblatt.de\/blog\/wp-json\/wp\/v2\/posts\/4116","targetHints":{"allow":["GET"]}}],"collection":[{"href":"https:\/\/www.keinblatt.de\/blog\/wp-json\/wp\/v2\/posts"}],"about":[{"href":"https:\/\/www.keinblatt.de\/blog\/wp-json\/wp\/v2\/types\/post"}],"author":[{"embeddable":true,"href":"https:\/\/www.keinblatt.de\/blog\/wp-json\/wp\/v2\/users\/1"}],"replies":[{"embeddable":true,"href":"https:\/\/www.keinblatt.de\/blog\/wp-json\/wp\/v2\/comments?post=4116"}],"version-history":[{"count":0,"href":"https:\/\/www.keinblatt.de\/blog\/wp-json\/wp\/v2\/posts\/4116\/revisions"}],"wp:attachment":[{"href":"https:\/\/www.keinblatt.de\/blog\/wp-json\/wp\/v2\/media?parent=4116"}],"wp:term":[{"taxonomy":"category","embeddable":true,"href":"https:\/\/www.keinblatt.de\/blog\/wp-json\/wp\/v2\/categories?post=4116"},{"taxonomy":"post_tag","embeddable":true,"href":"https:\/\/www.keinblatt.de\/blog\/wp-json\/wp\/v2\/tags?post=4116"}],"curies":[{"name":"wp","href":"https:\/\/api.w.org\/{rel}","templated":true}]}}