{"id":4109,"date":"2022-01-03T19:36:20","date_gmt":"2022-01-03T18:36:20","guid":{"rendered":"https:\/\/www.keinblatt.de\/blog\/?p=4109"},"modified":"2022-01-04T11:13:38","modified_gmt":"2022-01-04T10:13:38","slug":"karlsruhe-kippt-feiertag-heilige-drei-koenige-richter-keine-belastbaren-hinweise-auf-die-weisen-aus-dem-morgenland","status":"publish","type":"post","link":"https:\/\/www.keinblatt.de\/blog\/karlsruhe-kippt-feiertag-heilige-drei-koenige-richter-keine-belastbaren-hinweise-auf-die-weisen-aus-dem-morgenland\/","title":{"rendered":"Karlsruhe kippt Feiertag &#8222;Heilige Drei K\u00f6nige&#8220; \u2013 Richter: Keine belastbaren Hinweise auf die Weisen aus dem Morgenland"},"content":{"rendered":"<figure id=\"attachment_4112\" aria-describedby=\"caption-attachment-4112\" style=\"width: 580px\" class=\"wp-caption alignnone\"><a href=\"https:\/\/www.keinblatt.de\/blog\/wp-content\/uploads\/2022\/01\/holy-three-kings-528007_1920.jpg\"><img loading=\"lazy\" decoding=\"async\" class=\"size-large wp-image-4112\" src=\"https:\/\/www.keinblatt.de\/blog\/wp-content\/uploads\/2022\/01\/holy-three-kings-528007_1920-1024x724.jpg\" alt=\"Feiertag Heilige Drei K\u00f6nige\" width=\"580\" height=\"410\" srcset=\"https:\/\/www.keinblatt.de\/blog\/wp-content\/uploads\/2022\/01\/holy-three-kings-528007_1920-1024x724.jpg 1024w, https:\/\/www.keinblatt.de\/blog\/wp-content\/uploads\/2022\/01\/holy-three-kings-528007_1920-300x212.jpg 300w, https:\/\/www.keinblatt.de\/blog\/wp-content\/uploads\/2022\/01\/holy-three-kings-528007_1920-768x543.jpg 768w, https:\/\/www.keinblatt.de\/blog\/wp-content\/uploads\/2022\/01\/holy-three-kings-528007_1920-1536x1086.jpg 1536w, https:\/\/www.keinblatt.de\/blog\/wp-content\/uploads\/2022\/01\/holy-three-kings-528007_1920-1200x848.jpg 1200w, https:\/\/www.keinblatt.de\/blog\/wp-content\/uploads\/2022\/01\/holy-three-kings-528007_1920.jpg 1920w\" sizes=\"auto, (max-width: 580px) 100vw, 580px\" \/><\/a><figcaption id=\"caption-attachment-4112\" class=\"wp-caption-text\">Das war es! Ab 2022 ist der Feiertag Geschichte! Lizenz Public Domain<\/figcaption><\/figure>\n<p>In Bayern, Baden-W\u00fcrttemberg und Sachsen-Anhalt war der 6. Januar bislang ein gesetzlicher Feiertag. Es wurde der Drei Heiligen K\u00f6nige gedacht. Doch ab n\u00e4chstem Jahr wird es diesen Feiertag in Deutschland nicht mehr geben. Das Bundesverfassungsgericht hat einer Klage eines Atheisten stattgegeben. Nach Meinung der Karlsruher Richter gebe es keine belastbaren Hinweise auf die Existenz der Heiligen Drei K\u00f6nige. Damit k\u00f6nne der Feiertag nicht weiter begr\u00fcndet werden und entfalle daher.<\/p>\n<h3>Nur in einem einzigen Evangelium erw\u00e4hnt \u2013 und nur kurz und nicht als K\u00f6nige<\/h3>\n<p>Nur das Matth\u00e4us-Evangelium erw\u00e4hnt sie \u00fcberhaupt \u2013 und nur kurz. Dort seien es aber Sterndeuter aus dem Osten, keine K\u00f6nige, so die Richter. Erst 200 nach Christus seien Caspar, Melchior und Balthasar nachtr\u00e4glich und rein literarisch aufgewertet worden. Au\u00dferdem sei die Bibel ohnehin als Geschichtsbuch nur bedingt aussagekr\u00e4ftig. Ob die Erw\u00e4hnung der Heiligen Drei K\u00f6nige in einem weiteren Evangelium etwas an der Entscheidung ge\u00e4ndert h\u00e4tte, geht aus dem Urteil nicht hervor.<\/p>\n<h3>Ersatzfeiertag?<\/h3>\n<p>Bayern Ministerpr\u00e4sident Markus S\u00f6der (CSU) zeigte sich von der Entscheidung \u00fcberrascht, aber nicht ganz unvorbereitet. Er sagte, zumindest Bayern werde den B\u00fcrgern ihren freien Tag zur\u00fcckgeben. Dann werde halt eine Ehrung vorgenommen, die sich historisch und auf Faktenbasis auch begr\u00fcnden lie\u00dfe. Denkbar sei ein Feiertag, an dem man dem Wolpertinger, Wilhelm Tell oder Odin gedenke, so der Landesvater.<\/p>\n<h3>Tradition beibehalten?<\/h3>\n<p>Die Tradition, bei dem die Sternsinger den Schriftzug C + M + B auf T\u00fcrst\u00f6cke malten, soll trotz Wegfall des Feiertages beibehalten werden, hei\u00dft es zumindest aus Baden-W\u00fcrttemberg und Bayern. Aus rechtlichen Gr\u00fcnden m\u00fcsse aber vor und nach dem Gesang ausdr\u00fccklich darauf hingewiesen wird, dass es sich um einen Brauch und nicht um eine historische Tatsache handele. Zehn Prozent der eingenommen Gelder m\u00fcssen laut Gerichtsurteil zuk\u00fcnftig an einen gemeinn\u00fctzigen Verein gespendet werden, der sich dem Kampf gegen Aberglauben und religi\u00f6sen Fanatismus verschrieben habe.<img loading=\"lazy\" decoding=\"async\" class=\"vg\" src=\"https:\/\/vg09.met.vgwort.de\/na\/55db1703aafb44edacb70d869542d437\" alt=\"\" width=\"1\" height=\"1\" \/><\/p>\n","protected":false},"excerpt":{"rendered":"<p>In Bayern, Baden-W\u00fcrttemberg und Sachsen-Anhalt war der 6. Januar bislang ein gesetzlicher Feiertag. Es wurde der Drei Heiligen K\u00f6nige gedacht. Doch ab n\u00e4chstem Jahr wird es diesen Feiertag in Deutschland nicht mehr geben. Das Bundesverfassungsgericht hat einer Klage eines Atheisten stattgegeben. Nach Meinung der Karlsruher Richter gebe es keine belastbaren Hinweise auf die Existenz der [&hellip;]<\/p>\n","protected":false},"author":1,"featured_media":0,"comment_status":"open","ping_status":"open","sticky":false,"template":"","format":"standard","meta":{"footnotes":""},"categories":[26,11],"tags":[1997,266,454,387,2724,575,202,453,2725,2002],"class_list":["post-4109","post","type-post","status-publish","format-standard","hentry","category-braeuche","category-religion","tag-baden-wuerttemberg","tag-bayern","tag-bibel","tag-bundesverfassungsgericht","tag-evangelium","tag-feiertage","tag-heilige-drei-koenige","tag-markus-soeder","tag-matthaeus-evangelium","tag-sachsen-anhalt"],"_links":{"self":[{"href":"https:\/\/www.keinblatt.de\/blog\/wp-json\/wp\/v2\/posts\/4109","targetHints":{"allow":["GET"]}}],"collection":[{"href":"https:\/\/www.keinblatt.de\/blog\/wp-json\/wp\/v2\/posts"}],"about":[{"href":"https:\/\/www.keinblatt.de\/blog\/wp-json\/wp\/v2\/types\/post"}],"author":[{"embeddable":true,"href":"https:\/\/www.keinblatt.de\/blog\/wp-json\/wp\/v2\/users\/1"}],"replies":[{"embeddable":true,"href":"https:\/\/www.keinblatt.de\/blog\/wp-json\/wp\/v2\/comments?post=4109"}],"version-history":[{"count":0,"href":"https:\/\/www.keinblatt.de\/blog\/wp-json\/wp\/v2\/posts\/4109\/revisions"}],"wp:attachment":[{"href":"https:\/\/www.keinblatt.de\/blog\/wp-json\/wp\/v2\/media?parent=4109"}],"wp:term":[{"taxonomy":"category","embeddable":true,"href":"https:\/\/www.keinblatt.de\/blog\/wp-json\/wp\/v2\/categories?post=4109"},{"taxonomy":"post_tag","embeddable":true,"href":"https:\/\/www.keinblatt.de\/blog\/wp-json\/wp\/v2\/tags?post=4109"}],"curies":[{"name":"wp","href":"https:\/\/api.w.org\/{rel}","templated":true}]}}