{"id":4080,"date":"2021-11-13T12:27:35","date_gmt":"2021-11-13T11:27:35","guid":{"rendered":"https:\/\/www.keinblatt.de\/blog\/?p=4080"},"modified":"2021-11-15T16:40:11","modified_gmt":"2021-11-15T15:40:11","slug":"papst-will-corona-impfungen-foerdern-nur-noch-geimpfte-duerfen-in-den-himmel","status":"publish","type":"post","link":"https:\/\/www.keinblatt.de\/blog\/papst-will-corona-impfungen-foerdern-nur-noch-geimpfte-duerfen-in-den-himmel\/","title":{"rendered":"Papst will Corona-Impfungen f\u00f6rdern: Nur noch Geimpfte d\u00fcrfen in den Himmel!"},"content":{"rendered":"<figure id=\"attachment_4081\" aria-describedby=\"caption-attachment-4081\" style=\"width: 580px\" class=\"wp-caption alignnone\"><a href=\"https:\/\/www.keinblatt.de\/blog\/wp-content\/uploads\/2021\/11\/pope-5519250_1920.png\"><img loading=\"lazy\" decoding=\"async\" class=\"size-large wp-image-4081\" src=\"https:\/\/www.keinblatt.de\/blog\/wp-content\/uploads\/2021\/11\/pope-5519250_1920-1024x683.png\" alt=\"Papst Franziskus\" width=\"580\" height=\"387\" srcset=\"https:\/\/www.keinblatt.de\/blog\/wp-content\/uploads\/2021\/11\/pope-5519250_1920-1024x683.png 1024w, https:\/\/www.keinblatt.de\/blog\/wp-content\/uploads\/2021\/11\/pope-5519250_1920-300x200.png 300w, https:\/\/www.keinblatt.de\/blog\/wp-content\/uploads\/2021\/11\/pope-5519250_1920-768x512.png 768w, https:\/\/www.keinblatt.de\/blog\/wp-content\/uploads\/2021\/11\/pope-5519250_1920-1536x1024.png 1536w, https:\/\/www.keinblatt.de\/blog\/wp-content\/uploads\/2021\/11\/pope-5519250_1920-1200x800.png 1200w, https:\/\/www.keinblatt.de\/blog\/wp-content\/uploads\/2021\/11\/pope-5519250_1920.png 1920w\" sizes=\"auto, (max-width: 580px) 100vw, 580px\" \/><\/a><figcaption id=\"caption-attachment-4081\" class=\"wp-caption-text\">Papst Franziskus leistet nun einen wichtigen Beitrag zur Pandemiebek\u00e4mpfung. Lizenz: Public Domican<\/figcaption><\/figure>\n<p>Wie die &#8222;katholische Welt&#8220; berichtet, hat sich Papst Franziskus\u00a0 angesichts der weltweit immer dramatischer werdenden Corona-Pandemie zu einem einmaligen Schritt entschlossen. In Absprache mit seinem direkten Vorgesetzten hat der Bischof von Rom die weltweit f\u00fcr Christen geltenden Corona-Regeln drastisch versch\u00e4rft. In Zukunft w\u00fcrden nur noch Christen in den Himmel aufgenommen, die gegen Corona geimpft seien, best\u00e4tigt der Pontifex maximus unserer Redaktion.<\/p>\n<p>In der christlichen Welt wird die neue Regelung unterschiedlich aufgenommen. Viele sehen die Regelung nicht als stringent an, da ja Geimpfte viel, viel seltener an oder mit Corona sterben w\u00fcrden als Ungeimpfte. Damit st\u00fcnden Geimpfte typischerweise gar nicht vor dem Problem, dass in naher Zukunft vom J\u00fcngsten Gericht \u00fcber die Form ihres ewigen Weiterlebens (also H\u00f6lle, Fegefeuer, Himmel) entschieden werde. Sie blieben ja erst einmal in der H\u00f6lle auf Erden. Auch wirkt ein Gott wenig glaubhaft, der darauf wartet, dass nicht nur ein Impfstoff von seiner Sch\u00f6pfung erfunden wird, sondern dieser auch von modernen Propheten (vor allem Medizinern) propagiert wird. Viel logischer w\u00e4re es, wenn Gott nicht nur Geboosterte, sondern auch Betende und B\u00fc\u00dfende vor dem Virus sch\u00fctzen w\u00fcrde. Groteskerweise ist auch das Coronavirus Teil der g\u00f6ttlichen Sch\u00f6pfung.<\/p>\n<h3>D\u00e9j\u00e0-vu<\/h3>\n<p>Doch schon einmal hat Gott einen \u00e4hnlichen Fehler gemacht. Er schickte die Sintflut und ers\u00e4ufte weltweit fast alle Menschen. Nur der gottesf\u00fcrchtige Noah und seine Familie \u00fcberlebten. Keiner glaubt, dass damals alle anderen Menschen so schwer ges\u00fcndigt h\u00e4tten, dass ihr Tod eine angemessen Strafe gewesen w\u00e4re. Viele Theologen sehen die Sintflut mehr symbolisch und verweisen auf den bereits jetzt steigenden Meeresspiegel. Die Sintflut sei eine Warnung gewesen. Vor was gewarnt werden sollte, da gehen die Meinungen auseinander wie die Mosesche Meerteilung.<\/p>\n<h3>Auch lobende Worte!<\/h3>\n<p>Doch es gibt auch Lob f\u00fcr das Traumduo Papst und Gott: Die Motivation, sich impfen zu lassen, w\u00fcrde nachweislich stark erh\u00f6ht werden. Darauf k\u00e4me es ja an. Damit richtet die Kirche erstmals in ihrer Geschichte keinen Schaden an, sondern unternimmt etwas Sinnvolles.<img loading=\"lazy\" decoding=\"async\" class=\"vg\" src=\"https:\/\/vg02.met.vgwort.de\/na\/e1ec2e7de20343f892fb04253f4357f2\" alt=\"\" width=\"1\" height=\"1\" \/><\/p>\n","protected":false},"excerpt":{"rendered":"<p>Wie die &#8222;katholische Welt&#8220; berichtet, hat sich Papst Franziskus\u00a0 angesichts der weltweit immer dramatischer werdenden Corona-Pandemie zu einem einmaligen Schritt entschlossen. In Absprache mit seinem direkten Vorgesetzten hat der Bischof von Rom die weltweit f\u00fcr Christen geltenden Corona-Regeln drastisch versch\u00e4rft. In Zukunft w\u00fcrden nur noch Christen in den Himmel aufgenommen, die gegen Corona geimpft seien, [&hellip;]<\/p>\n","protected":false},"author":1,"featured_media":0,"comment_status":"open","ping_status":"open","sticky":false,"template":"","format":"standard","meta":{"footnotes":""},"categories":[13,11],"tags":[2711,1466,2583,728,151,267,726,727,36,2340,2714,777,150],"class_list":["post-4080","post","type-post","status-publish","format-standard","hentry","category-medizin","category-religion","tag-booster-imfpung","tag-christentum","tag-corona-impfstoff","tag-fegefeuer","tag-franziskus","tag-gott","tag-himmel-religion","tag-hoelle","tag-impfen","tag-jenseits","tag-juengstes-gericht","tag-katholische-kirche","tag-papst"],"_links":{"self":[{"href":"https:\/\/www.keinblatt.de\/blog\/wp-json\/wp\/v2\/posts\/4080","targetHints":{"allow":["GET"]}}],"collection":[{"href":"https:\/\/www.keinblatt.de\/blog\/wp-json\/wp\/v2\/posts"}],"about":[{"href":"https:\/\/www.keinblatt.de\/blog\/wp-json\/wp\/v2\/types\/post"}],"author":[{"embeddable":true,"href":"https:\/\/www.keinblatt.de\/blog\/wp-json\/wp\/v2\/users\/1"}],"replies":[{"embeddable":true,"href":"https:\/\/www.keinblatt.de\/blog\/wp-json\/wp\/v2\/comments?post=4080"}],"version-history":[{"count":0,"href":"https:\/\/www.keinblatt.de\/blog\/wp-json\/wp\/v2\/posts\/4080\/revisions"}],"wp:attachment":[{"href":"https:\/\/www.keinblatt.de\/blog\/wp-json\/wp\/v2\/media?parent=4080"}],"wp:term":[{"taxonomy":"category","embeddable":true,"href":"https:\/\/www.keinblatt.de\/blog\/wp-json\/wp\/v2\/categories?post=4080"},{"taxonomy":"post_tag","embeddable":true,"href":"https:\/\/www.keinblatt.de\/blog\/wp-json\/wp\/v2\/tags?post=4080"}],"curies":[{"name":"wp","href":"https:\/\/api.w.org\/{rel}","templated":true}]}}