{"id":4073,"date":"2021-10-21T19:14:47","date_gmt":"2021-10-21T17:14:47","guid":{"rendered":"https:\/\/www.keinblatt.de\/blog\/?p=4073"},"modified":"2021-10-22T12:08:58","modified_gmt":"2021-10-22T10:08:58","slug":"da-zeitumstellung-so-unbeliebt-ist-eu-verpasst-ihr-neuen-namen-sonnenmodus","status":"publish","type":"post","link":"https:\/\/www.keinblatt.de\/blog\/da-zeitumstellung-so-unbeliebt-ist-eu-verpasst-ihr-neuen-namen-sonnenmodus\/","title":{"rendered":"Da Zeitumstellung so unbeliebt ist \u2013 EU verpasst ihr neuen Namen: Sonnenmodus"},"content":{"rendered":"<figure id=\"attachment_4074\" aria-describedby=\"caption-attachment-4074\" style=\"width: 580px\" class=\"wp-caption alignnone\"><a href=\"https:\/\/www.keinblatt.de\/blog\/wp-content\/uploads\/2021\/10\/time-conversion-5457991.jpg\"><img loading=\"lazy\" decoding=\"async\" class=\"size-large wp-image-4074\" src=\"https:\/\/www.keinblatt.de\/blog\/wp-content\/uploads\/2021\/10\/time-conversion-5457991-1024x576.jpg\" alt=\"Sonnenmodus\" width=\"580\" height=\"326\" srcset=\"https:\/\/www.keinblatt.de\/blog\/wp-content\/uploads\/2021\/10\/time-conversion-5457991-1024x576.jpg 1024w, https:\/\/www.keinblatt.de\/blog\/wp-content\/uploads\/2021\/10\/time-conversion-5457991-300x169.jpg 300w, https:\/\/www.keinblatt.de\/blog\/wp-content\/uploads\/2021\/10\/time-conversion-5457991-768x432.jpg 768w, https:\/\/www.keinblatt.de\/blog\/wp-content\/uploads\/2021\/10\/time-conversion-5457991-1536x864.jpg 1536w, https:\/\/www.keinblatt.de\/blog\/wp-content\/uploads\/2021\/10\/time-conversion-5457991-2048x1152.jpg 2048w, https:\/\/www.keinblatt.de\/blog\/wp-content\/uploads\/2021\/10\/time-conversion-5457991-1200x675.jpg 1200w, https:\/\/www.keinblatt.de\/blog\/wp-content\/uploads\/2021\/10\/time-conversion-5457991-1980x1114.jpg 1980w\" sizes=\"auto, (max-width: 580px) 100vw, 580px\" \/><\/a><figcaption id=\"caption-attachment-4074\" class=\"wp-caption-text\">Ein durchaus gelungener und b\u00fcrgernaher Kompromiss. Die Rolle der Sonne r\u00fcckt in den Vordergrund. Lizenz: Public Domain<\/figcaption><\/figure>\n<p>Das Europaparlament hat entschieden, die Zeitumstellung bleibt. Zwar wollten die Eurokraten die zweimal im Jahr stattfindende Umstellung der Uhren abschaffen, aber es konnte keine Einigung dar\u00fcber erzielt werden, ob eine dauerhafte Normalzeit (wie vor Einf\u00fchrung der Zeitumstellung) oder eine permanente Sommerzeit eingef\u00fchrt werden solle. Letztlich scheiterte die Einigung am Widerstand von San Marino und Monaco.<\/p>\n<h3>Neue Namen: &#8222;Sonnenmodus&#8220;, &#8222;Sonnenzeit&#8220; und &#8222;Sonnenzeit Plus&#8220;<\/h3>\n<p>Um die Akzeptanz der in der Bev\u00f6lkerung sehr unbeliebten Zeitumstellung zu erh\u00f6hen, erh\u00e4lt sie aber einen neuen Namen. Die Zeitumstellung selbst wird nun <em>Sonnenmodus<\/em> genannt, die Normalzeit (umgangssprachlich bislang <em>Winterzeit<\/em>) hei\u00dft nun <em>Sonnenzeit<\/em> und die Sommerzeit wegen des erh\u00f6hten Anteils an Sonnenstunden <em>Sonnenzeit Plus<\/em>. Zuvor hatte eine Umfrage in den EU-L\u00e4ndern v\u00f6llig \u00fcberraschend ergeben, dass die Sonne eine ungeheure Beliebtheit in der Bev\u00f6lkerung genie\u00dfe. Nur Sex sei noch beliebter, aber dieser Name scheiterte am harten Veto des Vatikanstaats. Daf\u00fcr votierten die Gottesm\u00e4nner \u00fcberraschend f\u00fcr eine Beibehaltung der Umstellung der Huren. Uschi und Fabienne d\u00fcrfen weiterhin im Sommer ihr Revier wechseln.<\/p>\n<p>Die neuen Bezeichnungen <em>Sonnenmodus, Sonnenzeit <\/em>und <em>Sonnenzeit Plus <\/em>sind nat\u00fcrlich abh\u00e4ngig von der Landessprache. In der wichtigsten Sprache Europas, Esperanto, ist f\u00fcr <em>Sommerzeit<\/em> ab sofort nur noch <em>Suna tempo plus <\/em>korrekt.<\/p>\n<p>Journalisten und Beh\u00f6rden werden angewiesen, nur noch die neuen Bezeichnungen zu verwenden. Von Sonnktionen bei Missachtung soll vorerst abgesehen werden.<\/p>\n<p>Bislang hat die Presse f\u00fcr die neue Regelung nur lobende Worte gefunden. Nur die &#8222;Bild&#8220;-Zeitung hetzt gegen das neue System. Es wird gemunkelt, der neue Chefredakteur Johannes Boie m\u00fcsse in seinem Kerngebiet punkten, daher lie\u00df er von seinem Ghostwriter Friedrich Merz einen ablehnenden, rei\u00dferischer Artikel schreiben.<img loading=\"lazy\" decoding=\"async\" class=\"vg\" src=\"https:\/\/vg02.met.vgwort.de\/na\/589f0893fa3f40e182dce57c39e1663c\" alt=\"\" width=\"1\" height=\"1\" \/><\/p>\n","protected":false},"excerpt":{"rendered":"<p>Das Europaparlament hat entschieden, die Zeitumstellung bleibt. Zwar wollten die Eurokraten die zweimal im Jahr stattfindende Umstellung der Uhren abschaffen, aber es konnte keine Einigung dar\u00fcber erzielt werden, ob eine dauerhafte Normalzeit (wie vor Einf\u00fchrung der Zeitumstellung) oder eine permanente Sommerzeit eingef\u00fchrt werden solle. Letztlich scheiterte die Einigung am Widerstand von San Marino und Monaco. [&hellip;]<\/p>\n","protected":false},"author":1,"featured_media":0,"comment_status":"open","ping_status":"open","sticky":false,"template":"","format":"standard","meta":{"footnotes":""},"categories":[26,2,6],"tags":[126,684,127,125],"class_list":["post-4073","post","type-post","status-publish","format-standard","hentry","category-braeuche","category-gesellschaftliches","category-politik","tag-sommerzeit","tag-sonne","tag-winterzeit","tag-zeitumstellung"],"_links":{"self":[{"href":"https:\/\/www.keinblatt.de\/blog\/wp-json\/wp\/v2\/posts\/4073","targetHints":{"allow":["GET"]}}],"collection":[{"href":"https:\/\/www.keinblatt.de\/blog\/wp-json\/wp\/v2\/posts"}],"about":[{"href":"https:\/\/www.keinblatt.de\/blog\/wp-json\/wp\/v2\/types\/post"}],"author":[{"embeddable":true,"href":"https:\/\/www.keinblatt.de\/blog\/wp-json\/wp\/v2\/users\/1"}],"replies":[{"embeddable":true,"href":"https:\/\/www.keinblatt.de\/blog\/wp-json\/wp\/v2\/comments?post=4073"}],"version-history":[{"count":0,"href":"https:\/\/www.keinblatt.de\/blog\/wp-json\/wp\/v2\/posts\/4073\/revisions"}],"wp:attachment":[{"href":"https:\/\/www.keinblatt.de\/blog\/wp-json\/wp\/v2\/media?parent=4073"}],"wp:term":[{"taxonomy":"category","embeddable":true,"href":"https:\/\/www.keinblatt.de\/blog\/wp-json\/wp\/v2\/categories?post=4073"},{"taxonomy":"post_tag","embeddable":true,"href":"https:\/\/www.keinblatt.de\/blog\/wp-json\/wp\/v2\/tags?post=4073"}],"curies":[{"name":"wp","href":"https:\/\/api.w.org\/{rel}","templated":true}]}}