{"id":4053,"date":"2021-10-01T22:54:36","date_gmt":"2021-10-01T20:54:36","guid":{"rendered":"https:\/\/www.keinblatt.de\/blog\/?p=4053"},"modified":"2025-04-03T11:52:49","modified_gmt":"2025-04-03T09:52:49","slug":"15-grad-ziel-geht-ihm-nicht-weit-genug-laschet-fordert-3-grad-ziel","status":"publish","type":"post","link":"https:\/\/www.keinblatt.de\/blog\/15-grad-ziel-geht-ihm-nicht-weit-genug-laschet-fordert-3-grad-ziel\/","title":{"rendered":"1,5-Grad-Ziel geht ihm nicht weit genug. Laschet fordert 3-Grad-Ziel"},"content":{"rendered":"<figure id=\"attachment_4054\" aria-describedby=\"caption-attachment-4054\" style=\"width: 580px\" class=\"wp-caption alignnone\"><a href=\"https:\/\/www.keinblatt.de\/blog\/wp-content\/uploads\/2021\/10\/3-Grad.jpg\"><img loading=\"lazy\" decoding=\"async\" class=\"size-large wp-image-4054\" src=\"https:\/\/www.keinblatt.de\/blog\/wp-content\/uploads\/2021\/10\/3-Grad-1024x732.jpg\" alt=\"3 Grad \u2013 Armin Laschet \" width=\"580\" height=\"415\" srcset=\"https:\/\/www.keinblatt.de\/blog\/wp-content\/uploads\/2021\/10\/3-Grad-1024x732.jpg 1024w, https:\/\/www.keinblatt.de\/blog\/wp-content\/uploads\/2021\/10\/3-Grad-300x215.jpg 300w, https:\/\/www.keinblatt.de\/blog\/wp-content\/uploads\/2021\/10\/3-Grad-768x549.jpg 768w, https:\/\/www.keinblatt.de\/blog\/wp-content\/uploads\/2021\/10\/3-Grad-1536x1099.jpg 1536w, https:\/\/www.keinblatt.de\/blog\/wp-content\/uploads\/2021\/10\/3-Grad-2048x1465.jpg 2048w, https:\/\/www.keinblatt.de\/blog\/wp-content\/uploads\/2021\/10\/3-Grad-1200x858.jpg 1200w, https:\/\/www.keinblatt.de\/blog\/wp-content\/uploads\/2021\/10\/3-Grad-1980x1416.jpg 1980w\" sizes=\"auto, (max-width: 580px) 100vw, 580px\" \/><\/a><figcaption id=\"caption-attachment-4054\" class=\"wp-caption-text\">Armin Laschet: &#8222;Ich will die n\u00e4chste Bundesregierung f\u00fchren \u2013 als Bundeskanzler. Daf\u00fcr \u00e4ndere ich doch nicht meine Politik. Aber beim Klima komme ich den \u00d6kos und K\u00f6rnerfressern entgegen! 3 Grad und kein Zehntel mehr!&#8220; Foto: <a href=\"https:\/\/commons.wikimedia.org\/wiki\/User:Olaf_Kosinsky\" target=\"_blank\">Olaf_Kosinsky<\/a>, bearbeitet durch keinblatt.de \/ Lizenz: <a href=\"https:\/\/creativecommons.org\/licenses\/by-sa\/3.0\/de\/deed.de\" target=\"_blank\">CC BY-SA 3.0 DE<\/a><\/figcaption><\/figure>\n<p>Armin Laschet (CDU) ist noch lange nicht am Ende, er will die Jamaika-Koalition \u2013 unbedingt. Das ist seine einzige \u00dcberlebenschance in der CDU und in der Politik generell. Es ist auch die einzige M\u00f6glichkeit, dass der ehemalige, fast schon abgeschriebene Fast-Kanzler doch noch der n\u00e4chste Bundeskanzler der Bundesrepublik Deutschland wird.<\/p>\n<p>Keinesfalls darf der W\u00fcrfelk\u00f6nig untersch\u00e4tzt werden. Heute preschte Laschet nach vorne. Man kann annehmen, er will damit den Gr\u00fcnen Avancen machen. Laschet teilte vor versammelter Presse mit, dass ihm das 1,5-Grad-Ziel nicht weit genug gehe. Fast alle Staaten haben 2015 einen Vertrag unterzeichnet, dass sie den menschengemachten Temperaturanstieg auf 1,5 Grad begrenzen m\u00f6chten.<\/p>\n<p>Laschet will nun einen Schritt weiter &#8222;1,5 Grad sind gut, aber nicht genug&#8220;, sagte Laschet, &#8222;3 Grad sind besser! Wir wollen den Treibhauseffekt derart reduzieren, dass von 1850 bis 2100 der globale Temperaturanstieg maximal 3 Grad betr\u00e4gt&#8220;, konkretisierte der CDU-Vorsitzende sein Vorhaben. &#8222;3 Grad mehr, das sind mehr laue Sommerabende mit einem k\u00fchlen Bierchen und einem gepflegten Zigarillo! Lassen Sie uns daf\u00fcr k\u00e4mpfen!&#8220;<\/p>\n<h3>Gr\u00fcne noch verhalten<\/h3>\n<p>B\u00fcndnis 90\/Die Gr\u00fcnen wollten den \u00fcberraschenden Vorsto\u00df Laschets bisher nicht bewerten. Robert Habeck sagte, man sei noch voll bei den Sondierungen mit der FDP besch\u00e4ftigt. Dabei habe man festgestellt, Gr\u00fcne und Liberale seien im Grunde genommen keine Feinde. Beides seien liberale Parteien, die zur Maxime h\u00e4tten, dass jeder so leben k\u00f6nnen sollte, wie es ihm genehm ist \u2013 so unterschiedlich die Menschen eben seien. Die Gr\u00fcnen w\u00fcrden das mehr \u00fcber den Staat realisieren, die FDP setze mehr auf den freien Markt, die Privatwirtschaft, so Habeck. Ansonsten sei man sich schon l\u00e4ngst gr\u00fcn geworden. Man habe sich ganz doll lieb. Die ersten Tage habe man sich mehrfach getroffen und habe sich einfach umarmt und gedr\u00fcckt. Dabei seien auch reichlich Tr\u00e4nen geflossen, bekr\u00e4ftigt Habeck.<img loading=\"lazy\" decoding=\"async\" class=\"vg\" src=\"https:\/\/vg02.met.vgwort.de\/na\/2543628b8eab402cb704e35d34608d60\" alt=\"\" width=\"1\" height=\"1\" \/><\/p>\n","protected":false},"excerpt":{"rendered":"<p>Armin Laschet (CDU) ist noch lange nicht am Ende, er will die Jamaika-Koalition \u2013 unbedingt. Das ist seine einzige \u00dcberlebenschance in der CDU und in der Politik generell. Es ist auch die einzige M\u00f6glichkeit, dass der ehemalige, fast schon abgeschriebene Fast-Kanzler doch noch der n\u00e4chste Bundeskanzler der Bundesrepublik Deutschland wird. Keinesfalls darf der W\u00fcrfelk\u00f6nig untersch\u00e4tzt [&hellip;]<\/p>\n","protected":false},"author":1,"featured_media":0,"comment_status":"open","ping_status":"open","sticky":false,"template":"","format":"standard","meta":{"footnotes":""},"categories":[15,6],"tags":[2399,1086,753,233,249,2692,316,2693,2161,2681],"class_list":["post-4053","post","type-post","status-publish","format-standard","hentry","category-natur","category-politik","tag-armin-laschet","tag-bundeskanzler","tag-buendnis-90die-gruenen","tag-cdu","tag-fdp","tag-jamaika-koalition","tag-klimawandel","tag-robert-habeck","tag-treibhausemissionen","tag-wuerfelarmin"],"_links":{"self":[{"href":"https:\/\/www.keinblatt.de\/blog\/wp-json\/wp\/v2\/posts\/4053","targetHints":{"allow":["GET"]}}],"collection":[{"href":"https:\/\/www.keinblatt.de\/blog\/wp-json\/wp\/v2\/posts"}],"about":[{"href":"https:\/\/www.keinblatt.de\/blog\/wp-json\/wp\/v2\/types\/post"}],"author":[{"embeddable":true,"href":"https:\/\/www.keinblatt.de\/blog\/wp-json\/wp\/v2\/users\/1"}],"replies":[{"embeddable":true,"href":"https:\/\/www.keinblatt.de\/blog\/wp-json\/wp\/v2\/comments?post=4053"}],"version-history":[{"count":0,"href":"https:\/\/www.keinblatt.de\/blog\/wp-json\/wp\/v2\/posts\/4053\/revisions"}],"wp:attachment":[{"href":"https:\/\/www.keinblatt.de\/blog\/wp-json\/wp\/v2\/media?parent=4053"}],"wp:term":[{"taxonomy":"category","embeddable":true,"href":"https:\/\/www.keinblatt.de\/blog\/wp-json\/wp\/v2\/categories?post=4053"},{"taxonomy":"post_tag","embeddable":true,"href":"https:\/\/www.keinblatt.de\/blog\/wp-json\/wp\/v2\/tags?post=4053"}],"curies":[{"name":"wp","href":"https:\/\/api.w.org\/{rel}","templated":true}]}}