{"id":405,"date":"2013-12-06T11:15:30","date_gmt":"2013-12-06T10:15:30","guid":{"rendered":"http:\/\/www.keinblatt.de\/blog\/?p=405"},"modified":"2017-02-28T18:57:21","modified_gmt":"2017-02-28T17:57:21","slug":"angriff-auf-presserecht-eu-will-bessere-kennzeichnung-von-satire","status":"publish","type":"post","link":"https:\/\/www.keinblatt.de\/blog\/angriff-auf-presserecht-eu-will-bessere-kennzeichnung-von-satire\/","title":{"rendered":"Angriff auf Presserecht: EU will bessere Kennzeichnung von Satire"},"content":{"rendered":"<p>Neuer Hammer aus Br\u00fcssel! Eine Presserechtkommission hat einen Entwurf erarbeitet, der eine bessere Kennzeichnung von Satire vorsieht. Der Grund daf\u00fcr ist, dass es in letzter Zeit immer wieder dazu kam, dass Meldungen f\u00fcr bare M\u00fcnze genommen wurden, obwohl sie ganz klar Satire waren. Des \u00d6fteren wurden gar regelrechte Shitstorms losgetreten. Erboste Leute beschwerten sich per Mail und telefonisch \u00fcber angebliche neue Pl\u00e4ne der EU oder \u00fcber entsprechende Vorhaben der jeweiligen Landesregierungen.<\/p>\n<figure id=\"attachment_407\" aria-describedby=\"caption-attachment-407\" style=\"width: 300px\" class=\"wp-caption alignleft\"><a href=\"https:\/\/www.keinblatt.de\/blog\/wp-content\/uploads\/2013\/12\/5997662058_f850780562_b1.jpg\"><img loading=\"lazy\" decoding=\"async\" class=\"size-medium wp-image-407\" src=\"https:\/\/www.keinblatt.de\/blog\/wp-content\/uploads\/2013\/12\/5997662058_f850780562_b1-300x284.jpg\" alt=\"EU-Parlament\" width=\"300\" height=\"284\" srcset=\"https:\/\/www.keinblatt.de\/blog\/wp-content\/uploads\/2013\/12\/5997662058_f850780562_b1-300x284.jpg 300w, https:\/\/www.keinblatt.de\/blog\/wp-content\/uploads\/2013\/12\/5997662058_f850780562_b1-1024x971.jpg 1024w, https:\/\/www.keinblatt.de\/blog\/wp-content\/uploads\/2013\/12\/5997662058_f850780562_b1-624x592.jpg 624w, https:\/\/www.keinblatt.de\/blog\/wp-content\/uploads\/2013\/12\/5997662058_f850780562_b1.jpg 1600w\" sizes=\"auto, (max-width: 300px) 100vw, 300px\" \/><\/a><figcaption id=\"caption-attachment-407\" class=\"wp-caption-text\">Satire muss keine Grenzen haben, aber sie muss gekennzeichnet werden, so wie auch Lebensmittel mit einem Vermerk versehen werden m\u00fcssen, damit man wei\u00df, was drin ist. Foto: <a href=\"https:\/\/www.flickr.com\/photos\/65983231@N00\/5997662058\/\" target=\"_blank\">thebalancebeam<\/a> \/ Lizenz: <a href=\"https:\/\/creativecommons.org\/licenses\/by-nc-sa\/2.0\/\" target=\"_blank\">CC BY-NC-SA 2.0<\/a><\/figcaption><\/figure>\n<p>Der f\u00fcr das Presserecht zust\u00e4ndige EU-Kommissar Ethan Gabin wird mit den Worten zitiert, es werde nicht mehr lange dauern, dann g\u00e4be es die ersten Unruhen bei Demonstrationen, vielleicht sogar den ersten Toten. Und das nur, weil eine klare Kennzeichnung in einem satirischen Artikel gefehlt habe.<\/p>\n<p>Diese schrecklichen Missverst\u00e4ndnisse h\u00e4tten ihre Ursache darin, dass viele Leute im hektischen Internetzeitalter nur die \u00dcberschriften oder im besten Fall noch einzelne Abschnitte lesen w\u00fcrden, so Gabin. Damit h\u00e4tten sie auch bei einem hoch ausgepr\u00e4gten Intellekt keine realistische Chance, Satire als solche zu deuten. Ferner sei ein erheblicher Teil der Bev\u00f6lkerung nicht in der Lage, Ironie zu erkennen. Das sei f\u00fcr viele einfach so etwas wie eine Fremdsprache. Diese Leute w\u00fcrden alles w\u00f6rtlich nehmen.<\/p>\n<p>Daher sieht eine neue EU-Richtlinie vor, dass Satire in Zukunft klar in der \u00dcberschrift mit dem Wort &#8222;Satire&#8220; gekennzeichnet werden muss. Au\u00dferdem ist <strong>nach jedem dritten Satz<\/strong> ein klarer Hinweis, etwa in der Form &#8222;Das ist Satire!&#8220;, einzuf\u00fcgen. Damit soll mit h\u00f6chstm\u00f6glicher Sicherheit die Gefahr drastisch verringert werden, dass jemand Satire auf den Leim geht, selbst wenn er nur kleinste Textpassagen erfasst.<\/p>\n<p>Die jeweiligen Regierungen m\u00fcssen nun ihr Presserecht \u00e4ndern. Der Widerstand gegen die neue Regelung d\u00fcrfte vonseiten der Politik gering ausfallen, da diese von einer Versch\u00e4rfung profitiert. Das Presserecht ist in Deutschland Sache der Bundesl\u00e4nder. Eine besonders harte Regelung wird dabei aus Bayern erwartet, wo die CSU schon mal plante, religi\u00f6se Satire zu verbieten (&#8222;CSU-Chef Stoiber fordert indes h\u00e4rtere Strafen f\u00fcr unliebsame Satire&#8220;; Quelle: <a href=\"https:\/\/www.spiegel.de\/kultur\/gesellschaft\/popetown-erzbischof-will-comic-papst-verbieten-a-411536.html\" target=\"_blank\">Der Spiegel<\/a> , &#8222;CSU legt einen Gesetzesentwurf vor, der jegliche Verspottung oder Herabw\u00fcrdigung von Religionen verbieten soll&#8220;; Quelle: <a href=\"https:\/\/www.laut.de\/News\/PopetownBravo-Christen-gegen-Pressefreiheit-18-10-2007-5298\" target=\"_blank\">laut.de<\/a>).<\/p>\n<p>Die Verfassungsm\u00e4\u00dfigkeit ist offenbar nicht von der neuen Presserecht-Richtlinie tangiert, da es niemand verboten wird, seine Meinungen auszudr\u00fccken. Es geht schlie\u00dflich nur um eine Kennzeichnung der Texte, die aber nach Ansicht der keinblatt.de-Redaktion eher an eine Verst\u00fcmmelung der Texte grenzt.<\/p>\n<p>Auf keinblatt.de wird sich wenig \u00e4ndern, da hier nur in seltenen F\u00e4llen Satire ver\u00f6ffentlicht wird. Dennoch zeigen wir uns solidarisch und protestieren auf das Entschiedenste gegen das Vorhaben!<img loading=\"lazy\" decoding=\"async\" src=\"https:\/\/ssl-vg03.met.vgwort.de\/na\/17439540ff6c4ff580d8ed72189d45c4\" alt=\"\" width=\"1\" height=\"1\" \/><\/p>\n","protected":false},"excerpt":{"rendered":"<p>Neuer Hammer aus Br\u00fcssel! Eine Presserechtkommission hat einen Entwurf erarbeitet, der eine bessere Kennzeichnung von Satire vorsieht. Der Grund daf\u00fcr ist, dass es in letzter Zeit immer wieder dazu kam, dass Meldungen f\u00fcr bare M\u00fcnze genommen wurden, obwohl sie ganz klar Satire waren. Des \u00d6fteren wurden gar regelrechte Shitstorms losgetreten. Erboste Leute beschwerten sich per [&hellip;]<\/p>\n","protected":false},"author":1,"featured_media":0,"comment_status":"open","ping_status":"open","sticky":false,"template":"","format":"standard","meta":{"footnotes":""},"categories":[5,6],"tags":[108,1727,902,538],"class_list":["post-405","post","type-post","status-publish","format-standard","hentry","category-medien","category-politik","tag-eu","tag-pressefreiheit","tag-presserecht","tag-satire"],"_links":{"self":[{"href":"https:\/\/www.keinblatt.de\/blog\/wp-json\/wp\/v2\/posts\/405","targetHints":{"allow":["GET"]}}],"collection":[{"href":"https:\/\/www.keinblatt.de\/blog\/wp-json\/wp\/v2\/posts"}],"about":[{"href":"https:\/\/www.keinblatt.de\/blog\/wp-json\/wp\/v2\/types\/post"}],"author":[{"embeddable":true,"href":"https:\/\/www.keinblatt.de\/blog\/wp-json\/wp\/v2\/users\/1"}],"replies":[{"embeddable":true,"href":"https:\/\/www.keinblatt.de\/blog\/wp-json\/wp\/v2\/comments?post=405"}],"version-history":[{"count":0,"href":"https:\/\/www.keinblatt.de\/blog\/wp-json\/wp\/v2\/posts\/405\/revisions"}],"wp:attachment":[{"href":"https:\/\/www.keinblatt.de\/blog\/wp-json\/wp\/v2\/media?parent=405"}],"wp:term":[{"taxonomy":"category","embeddable":true,"href":"https:\/\/www.keinblatt.de\/blog\/wp-json\/wp\/v2\/categories?post=405"},{"taxonomy":"post_tag","embeddable":true,"href":"https:\/\/www.keinblatt.de\/blog\/wp-json\/wp\/v2\/tags?post=405"}],"curies":[{"name":"wp","href":"https:\/\/api.w.org\/{rel}","templated":true}]}}