{"id":4045,"date":"2021-08-22T20:41:24","date_gmt":"2021-08-22T18:41:24","guid":{"rendered":"https:\/\/www.keinblatt.de\/blog\/?p=4045"},"modified":"2021-08-23T15:22:21","modified_gmt":"2021-08-23T13:22:21","slug":"armin-laschet-entschuldigt-sich-bei-lena-meyer-landshut-fuer-verwechslung-mit-landshut","status":"publish","type":"post","link":"https:\/\/www.keinblatt.de\/blog\/armin-laschet-entschuldigt-sich-bei-lena-meyer-landshut-fuer-verwechslung-mit-landshut\/","title":{"rendered":"Armin Laschet entschuldigt sich bei Lena Meyer-Landshut f\u00fcr Verwechslung mit &#8222;Landshut&#8220;"},"content":{"rendered":"<figure id=\"attachment_4047\" aria-describedby=\"caption-attachment-4047\" style=\"width: 580px\" class=\"wp-caption alignnone\"><a href=\"https:\/\/www.keinblatt.de\/blog\/wp-content\/uploads\/2021\/08\/Armin_Laschet_2013-05-14.jpg\"><img loading=\"lazy\" decoding=\"async\" class=\"size-large wp-image-4047\" src=\"https:\/\/www.keinblatt.de\/blog\/wp-content\/uploads\/2021\/08\/Armin_Laschet_2013-05-14-1024x680.jpg\" alt=\"Armin Laschet \u2013 Landshut\" width=\"580\" height=\"385\" srcset=\"https:\/\/www.keinblatt.de\/blog\/wp-content\/uploads\/2021\/08\/Armin_Laschet_2013-05-14-1024x680.jpg 1024w, https:\/\/www.keinblatt.de\/blog\/wp-content\/uploads\/2021\/08\/Armin_Laschet_2013-05-14-300x199.jpg 300w, https:\/\/www.keinblatt.de\/blog\/wp-content\/uploads\/2021\/08\/Armin_Laschet_2013-05-14-768x510.jpg 768w, https:\/\/www.keinblatt.de\/blog\/wp-content\/uploads\/2021\/08\/Armin_Laschet_2013-05-14-1536x1020.jpg 1536w, https:\/\/www.keinblatt.de\/blog\/wp-content\/uploads\/2021\/08\/Armin_Laschet_2013-05-14-2048x1360.jpg 2048w, https:\/\/www.keinblatt.de\/blog\/wp-content\/uploads\/2021\/08\/Armin_Laschet_2013-05-14-1200x797.jpg 1200w, https:\/\/www.keinblatt.de\/blog\/wp-content\/uploads\/2021\/08\/Armin_Laschet_2013-05-14-1980x1315.jpg 1980w\" sizes=\"auto, (max-width: 580px) 100vw, 580px\" \/><\/a><figcaption id=\"caption-attachment-4047\" class=\"wp-caption-text\">Namen, Begriffe, wer hat da noch den Durchblick? Foto: Christliches Medienmagazin pro, bearbeitet durch keinblatt.de \/ Lizenz: <a href=\"https:\/\/creativecommons.org\/licenses\/by\/2.0\/deed.en\" target=\"_blank\">CC BY 2.0<\/a><\/figcaption><\/figure>\n<p>Armin Laschet (CDU) wird der n\u00e4chste Bundeskanzler der Bundesrepublik Deutschland. Zumindest sah es lange Zeit so aus. Nun ist W\u00fcrfelarmin ein Fehler bei den Themen &#8222;Deutsche Geschichte&#8220; und &#8222;Grundwissen&#8220; unterlaufen. In seiner Rede zum Wahlkampfauftakt der CDU in Berlin sagte Laschet, die Elitetruppe GSG9 habe 1977 &#8222;Deutsche aus der entf\u00fchrten Lufthansa-Maschine in Landshut befreit&#8220;. Hier hatte Laschet Flugzeugnamen, Ort und Land durcheinandergew\u00fcrfelt. Doch Fehler k\u00f6nnen passieren.<\/p>\n<p>Nat\u00fcrlich fand die Befreiungsaktion nicht im niederbayerischen Landshut statt, sondern im oberbayerischen &#8222;Mog a Di Schu&#8220; (bairisch f\u00fcr &#8222;Ich mag auch diese Schuhe&#8220;). &#8222;Landshut&#8220; hie\u00df nur das Flugzeug. Die Lufthansa benennt ihr Flugzeuge stets nach St\u00e4dten, die zu klein sind, um dort landen zu k\u00f6nnen, um Verwechslungen auszuschlie\u00dfen. Doch diese Regelung trat in Kraft, bevor es Armin Laschet gab.<\/p>\n<h3>Laschet bitte Meyer-Landshut um Verzeihung<\/h3>\n<p>Inzwischen hat sich Armin Laschet bei Lena Meyer-Landshut f\u00fcr die Verwechslung entschuldigt. &#8222;Liebe Annalena&#8220;, sagte Laschet, &#8222;bitte verzeihen Sie mir. Nat\u00fcrlich sind Sie, sch\u00f6ne Frau, damals befreit worden. Wie konnte ich das \u2026 &#8218;Landshut&#8216;, das ist ein sch\u00f6nes Land, nicht, wie ich behauptet hatte, eine landestypische Kopfbedeckung, zumal da schon &#8218;Land&#8216; im Namen drinsteckt. Inzwischen habe ich ein bisschen Bairisch gelernt. So mal i a! Das ist bairisch, so mal ich auch, bedeutet das!&#8220;<\/p>\n<p>Laschet holt weiter aus: &#8222;Sie haben beim Eurpean Song Contest so sch\u00f6n \u00fcber Sputnik gesendet, \u00e4hhh\u2026 ich meine gesungen. Gott beh\u00fcte Sie! Ihr Amen Laschet!&#8220;<\/p>\n<h3>Laschet trennt Religion und Politik durch Kommas<\/h3>\n<p>Der CDU-Vorsitzende und NRW-Ministerpr\u00e4sident erinnert noch mal an seinen Satz, den er j\u00fcngst gesagt hatte:<\/p>\n<blockquote><p>Der Glaube an Gott ist pr\u00e4gend f\u00fcr mein Verst\u00e4ndnis der Welt. Wenn man daran glaubt, dass es nach dem Tod irgendwie weitergeht, macht man auch Politik anders als zum Beispiel ein Kommunist, der bis zum Lebensende dringend mit allen Mitteln das Paradies auf Erden will.<\/p><\/blockquote>\n<p>Er setzt fort: &#8222;Mit Anders-Politik-Machen meine ich auch Fehler. Im Himmelreich machen wir dann keine Fehler mehr produzieren. Von Kommunisten halten wir Christen gar nichts. Moment, irgendwas stimmt da nicht. Jesus Christus galt doch als erster Kommunist. Na egal, wir werden es nie ganz verstehen. Wie auch immer, liebe N\u00e4rrinnen und Narren, ich bitte Sie um Ihre Erststimme und Ihre Zweitstimme f\u00fcr die Christlich Deutsche Union.&#8220;<img loading=\"lazy\" decoding=\"async\" class=\"\" src=\"https:\/\/vg02.met.vgwort.de\/na\/7f5e7fd5e6544d9fb9b59fac458f119a\" alt=\"\" width=\"1\" height=\"1\" \/><\/p>\n","protected":false},"excerpt":{"rendered":"<p>Armin Laschet (CDU) wird der n\u00e4chste Bundeskanzler der Bundesrepublik Deutschland. Zumindest sah es lange Zeit so aus. Nun ist W\u00fcrfelarmin ein Fehler bei den Themen &#8222;Deutsche Geschichte&#8220; und &#8222;Grundwissen&#8220; unterlaufen. In seiner Rede zum Wahlkampfauftakt der CDU in Berlin sagte Laschet, die Elitetruppe GSG9 habe 1977 &#8222;Deutsche aus der entf\u00fchrten Lufthansa-Maschine in Landshut befreit&#8220;. Hier [&hellip;]<\/p>\n","protected":false},"author":1,"featured_media":0,"comment_status":"open","ping_status":"open","sticky":false,"template":"","format":"standard","meta":{"footnotes":""},"categories":[977,6,11,20,3],"tags":[2399,1086,183,233,408,158,2688,2687,2690,2689,2681],"class_list":["post-4045","post","type-post","status-publish","format-standard","hentry","category-konflikteterrormilitaer","category-politik","category-religion","category-sprachliches","category-wissenschaft","tag-armin-laschet","tag-bundeskanzler","tag-bundestagswahl","tag-cdu","tag-gsg-9","tag-kanzlerkandidat","tag-landshut","tag-lena-meyer-landrut","tag-mogadischu","tag-somalia","tag-wuerfelarmin"],"_links":{"self":[{"href":"https:\/\/www.keinblatt.de\/blog\/wp-json\/wp\/v2\/posts\/4045","targetHints":{"allow":["GET"]}}],"collection":[{"href":"https:\/\/www.keinblatt.de\/blog\/wp-json\/wp\/v2\/posts"}],"about":[{"href":"https:\/\/www.keinblatt.de\/blog\/wp-json\/wp\/v2\/types\/post"}],"author":[{"embeddable":true,"href":"https:\/\/www.keinblatt.de\/blog\/wp-json\/wp\/v2\/users\/1"}],"replies":[{"embeddable":true,"href":"https:\/\/www.keinblatt.de\/blog\/wp-json\/wp\/v2\/comments?post=4045"}],"version-history":[{"count":0,"href":"https:\/\/www.keinblatt.de\/blog\/wp-json\/wp\/v2\/posts\/4045\/revisions"}],"wp:attachment":[{"href":"https:\/\/www.keinblatt.de\/blog\/wp-json\/wp\/v2\/media?parent=4045"}],"wp:term":[{"taxonomy":"category","embeddable":true,"href":"https:\/\/www.keinblatt.de\/blog\/wp-json\/wp\/v2\/categories?post=4045"},{"taxonomy":"post_tag","embeddable":true,"href":"https:\/\/www.keinblatt.de\/blog\/wp-json\/wp\/v2\/tags?post=4045"}],"curies":[{"name":"wp","href":"https:\/\/api.w.org\/{rel}","templated":true}]}}