{"id":4011,"date":"2021-06-30T09:28:13","date_gmt":"2021-06-30T07:28:13","guid":{"rendered":"https:\/\/www.keinblatt.de\/blog\/?p=4011"},"modified":"2021-06-30T09:28:13","modified_gmt":"2021-06-30T07:28:13","slug":"jogi-loew-erklaert-ruecktritt-aber-nicht-so-wie-erwartet","status":"publish","type":"post","link":"https:\/\/www.keinblatt.de\/blog\/jogi-loew-erklaert-ruecktritt-aber-nicht-so-wie-erwartet\/","title":{"rendered":"Jogi L\u00f6w erkl\u00e4rt &#8222;R\u00fccktritt&#8220; \u2013 aber nicht so wie erwartet"},"content":{"rendered":"<figure id=\"attachment_806\" aria-describedby=\"caption-attachment-806\" style=\"width: 300px\" class=\"wp-caption alignleft\"><a href=\"https:\/\/www.keinblatt.de\/blog\/wp-content\/uploads\/2014\/05\/Joachim_L\u00f6w_Germany_national_football_team_03.jpg\"><img loading=\"lazy\" decoding=\"async\" class=\"size-medium wp-image-806\" src=\"https:\/\/www.keinblatt.de\/blog\/wp-content\/uploads\/2014\/05\/Joachim_L\u00f6w_Germany_national_football_team_03-300x300.jpg\" alt=\"Jogi L\u00f6w\" width=\"300\" height=\"300\" srcset=\"https:\/\/www.keinblatt.de\/blog\/wp-content\/uploads\/2014\/05\/Joachim_L\u00f6w_Germany_national_football_team_03-300x300.jpg 300w, https:\/\/www.keinblatt.de\/blog\/wp-content\/uploads\/2014\/05\/Joachim_L\u00f6w_Germany_national_football_team_03-150x150.jpg 150w, https:\/\/www.keinblatt.de\/blog\/wp-content\/uploads\/2014\/05\/Joachim_L\u00f6w_Germany_national_football_team_03-144x144.jpg 144w, https:\/\/www.keinblatt.de\/blog\/wp-content\/uploads\/2014\/05\/Joachim_L\u00f6w_Germany_national_football_team_03.jpg 550w\" sizes=\"auto, (max-width: 300px) 100vw, 300px\" \/><\/a><figcaption id=\"caption-attachment-806\" class=\"wp-caption-text\">Jogi L\u00f6w hat jetzt viel zu erkl\u00e4ren. Foto: <a href=\"https:\/\/commons.wikimedia.org\/wiki\/File:Joachim_L%C3%B6w,_Germany_national_football_team_%2803%29.jpg\" target=\"_blank\">Steindy<\/a> \/ Lizenz: <a href=\"https:\/\/creativecommons.org\/licenses\/by-sa\/3.0\/deed.en\" target=\"_blank\">CC BY-SA 3.0<\/a><\/figcaption><\/figure>\n<p>Nach der blamablen EM-Niederlage der deutschen Nationalmannschaft im Vierundsechzigstelfinale gegen die in Schweizer Farben spielenden Engl\u00e4nder (Deutschland verlor mit 0:2) hat Bundestrainer Jogi L\u00f6w heute wie angek\u00fcndigt seinen R\u00fccktritt erkl\u00e4rt.<\/p>\n<p>Jogi L\u00f6w sagte, ich erkl\u00e4re es Ihnen gerne. &#8222;R\u00fccktritt&#8220; habe zwei Bestandteile und setze sich aus dem Pr\u00e4fixoid &#8222;r\u00fcck&#8220; sowie dem Verb &#8222;treten&#8220; zusammen.<\/p>\n<p>Die Langform von &#8222;r\u00fcck&#8220; sei &#8222;zur\u00fcck&#8220; und wurde aus dem Althochdeutschen &#8222;ze rucke&#8220; abgeleitet. Das bedeute &#8222;zum R\u00fccken&#8220;, sp\u00e4ter &#8222;r\u00fcckw\u00e4rts&#8220;. &#8222;treten&#8220; dagegen k\u00e4me vom Gotischen &#8222;trudan&#8220;. Die weitere Herkunft sei unbekannt, &#8222;ich kann es Ihnen also nur so erkl\u00e4ren&#8220;, so L\u00f6w.<\/p>\n<p>Der Bundestrainer will sich jetzt voll auf die WM in Katar im n\u00e4chsten Jahr konzentrieren. Ein zweiter Weltmeistertitel unter seiner Regentschaft, sei das Mindeste, das er jetzt anstrebe.<\/p>\n","protected":false},"excerpt":{"rendered":"<p>Nach der blamablen EM-Niederlage der deutschen Nationalmannschaft im Vierundsechzigstelfinale gegen die in Schweizer Farben spielenden Engl\u00e4nder (Deutschland verlor mit 0:2) hat Bundestrainer Jogi L\u00f6w heute wie angek\u00fcndigt seinen R\u00fccktritt erkl\u00e4rt. Jogi L\u00f6w sagte, ich erkl\u00e4re es Ihnen gerne. &#8222;R\u00fccktritt&#8220; habe zwei Bestandteile und setze sich aus dem Pr\u00e4fixoid &#8222;r\u00fcck&#8220; sowie dem Verb &#8222;treten&#8220; zusammen. Die [&hellip;]<\/p>\n","protected":false},"author":1,"featured_media":0,"comment_status":"open","ping_status":"open","sticky":false,"template":"","format":"standard","meta":{"footnotes":""},"categories":[2,18,20],"tags":[1134,947,144,1119,219],"class_list":["post-4011","post","type-post","status-publish","format-standard","hentry","category-gesellschaftliches","category-sport","category-sprachliches","tag-deutschland","tag-england","tag-fussball","tag-fussball-em","tag-jogi-loew"],"_links":{"self":[{"href":"https:\/\/www.keinblatt.de\/blog\/wp-json\/wp\/v2\/posts\/4011","targetHints":{"allow":["GET"]}}],"collection":[{"href":"https:\/\/www.keinblatt.de\/blog\/wp-json\/wp\/v2\/posts"}],"about":[{"href":"https:\/\/www.keinblatt.de\/blog\/wp-json\/wp\/v2\/types\/post"}],"author":[{"embeddable":true,"href":"https:\/\/www.keinblatt.de\/blog\/wp-json\/wp\/v2\/users\/1"}],"replies":[{"embeddable":true,"href":"https:\/\/www.keinblatt.de\/blog\/wp-json\/wp\/v2\/comments?post=4011"}],"version-history":[{"count":0,"href":"https:\/\/www.keinblatt.de\/blog\/wp-json\/wp\/v2\/posts\/4011\/revisions"}],"wp:attachment":[{"href":"https:\/\/www.keinblatt.de\/blog\/wp-json\/wp\/v2\/media?parent=4011"}],"wp:term":[{"taxonomy":"category","embeddable":true,"href":"https:\/\/www.keinblatt.de\/blog\/wp-json\/wp\/v2\/categories?post=4011"},{"taxonomy":"post_tag","embeddable":true,"href":"https:\/\/www.keinblatt.de\/blog\/wp-json\/wp\/v2\/tags?post=4011"}],"curies":[{"name":"wp","href":"https:\/\/api.w.org\/{rel}","templated":true}]}}