{"id":3983,"date":"2021-04-12T14:18:57","date_gmt":"2021-04-12T12:18:57","guid":{"rendered":"https:\/\/www.keinblatt.de\/blog\/?p=3983"},"modified":"2021-04-14T00:38:57","modified_gmt":"2021-04-13T22:38:57","slug":"soeder-fast-erledigt-auch-im-csu-praesidium-waren-ueber-54-fuer-laschet-2","status":"publish","type":"post","link":"https:\/\/www.keinblatt.de\/blog\/soeder-fast-erledigt-auch-im-csu-praesidium-waren-ueber-54-fuer-laschet-2\/","title":{"rendered":"S\u00f6der fast erledigt! Auch im CSU-Pr\u00e4sidium waren \u00fcber 54% f\u00fcr Laschet!"},"content":{"rendered":"<figure id=\"attachment_3982\" aria-describedby=\"caption-attachment-3982\" style=\"width: 580px\" class=\"wp-caption alignnone\"><a href=\"https:\/\/www.keinblatt.de\/blog\/wp-content\/uploads\/2021\/04\/Soeder-abgekanzelt.jpg\"><img loading=\"lazy\" decoding=\"async\" class=\"size-large wp-image-3982\" src=\"https:\/\/www.keinblatt.de\/blog\/wp-content\/uploads\/2021\/04\/Soeder-abgekanzelt-1024x771.jpg\" alt=\"S\u00f6der abgekanzelt\" width=\"580\" height=\"437\" srcset=\"https:\/\/www.keinblatt.de\/blog\/wp-content\/uploads\/2021\/04\/Soeder-abgekanzelt-1024x771.jpg 1024w, https:\/\/www.keinblatt.de\/blog\/wp-content\/uploads\/2021\/04\/Soeder-abgekanzelt-300x226.jpg 300w, https:\/\/www.keinblatt.de\/blog\/wp-content\/uploads\/2021\/04\/Soeder-abgekanzelt-768x578.jpg 768w, https:\/\/www.keinblatt.de\/blog\/wp-content\/uploads\/2021\/04\/Soeder-abgekanzelt-1536x1157.jpg 1536w, https:\/\/www.keinblatt.de\/blog\/wp-content\/uploads\/2021\/04\/Soeder-abgekanzelt-1200x904.jpg 1200w, https:\/\/www.keinblatt.de\/blog\/wp-content\/uploads\/2021\/04\/Soeder-abgekanzelt.jpg 1911w\" sizes=\"auto, (max-width: 580px) 100vw, 580px\" \/><\/a><figcaption id=\"caption-attachment-3982\" class=\"wp-caption-text\">S\u00f6der abgekanzelt! Foto: Mueller \/MSC, bearbeitet durch keinblatt.de \/ Lizenz: <a href=\"https:\/\/creativecommons.org\/licenses\/by\/3.0\/de\/deed.en\" target=\"_blank\">CC BY-SA 3.0<\/a><\/figcaption><\/figure>\n<p>Fast einen Tag war Markus S\u00f6der Bundeskanzler. So lange war noch kein CSU-Politiker in diesem begehrten Amt*. Doch S\u00f6der hat den R\u00fcckhalt seines rheinl\u00e4ndischen Kandidaten Armin Laschet im CDU-Pr\u00e4sidium untersch\u00e4tzt. Mit breiter Mehrheit hat sich heute das CDU-Pr\u00e4sidium f\u00fcr Armin Laschet entschieden.<\/p>\n<p>Nun wurde bekannt, auch im CSU-Pr\u00e4sidium hat die Unterst\u00fctzung nicht ausgereicht, wenn auch nur knapp. 54 % der CSU-Pr\u00e4sidiumsmitglieder stimmten f\u00fcr Armin Laschet.<\/p>\n<p>Ob es an S\u00f6ders Performance lag oder ob die CSU Einigkeit mit der Union demonstrieren wollte, wurde nicht bekannt. Klar ist aber, dass Laschet besonders mit seiner Idee vom Br\u00fccken-Lockdown punkten konnte.<\/p>\n<p>In einer ersten Stellungnahme will S\u00f6der seinen Konkurrenten Laschet im Bundestagswahlkampf nicht ausdr\u00fccklich unterst\u00fctzen. &#8222;Ich k\u00e4mpfe doch nicht f\u00fcr Laschet, wenn ich selbst Bundeskanzler werden wollte und noch immer will. Das w\u00e4re ja v\u00f6llig unlogisch und kontraproduktiv&#8220;, sagte der bayerische Ministerpr\u00e4sident und Corona-Experte.<\/p>\n<p>S\u00f6der hat aber Interesse bekundet, als Ausgleich das Amt des Bundeswirtschaftsministers bekleiden zu wollen.<\/p>\n<p><small>* Edmund Stoiber war am Abend der Bundestagswahl 2002 f\u00fcr wenige Stunden Bundeskanzler und war schon kurz davor, ein Glas Champagner zu \u00f6ffnen. Doch am Ende reichte es nicht. Rot-Gr\u00fcn holte am Ende der Ausz\u00e4hlung auf und gewann schlie\u00dflich.<br \/>\n<\/small><\/p>\n","protected":false},"excerpt":{"rendered":"<p>Fast einen Tag war Markus S\u00f6der Bundeskanzler. So lange war noch kein CSU-Politiker in diesem begehrten Amt*. Doch S\u00f6der hat den R\u00fcckhalt seines rheinl\u00e4ndischen Kandidaten Armin Laschet im CDU-Pr\u00e4sidium untersch\u00e4tzt. Mit breiter Mehrheit hat sich heute das CDU-Pr\u00e4sidium f\u00fcr Armin Laschet entschieden. Nun wurde bekannt, auch im CSU-Pr\u00e4sidium hat die Unterst\u00fctzung nicht ausgereicht, wenn auch [&hellip;]<\/p>\n","protected":false},"author":1,"featured_media":0,"comment_status":"open","ping_status":"open","sticky":false,"template":"","format":"standard","meta":{"footnotes":""},"categories":[13,6],"tags":[2399,2655,1086,233,394,158,2570,453,2656],"class_list":["post-3983","post","type-post","status-publish","format-standard","hentry","category-medizin","category-politik","tag-armin-laschet","tag-bruecken-lockdown","tag-bundeskanzler","tag-cdu","tag-csu","tag-kanzlerkandidat","tag-lockdown","tag-markus-soeder","tag-wirtschaftsministerium"],"_links":{"self":[{"href":"https:\/\/www.keinblatt.de\/blog\/wp-json\/wp\/v2\/posts\/3983","targetHints":{"allow":["GET"]}}],"collection":[{"href":"https:\/\/www.keinblatt.de\/blog\/wp-json\/wp\/v2\/posts"}],"about":[{"href":"https:\/\/www.keinblatt.de\/blog\/wp-json\/wp\/v2\/types\/post"}],"author":[{"embeddable":true,"href":"https:\/\/www.keinblatt.de\/blog\/wp-json\/wp\/v2\/users\/1"}],"replies":[{"embeddable":true,"href":"https:\/\/www.keinblatt.de\/blog\/wp-json\/wp\/v2\/comments?post=3983"}],"version-history":[{"count":0,"href":"https:\/\/www.keinblatt.de\/blog\/wp-json\/wp\/v2\/posts\/3983\/revisions"}],"wp:attachment":[{"href":"https:\/\/www.keinblatt.de\/blog\/wp-json\/wp\/v2\/media?parent=3983"}],"wp:term":[{"taxonomy":"category","embeddable":true,"href":"https:\/\/www.keinblatt.de\/blog\/wp-json\/wp\/v2\/categories?post=3983"},{"taxonomy":"post_tag","embeddable":true,"href":"https:\/\/www.keinblatt.de\/blog\/wp-json\/wp\/v2\/tags?post=3983"}],"curies":[{"name":"wp","href":"https:\/\/api.w.org\/{rel}","templated":true}]}}