{"id":3972,"date":"2021-04-11T19:38:30","date_gmt":"2021-04-11T17:38:30","guid":{"rendered":"https:\/\/www.keinblatt.de\/blog\/?p=3972"},"modified":"2021-04-12T14:43:17","modified_gmt":"2021-04-12T12:43:17","slug":"mein-platz-ist-in-bayern-franken-wird-neue-bundeshauptstadt-soeder-haelt-wort","status":"publish","type":"post","link":"https:\/\/www.keinblatt.de\/blog\/mein-platz-ist-in-bayern-franken-wird-neue-bundeshauptstadt-soeder-haelt-wort\/","title":{"rendered":"&#8222;Mein Platz ist in Bayern!&#8220; Franken wird neue Bundeshauptstadt! S\u00f6der h\u00e4lt Wort"},"content":{"rendered":"<figure id=\"attachment_3974\" aria-describedby=\"caption-attachment-3974\" style=\"width: 580px\" class=\"wp-caption alignnone\"><a href=\"https:\/\/www.keinblatt.de\/blog\/wp-content\/uploads\/2021\/04\/Bundeshauptstadt-Franken.jpg\"><img loading=\"lazy\" decoding=\"async\" class=\"size-large wp-image-3974\" src=\"https:\/\/www.keinblatt.de\/blog\/wp-content\/uploads\/2021\/04\/Bundeshauptstadt-Franken-1024x798.jpg\" alt=\"Bundeshauptstadt Franken\" width=\"580\" height=\"452\" \/><\/a><figcaption id=\"caption-attachment-3974\" class=\"wp-caption-text\">Markus S\u00f6der h\u00e4lt Wort! Er bleibt in Bayern. Aber seine Funktion wird dort eine ganz neue sein. Foto Markus S\u00f6der: Mueller \/MSC, bearbeitet durch keinblatt.de \/ Lizenz: <a href=\"https:\/\/creativecommons.org\/licenses\/by\/3.0\/de\/deed.en\" target=\"_blank\">CC BY-SA 3.0<\/a>; Umrisse Frankens: Bayern-Regierungsbezirke.svg: Willtron, derivative work: Emdee, bearbeitet durch keinblatt.de \/ Lizenz: <a href=\"https:\/\/creativecommons.org\/licenses\/by-sa\/3.0\/deed.en\" target=\"_blank\">CC BY-SA 3.0<\/a><\/figcaption><\/figure>\n<p>Nach der offiziellen Ank\u00fcndigung, als Bundeskanzlerkandidat der Union aus CDU und CSU ins Rennen ziehen zu wollen, hat Markus S\u00f6der (CSU) bekr\u00e4ftigt, zu seinem Wort zu stehen: &#8222;Mein Platz ist in Bayern!&#8220;, sagt der Franke.<\/p>\n<p>&#8222;Nat\u00fcrlich werde ich Franken zur neuen Bundeshauptstadt machen&#8220;, f\u00fcgt S\u00f6der hinzu. &#8222;Damit bekommt das vergessene, untersch\u00e4tzte Franken endlich die Bedeutung, die es schon l\u00e4ngst verdient hat. Franken liegt im Herzen Europa, zwar aus unserer Sicht nicht in Bayern, aber nun wird es das Zentrum Deutschlands mit seinem bedeutenden Kultur- und Wirtschaftsraum&#8220;, schw\u00e4rmt der CSU-Vorsitzende.<\/p>\n<blockquote><p>Franken ist stark mit seinen drei Stadtbezirken Unterfranken (oben), Oberfranken (rechts) und Mittelfranken (unten). Es wird bald noch st\u00e4rker sein. Wir haben sogar eine echte U-Bahn \u2013 wie Berlin und Hamburg und diese Stadt da ganz unten in Bayern \u2026 wie hei\u00dft sie gleich, mir f\u00e4llt der Name gerade nicht ein \u2026 Irgendwas mit Fu\u00dfball. In Sachen Spielzeug sind wir stark. Playmobil kommt aus einem fr\u00e4nkischen Stadtbezirk. Wir haben die Spielwarenmesse. Wir haben eine Burg, die weltber\u00fchmte Burg Frankenstein. Wir haben das Bundesverkehrsmuseum mit seinem Chef Andi Scheuer, der \u00fcbrigens ganz nebenbei mein Nachfolger als Ministerpr\u00e4sident wird. Die Investmentbank Lehman Brothers wurde \u2013 man glaubt es kaum \u2013 in Franken gegr\u00fcndet.<\/p><\/blockquote>\n<blockquote><p>Viele Regionen in Europa und der ganzen Welt lieben Franken, sie bezeichnen sich sogar als frankophil. Der Name &#8222;Frank&#8220; ebenso. Moment, &#8222;Frank S\u00f6der&#8220; w\u00fcrde ja auch gut klingen. Was noch fehlt, bauen wir neu. Ein Bundeskanzleramt brauche ich ja noch, f\u00e4llt mir gerade ein. Dann der Bundestag. An was man da alles denken muss! Aber der Franke ist nicht nur eitel und weltoffen, sondern auch erfinderisch. Berlin wird nicht in der Bedeutungslosigkeit verschwinden, es wird Bundesstadt wie damals Bonn, das nun zum Bundeskaff wird.<\/p><\/blockquote>\n<p>Bundesparteitage auch die der ehemaligen Schwesterpartei CDU h\u00e4lt S\u00f6der auch nicht f\u00fcr ein Problem. &#8222;Mit dem Thema Parteitagsgel\u00e4nde haben wir ja eine langj\u00e4hrige Erfahrung&#8220;, so der Franke.<img loading=\"lazy\" decoding=\"async\" class=\"vg\" src=\"https:\/\/vg02.met.vgwort.de\/na\/f6447f4c97e6430eb4c1de09eb5fc751\" alt=\"\" width=\"1\" height=\"1\" \/><\/p>\n","protected":false},"excerpt":{"rendered":"<p>Nach der offiziellen Ank\u00fcndigung, als Bundeskanzlerkandidat der Union aus CDU und CSU ins Rennen ziehen zu wollen, hat Markus S\u00f6der (CSU) bekr\u00e4ftigt, zu seinem Wort zu stehen: &#8222;Mein Platz ist in Bayern!&#8220;, sagt der Franke. &#8222;Nat\u00fcrlich werde ich Franken zur neuen Bundeshauptstadt machen&#8220;, f\u00fcgt S\u00f6der hinzu. &#8222;Damit bekommt das vergessene, untersch\u00e4tzte Franken endlich die Bedeutung, [&hellip;]<\/p>\n","protected":false},"author":1,"featured_media":0,"comment_status":"open","ping_status":"open","sticky":false,"template":"","format":"standard","meta":{"footnotes":""},"categories":[6],"tags":[1086,1611,2654,158,453,2652,2651,2653],"class_list":["post-3972","post","type-post","status-publish","format-standard","hentry","category-politik","tag-bundeskanzler","tag-franken","tag-hauptstadt","tag-kanzlerkandidat","tag-markus-soeder","tag-mittelfranken","tag-oberfranken","tag-unterfranken"],"_links":{"self":[{"href":"https:\/\/www.keinblatt.de\/blog\/wp-json\/wp\/v2\/posts\/3972","targetHints":{"allow":["GET"]}}],"collection":[{"href":"https:\/\/www.keinblatt.de\/blog\/wp-json\/wp\/v2\/posts"}],"about":[{"href":"https:\/\/www.keinblatt.de\/blog\/wp-json\/wp\/v2\/types\/post"}],"author":[{"embeddable":true,"href":"https:\/\/www.keinblatt.de\/blog\/wp-json\/wp\/v2\/users\/1"}],"replies":[{"embeddable":true,"href":"https:\/\/www.keinblatt.de\/blog\/wp-json\/wp\/v2\/comments?post=3972"}],"version-history":[{"count":0,"href":"https:\/\/www.keinblatt.de\/blog\/wp-json\/wp\/v2\/posts\/3972\/revisions"}],"wp:attachment":[{"href":"https:\/\/www.keinblatt.de\/blog\/wp-json\/wp\/v2\/media?parent=3972"}],"wp:term":[{"taxonomy":"category","embeddable":true,"href":"https:\/\/www.keinblatt.de\/blog\/wp-json\/wp\/v2\/categories?post=3972"},{"taxonomy":"post_tag","embeddable":true,"href":"https:\/\/www.keinblatt.de\/blog\/wp-json\/wp\/v2\/tags?post=3972"}],"curies":[{"name":"wp","href":"https:\/\/api.w.org\/{rel}","templated":true}]}}