{"id":3948,"date":"2021-03-23T21:48:59","date_gmt":"2021-03-23T20:48:59","guid":{"rendered":"https:\/\/www.keinblatt.de\/blog\/?p=3948"},"modified":"2021-06-09T17:14:36","modified_gmt":"2021-06-09T15:14:36","slug":"tourismusverband-begruesst-extralanges-osterwochenende-und-kuendigt-dafuer-reiseoffensive-an","status":"publish","type":"post","link":"https:\/\/www.keinblatt.de\/blog\/tourismusverband-begruesst-extralanges-osterwochenende-und-kuendigt-dafuer-reiseoffensive-an\/","title":{"rendered":"Tourismusverband begr\u00fc\u00dft extralanges Osterwochenende und k\u00fcndigt daf\u00fcr Reiseoffensive an"},"content":{"rendered":"<figure id=\"attachment_3949\" aria-describedby=\"caption-attachment-3949\" style=\"width: 580px\" class=\"wp-caption alignnone\"><a href=\"https:\/\/www.keinblatt.de\/blog\/wp-content\/uploads\/2021\/03\/Corostern.jpg\"><img loading=\"lazy\" decoding=\"async\" class=\"size-large wp-image-3949\" src=\"https:\/\/www.keinblatt.de\/blog\/wp-content\/uploads\/2021\/03\/Corostern-1024x681.jpg\" alt=\"Frohe Corostern\" width=\"580\" height=\"386\" srcset=\"https:\/\/www.keinblatt.de\/blog\/wp-content\/uploads\/2021\/03\/Corostern-1024x681.jpg 1024w, https:\/\/www.keinblatt.de\/blog\/wp-content\/uploads\/2021\/03\/Corostern-300x200.jpg 300w, https:\/\/www.keinblatt.de\/blog\/wp-content\/uploads\/2021\/03\/Corostern-768x511.jpg 768w, https:\/\/www.keinblatt.de\/blog\/wp-content\/uploads\/2021\/03\/Corostern-1536x1022.jpg 1536w, https:\/\/www.keinblatt.de\/blog\/wp-content\/uploads\/2021\/03\/Corostern-1200x798.jpg 1200w, https:\/\/www.keinblatt.de\/blog\/wp-content\/uploads\/2021\/03\/Corostern.jpg 1920w\" sizes=\"auto, (max-width: 580px) 100vw, 580px\" \/><\/a><figcaption id=\"caption-attachment-3949\" class=\"wp-caption-text\">Frohe Corostern. Lizenz: Public Domain<\/figcaption><\/figure>\n<p>Der Deutsche Tourismusverband begr\u00fc\u00dft die Entscheidung der Bundeskanzlerin und der deutschen Ministerpr\u00e4sidenten, das Osterwochenende dieses Jahr wegen der Pandemie zu verl\u00e4ngern. &#8222;Die Menschen sind Corona-m\u00fcde und haben Erholung dringend n\u00f6tig. Ein verl\u00e4ngertes Ostern ist da genau das Richtige zum Ausspannen und Krafttanken&#8220; sagt eine Sprecherin, &#8222;nat\u00fcrlich werden unsere Unternehmen hier einige Angebote machen. Das kommt den Menschen, aber auch unserer Branche zugute, die sich zuletzt im Wesentlichen nur mit Mallorca-Kurztrips, Maskenpartys und dergleichen \u00fcber Wasser halten konnte.&#8220;<\/p>\n<p>Der Tourismusverband sieht sich als Partner der Politik. Erholte, gest\u00e4rkte Menschen seien eher wieder in der Lage, den Lockdown zu unterst\u00fctzen, so die Sprecherin.<\/p>\n<p>Gleich mehrere Anbieter arbeiten mit Hochdruck an speziellen Abfeier-Angeboten. Abgedeckt werden sollen beliebte deutsche Ziele \u2013 auch konkret solche mit hohen Inzidenzen. Der Plan: Dort lokal vorhandene hohen Inzidenzen sollen mit Niedrig-Inzidenz-Urlaubergruppen angereichert werden, wodurch die Gesamt-Inzidenz nach Adam Riese absinkt. So einfach kann Pandemie-Bek\u00e4mpfung manchmal sein.<\/p>\n<h3>Rundfl\u00fcge \u00fcber Deutschland mit Partys kommen<\/h3>\n<p>Manchen Veranstaltern ist das f\u00fcr eine Pandemie noch nicht kreativ genug,. So haben einige Flugkonzerne extra Angebote f\u00fcr Wohlf\u00fchltouristen angek\u00fcndigt, die kein Risiko eingehen m\u00f6chten, das \u00fcber die normale Flugabsturzgefahr hinausgeht. Konkret sollen Rundtrips \u00fcber Deutschland mit Partys und Unterhaltungsprogramm frischen Wind in die Branche bringen. Das Kalk\u00fcl: In der Luft da oben betr\u00e4gt die Inzidenz schlicht 0. Daher k\u00f6nne sich derjenige, der bereits da oben ist, niemanden infizieren. Ganz einfach, jeder versteht es. Das Virus arbeite sich quasi an den hohen Luftschichten ab, so ein Sprecher.<\/p>\n<h3>Erlebnistrips der Extraklasse in Vorbereitung<\/h3>\n<p>Auch Erlebnistrips f\u00fcr den typischen Abenteuerurlauber sind geplant. Vom Nervenkitzel des Besuchs einer Corona-Intensivstation (am besten eigene Maske mitbringen, vor Ort stehen oft nur Leihmasken zur Verf\u00fcgung!) bis hin zum Impfstofflabor, in dem talentierte Hobbyvirologen ihren ersten eigenen Impfstoff kreieren und damit das Lockdown-Trauma spielerisch abarbeiten k\u00f6nnen \u2013 auch als funktionsf\u00e4higes Mitbringsel f\u00fcr die Familie \u2013, ist alles dabei!<img loading=\"lazy\" decoding=\"async\" class=\"vg\" src=\"https:\/\/vg02.met.vgwort.de\/na\/9ad68c3905f0416b9e4c99c5edfdddbd\" alt=\"\" width=\"1\" height=\"1\" \/><\/p>\n","protected":false},"excerpt":{"rendered":"<p>Der Deutsche Tourismusverband begr\u00fc\u00dft die Entscheidung der Bundeskanzlerin und der deutschen Ministerpr\u00e4sidenten, das Osterwochenende dieses Jahr wegen der Pandemie zu verl\u00e4ngern. &#8222;Die Menschen sind Corona-m\u00fcde und haben Erholung dringend n\u00f6tig. Ein verl\u00e4ngertes Ostern ist da genau das Richtige zum Ausspannen und Krafttanken&#8220; sagt eine Sprecherin, &#8222;nat\u00fcrlich werden unsere Unternehmen hier einige Angebote machen. Das kommt [&hellip;]<\/p>\n","protected":false},"author":1,"featured_media":0,"comment_status":"open","ping_status":"open","sticky":false,"template":"","format":"standard","meta":{"footnotes":""},"categories":[2644,2,13],"tags":[2236,2569,1282,1470,578,2445],"class_list":["post-3948","post","type-post","status-publish","format-standard","hentry","category-freizeit-erholung","category-gesellschaftliches","category-medizin","tag-fliegen","tag-inzidenz","tag-ostern","tag-party","tag-urlaub","tag-virologe"],"_links":{"self":[{"href":"https:\/\/www.keinblatt.de\/blog\/wp-json\/wp\/v2\/posts\/3948","targetHints":{"allow":["GET"]}}],"collection":[{"href":"https:\/\/www.keinblatt.de\/blog\/wp-json\/wp\/v2\/posts"}],"about":[{"href":"https:\/\/www.keinblatt.de\/blog\/wp-json\/wp\/v2\/types\/post"}],"author":[{"embeddable":true,"href":"https:\/\/www.keinblatt.de\/blog\/wp-json\/wp\/v2\/users\/1"}],"replies":[{"embeddable":true,"href":"https:\/\/www.keinblatt.de\/blog\/wp-json\/wp\/v2\/comments?post=3948"}],"version-history":[{"count":0,"href":"https:\/\/www.keinblatt.de\/blog\/wp-json\/wp\/v2\/posts\/3948\/revisions"}],"wp:attachment":[{"href":"https:\/\/www.keinblatt.de\/blog\/wp-json\/wp\/v2\/media?parent=3948"}],"wp:term":[{"taxonomy":"category","embeddable":true,"href":"https:\/\/www.keinblatt.de\/blog\/wp-json\/wp\/v2\/categories?post=3948"},{"taxonomy":"post_tag","embeddable":true,"href":"https:\/\/www.keinblatt.de\/blog\/wp-json\/wp\/v2\/tags?post=3948"}],"curies":[{"name":"wp","href":"https:\/\/api.w.org\/{rel}","templated":true}]}}