{"id":3942,"date":"2021-03-12T13:11:48","date_gmt":"2021-03-12T12:11:48","guid":{"rendered":"https:\/\/www.keinblatt.de\/blog\/?p=3942"},"modified":"2021-03-12T13:11:48","modified_gmt":"2021-03-12T12:11:48","slug":"damit-nach-lockdown-wieder-etwas-normalitaet-einkehrt-angela-merkel-kandidiert-fuer-5-amtszeit-weil-schon-bohlen-und-loew-aufhoeren","status":"publish","type":"post","link":"https:\/\/www.keinblatt.de\/blog\/damit-nach-lockdown-wieder-etwas-normalitaet-einkehrt-angela-merkel-kandidiert-fuer-5-amtszeit-weil-schon-bohlen-und-loew-aufhoeren\/","title":{"rendered":"Damit nach Lockdown wieder etwas Normalit\u00e4t einkehrt: Angela Merkel kandidiert f\u00fcr 5. Amtszeit, weil schon Bohlen und L\u00f6w aufh\u00f6ren"},"content":{"rendered":"<figure id=\"attachment_2342\" aria-describedby=\"caption-attachment-2342\" style=\"width: 493px\" class=\"wp-caption alignnone\"><a href=\"https:\/\/www.keinblatt.de\/blog\/wp-content\/uploads\/2016\/11\/Angela_Merkel_Juli_2010_-_3zu4.jpg\"><img loading=\"lazy\" decoding=\"async\" class=\"wp-image-2342 size-full\" src=\"https:\/\/www.keinblatt.de\/blog\/wp-content\/uploads\/2016\/11\/Angela_Merkel_Juli_2010_-_3zu4.jpg\" alt=\"Angela Merkel\" width=\"493\" height=\"599\" srcset=\"https:\/\/www.keinblatt.de\/blog\/wp-content\/uploads\/2016\/11\/Angela_Merkel_Juli_2010_-_3zu4.jpg 493w, https:\/\/www.keinblatt.de\/blog\/wp-content\/uploads\/2016\/11\/Angela_Merkel_Juli_2010_-_3zu4-247x300.jpg 247w\" sizes=\"auto, (max-width: 493px) 100vw, 493px\" \/><\/a><figcaption id=\"caption-attachment-2342\" class=\"wp-caption-text\">Es geht weiter, der letzte demokratische Felsen Europas bleibt. Geologen haben mal berechnet, dass er seine Stabilit\u00e4t der Rautenform verdankt! Foto: Armin Linnartz. Foto: <a href=\"https:\/\/de.wikipedia.org\/wiki\/Datei:Angela_Merkel_Juli_2010_-_3zu4.jpg\" target=\"_blank\">Armin Linnartz<\/a> \/ Lizenz: <a href=\"https:\/\/creativecommons.org\/licenses\/by-sa\/3.0\/de\/deed.de\" target=\"_blank\">CC BY-SA 3.0 DE<\/a><\/figcaption><\/figure>\n<p>F\u00fcr die meisten Deutschen ist es kaum zu fassen. Jogi L\u00f6w gibt seinen Posten als Nationalcoach nach der EM 2021 auf, obwohl er Deutschland 2014 zum Weltmeister gemacht hatte. Das peinliche Ausscheiden Deutschlands in der Vorrunde bei der Fu\u00dfball-WM 2018 in Russland hat man ihm nie krummgenommen, auch das wenig schmeichelhafte 0:6 gegen Spanien letztes Jahr nicht, und selbst wegen seines Hobbys Popelessen wurde er allenfalls im Ausland verspottet. Das mit Jogi L\u00f6w w\u00e4re schon schlimm genug, aber dass nun auch Dieter Bohlen DSDS und &#8222;Das Supertalent&#8220; abgibt, f\u00fchrte zu einem kollektivem Schock. Bohlen war mit Modern Talking und sp\u00e4ter mit Blue System megaerfolgreich, einfach Hammer! Auch generierte er zahlreiche Weltstars wie Daniel K\u00fcblb\u00f6ck. Nun sein Absprung!<\/p>\n<p>Dass Deutschland nun nicht mehr Deutschland ist, wenn so viel Bew\u00e4hrtes wegf\u00e4llt, hat Bundeskanzlerin Dr. Angela Merkel erkannt. Daher h\u00e4ngt Merkel nun doch noch eine 5. Amtszeit an, vorausgesetzt, es reicht zu einer Regierung mit der CDU\/CSU im Herbst. &#8222;Stabilit\u00e4t und Normalit\u00e4t sind wichtig&#8220;, sagte Merkel, &#8222;die Deutschen brauchen in den n\u00e4chsten Coron\u2026 ich meine, in den n\u00e4chsten Jahren etwas Bekanntes, an dem sie sich festhalten k\u00f6nnen. Bereits in meinen Lieblingsbuch aus meiner Kindheit von Benno Pludra stand, eine Mutti sei im Notfall immer f\u00fcr ihre Kinder da!&#8220;<\/p>\n<p>Wahr ist aber auch, dass Erbfolger Armin Laschet nach einigen Patzern nun auch in der sogenannten Maskenaff\u00e4re unter Druck gekommen ist. Laschet hat damit gezeigt, dass er Korruption nicht kann und sich somit als Bundeskanzler disqualifiziert hat, bevor er \u00fcberhaupt zum Kandidaten gek\u00fcrt wurde. Was aber ist mit der zweiten Wahl S\u00f6der? Ein CSU-Kandidat komme f\u00fcr Merkel nicht infrage, da es in der DDR nur eine CDU, aber nie eine CSU gegeben habe. &#8222;Traditionen sind eminent wichtig&#8220;, so Dr. Merkel.<img loading=\"lazy\" decoding=\"async\" class=\"vg\" src=\"https:\/\/vg02.met.vgwort.de\/na\/c2d44c518c924d57b8b9834de974b63b\" alt=\"\" width=\"1\" height=\"1\" \/><\/p>\n","protected":false},"excerpt":{"rendered":"<p>F\u00fcr die meisten Deutschen ist es kaum zu fassen. Jogi L\u00f6w gibt seinen Posten als Nationalcoach nach der EM 2021 auf, obwohl er Deutschland 2014 zum Weltmeister gemacht hatte. Das peinliche Ausscheiden Deutschlands in der Vorrunde bei der Fu\u00dfball-WM 2018 in Russland hat man ihm nie krummgenommen, auch das wenig schmeichelhafte 0:6 gegen Spanien letztes [&hellip;]<\/p>\n","protected":false},"author":1,"featured_media":0,"comment_status":"open","ping_status":"open","sticky":false,"template":"","format":"standard","meta":{"footnotes":""},"categories":[4,16,2,19,6,18,12],"tags":[95,2399,1086,2643,2641,2642,144,1119,44,219,158,2570,453,763],"class_list":["post-3942","post","type-post","status-publish","format-standard","hentry","category-boulevard","category-filmetv","category-gesellschaftliches","category-kunst-kultur","category-politik","category-sport","category-szene","tag-angela-merkel","tag-armin-laschet","tag-bundeskanzler","tag-das-supertalent","tag-dieter-bohlen","tag-dsds","tag-fussball","tag-fussball-em","tag-fussball-wm","tag-jogi-loew","tag-kanzlerkandidat","tag-lockdown","tag-markus-soeder","tag-ruecktritt"],"_links":{"self":[{"href":"https:\/\/www.keinblatt.de\/blog\/wp-json\/wp\/v2\/posts\/3942","targetHints":{"allow":["GET"]}}],"collection":[{"href":"https:\/\/www.keinblatt.de\/blog\/wp-json\/wp\/v2\/posts"}],"about":[{"href":"https:\/\/www.keinblatt.de\/blog\/wp-json\/wp\/v2\/types\/post"}],"author":[{"embeddable":true,"href":"https:\/\/www.keinblatt.de\/blog\/wp-json\/wp\/v2\/users\/1"}],"replies":[{"embeddable":true,"href":"https:\/\/www.keinblatt.de\/blog\/wp-json\/wp\/v2\/comments?post=3942"}],"version-history":[{"count":0,"href":"https:\/\/www.keinblatt.de\/blog\/wp-json\/wp\/v2\/posts\/3942\/revisions"}],"wp:attachment":[{"href":"https:\/\/www.keinblatt.de\/blog\/wp-json\/wp\/v2\/media?parent=3942"}],"wp:term":[{"taxonomy":"category","embeddable":true,"href":"https:\/\/www.keinblatt.de\/blog\/wp-json\/wp\/v2\/categories?post=3942"},{"taxonomy":"post_tag","embeddable":true,"href":"https:\/\/www.keinblatt.de\/blog\/wp-json\/wp\/v2\/tags?post=3942"}],"curies":[{"name":"wp","href":"https:\/\/api.w.org\/{rel}","templated":true}]}}