{"id":3925,"date":"2021-02-03T21:58:37","date_gmt":"2021-02-03T20:58:37","guid":{"rendered":"https:\/\/www.keinblatt.de\/blog\/?p=3925"},"modified":"2025-04-03T11:58:03","modified_gmt":"2025-04-03T09:58:03","slug":"spahn-impfstoffknappheit-positiv-so-lernen-buerger-wertschaetzung","status":"publish","type":"post","link":"https:\/\/www.keinblatt.de\/blog\/spahn-impfstoffknappheit-positiv-so-lernen-buerger-wertschaetzung\/","title":{"rendered":"Spahn: Impfstoffknappheit positiv, so lernen B\u00fcrger Wertsch\u00e4tzung!"},"content":{"rendered":"<figure id=\"attachment_2620\" aria-describedby=\"caption-attachment-2620\" style=\"width: 800px\" class=\"wp-caption alignnone\"><a href=\"https:\/\/www.keinblatt.de\/blog\/wp-content\/uploads\/2017\/05\/Jens_Spahn_CDU_Parteitag_2014_by_Olaf_Kosinsky-18.jpg\"><img loading=\"lazy\" decoding=\"async\" class=\"size-full wp-image-2620\" src=\"https:\/\/www.keinblatt.de\/blog\/wp-content\/uploads\/2017\/05\/Jens_Spahn_CDU_Parteitag_2014_by_Olaf_Kosinsky-18.jpg\" alt=\"Jens Spahn\" width=\"800\" height=\"533\" srcset=\"https:\/\/www.keinblatt.de\/blog\/wp-content\/uploads\/2017\/05\/Jens_Spahn_CDU_Parteitag_2014_by_Olaf_Kosinsky-18.jpg 800w, https:\/\/www.keinblatt.de\/blog\/wp-content\/uploads\/2017\/05\/Jens_Spahn_CDU_Parteitag_2014_by_Olaf_Kosinsky-18-300x200.jpg 300w, https:\/\/www.keinblatt.de\/blog\/wp-content\/uploads\/2017\/05\/Jens_Spahn_CDU_Parteitag_2014_by_Olaf_Kosinsky-18-768x512.jpg 768w\" sizes=\"auto, (max-width: 800px) 100vw, 800px\" \/><\/a><figcaption id=\"caption-attachment-2620\" class=\"wp-caption-text\">&#8222;Was man geschenkt kriegt, ist nichts wert!&#8220; sagt Bundesgesundheitsminister Jens Spahn (CDU). Foto: <a href=\"https:\/\/commons.wikimedia.org\/wiki\/User:Olaf_Kosinsky\" target=\"_blank\">Olaf Kosinsky<\/a> \/ Lizenz: <a href=\"https:\/\/creativecommons.org\/licenses\/by-sa\/3.0\/de\/deed.en\" target=\"_blank\">CC BY-SA 3.0 DE<\/a><\/figcaption><\/figure>\n<p>Bundesgesundheitsminister Jens Spahn (CDU) hat auf die Lieferengp\u00e4sse des Corona-Impfstoffs und die damit verbundenen Vorw\u00fcrfe an die Politik, vor allem das leyenhafte Vorgehen bei der Impfstoffbeschaffung, reagiert. Spahn sagte in einer spahntan einberufenen Pressekonferenz, der schleppende Impfstart in Deutschland sei positiv zu bewerten. &#8222;Nur wenn ein Gut knapp ist, wird ihm eine angemessene Wertsch\u00e4tzung entgegengebracht.&#8220; Ein Leben im \u00dcberfluss sei nie erstrebenswert, so Spahn. Wer wenig habe, f\u00fcr den sei das Wenige alles. &#8222;Ein Bettler, der tagelang nichts hat und dann einen Euro findet, der hat rein emotional mehr als Jeff Bezos, der so viel hat, dass keine W\u00fcnsche, keine Tr\u00e4ume mehr existieren. Bezos hat faktisch gesehen nichts, da er <em>nichts<\/em> braucht&#8220;, schw\u00e4rmt der Bundesgesundheitsminister. Der Wert liege im Wollen, nicht im Haben.<\/p>\n<h3>H\u00f6chste Ingenieurskunst<\/h3>\n<p>Spahn verweist auf die hohen Leistungen der Virologen und Impfstoffentwickler, die den Impfstoff unter Lebensgefahr entwickelt h\u00e4tten. Sie h\u00e4tten sich bei Ausfall der Absaugeinrichtungen infizieren oder an einer Nadel eines Impfstoffprototyps stechen k\u00f6nnen. Beide F\u00e4lle h\u00e4tten den Tod bedeuten k\u00f6nnen. Der Impfstoff sei ein \u00e4u\u00dferst raffiniertes Produkt von h\u00f6chstem Wert, quasi h\u00f6chste Ingenieurskunst, und keine kik-Ramschware, so der Minister.<\/p>\n<p>&#8222;Wenn Sie in 10 Minuten einen Impftermin bekommen, dann ist das nichts Besonderes&#8220;, f\u00fchrt Spahn aus, &#8222;aber wenn es extrem aufwendig bis unm\u00f6glich ist, einen Termin zu erhalten, dann haben Sie sehr viel Gl\u00fcck und sind ein sehr gl\u00fccklicher Mensch. Sie steigen \u2026 quasi \u2026 in den Hauptbahnhof \u2013 ich meine, Sie starten dort Ihre Impfung.<\/p>\n<h3>Impftermin f\u00fcr Spahn?<\/h3>\n<p>Auf Nachfrage der Hauptstadtjournalisten, ob er bereits einen Impftermin habe, sagt Spahn wahrheitsgem\u00e4\u00df &#8222;nein&#8220;, da er am morgens ja bereits mit der Auffrischungsdosis geimpft worden war. Letzteres ist aber f\u00fcr Spahn nur ein unbedeutendes Detail, auf das er keinen Wert mehr legte. Entsprechend k\u00f6nnen Sie es nur hier lesen.<img loading=\"lazy\" decoding=\"async\" src=\"https:\/\/vg02.met.vgwort.de\/na\/361fcde00cb843bda2ad7953f2c3a7ad\" alt=\"\" width=\"1\" height=\"1\" \/><\/p>\n","protected":false},"excerpt":{"rendered":"<p>Bundesgesundheitsminister Jens Spahn (CDU) hat auf die Lieferengp\u00e4sse des Corona-Impfstoffs und die damit verbundenen Vorw\u00fcrfe an die Politik, vor allem das leyenhafte Vorgehen bei der Impfstoffbeschaffung, reagiert. Spahn sagte in einer spahntan einberufenen Pressekonferenz, der schleppende Impfstart in Deutschland sei positiv zu bewerten. &#8222;Nur wenn ein Gut knapp ist, wird ihm eine angemessene Wertsch\u00e4tzung entgegengebracht.&#8220; [&hellip;]<\/p>\n","protected":false},"author":1,"featured_media":0,"comment_status":"open","ping_status":"open","sticky":false,"template":"","format":"standard","meta":{"footnotes":""},"categories":[13,6],"tags":[2583,36,492],"class_list":["post-3925","post","type-post","status-publish","format-standard","hentry","category-medizin","category-politik","tag-corona-impfstoff","tag-impfen","tag-jens-spahn"],"_links":{"self":[{"href":"https:\/\/www.keinblatt.de\/blog\/wp-json\/wp\/v2\/posts\/3925","targetHints":{"allow":["GET"]}}],"collection":[{"href":"https:\/\/www.keinblatt.de\/blog\/wp-json\/wp\/v2\/posts"}],"about":[{"href":"https:\/\/www.keinblatt.de\/blog\/wp-json\/wp\/v2\/types\/post"}],"author":[{"embeddable":true,"href":"https:\/\/www.keinblatt.de\/blog\/wp-json\/wp\/v2\/users\/1"}],"replies":[{"embeddable":true,"href":"https:\/\/www.keinblatt.de\/blog\/wp-json\/wp\/v2\/comments?post=3925"}],"version-history":[{"count":0,"href":"https:\/\/www.keinblatt.de\/blog\/wp-json\/wp\/v2\/posts\/3925\/revisions"}],"wp:attachment":[{"href":"https:\/\/www.keinblatt.de\/blog\/wp-json\/wp\/v2\/media?parent=3925"}],"wp:term":[{"taxonomy":"category","embeddable":true,"href":"https:\/\/www.keinblatt.de\/blog\/wp-json\/wp\/v2\/categories?post=3925"},{"taxonomy":"post_tag","embeddable":true,"href":"https:\/\/www.keinblatt.de\/blog\/wp-json\/wp\/v2\/tags?post=3925"}],"curies":[{"name":"wp","href":"https:\/\/api.w.org\/{rel}","templated":true}]}}