{"id":3819,"date":"2020-11-23T11:30:09","date_gmt":"2020-11-23T10:30:09","guid":{"rendered":"https:\/\/www.keinblatt.de\/blog\/?p=3819"},"modified":"2020-11-23T11:46:24","modified_gmt":"2020-11-23T10:46:24","slug":"lockdown-wird-nicht-verlaengert-da-leser-einer-lokalzeitung-in-online-abstimmung-dagegen-sind","status":"publish","type":"post","link":"https:\/\/www.keinblatt.de\/blog\/lockdown-wird-nicht-verlaengert-da-leser-einer-lokalzeitung-in-online-abstimmung-dagegen-sind\/","title":{"rendered":"Lockdown wird nicht verl\u00e4ngert, da Leser einer Lokalzeitung in Online-Abstimmung dagegen sind"},"content":{"rendered":"<figure id=\"attachment_3820\" aria-describedby=\"caption-attachment-3820\" style=\"width: 580px\" class=\"wp-caption alignnone\"><a href=\"https:\/\/www.keinblatt.de\/blog\/wp-content\/uploads\/2020\/11\/virus-4937553_1920.jpg\"><img loading=\"lazy\" decoding=\"async\" class=\"size-large wp-image-3820\" src=\"https:\/\/www.keinblatt.de\/blog\/wp-content\/uploads\/2020\/11\/virus-4937553_1920-1024x547.jpg\" alt=\"Coronavirus\" width=\"580\" height=\"310\" srcset=\"https:\/\/www.keinblatt.de\/blog\/wp-content\/uploads\/2020\/11\/virus-4937553_1920-1024x547.jpg 1024w, https:\/\/www.keinblatt.de\/blog\/wp-content\/uploads\/2020\/11\/virus-4937553_1920-300x160.jpg 300w, https:\/\/www.keinblatt.de\/blog\/wp-content\/uploads\/2020\/11\/virus-4937553_1920-768x410.jpg 768w, https:\/\/www.keinblatt.de\/blog\/wp-content\/uploads\/2020\/11\/virus-4937553_1920-1536x820.jpg 1536w, https:\/\/www.keinblatt.de\/blog\/wp-content\/uploads\/2020\/11\/virus-4937553_1920-1200x641.jpg 1200w, https:\/\/www.keinblatt.de\/blog\/wp-content\/uploads\/2020\/11\/virus-4937553_1920.jpg 1920w\" sizes=\"auto, (max-width: 580px) 100vw, 580px\" \/><\/a><figcaption id=\"caption-attachment-3820\" class=\"wp-caption-text\">Coronavirus. Der B\u00fcrger hat entschieden. Lizenz: Public Covimain<\/figcaption><\/figure>\n<p>Das ist eine kleine \u00dcberraschung. Der Corona-Lockdown Light wird nun doch nicht verl\u00e4ngert und l\u00e4uft Ende November aus. Grund ist eine <a href=\"https:\/\/www.facebook.com\/AugsburgerAllgemeine\/posts\/10157869134170784\" target=\"_blank\" rel=\"noopener noreferrer\">Online-Abstimmung der Lokalzeitung &#8222;Augsburger Allgemeine&#8220;<\/a> auf Facebook. Dort hat sich eine Mehrheit der Nutzer gegen eine Verl\u00e4ngerung des Lockdowns ausgesprochen.<\/p>\n<p>Bundeskanzlerin Angela Merkel (CDU) sagte: &#8222;Das hat mich \u00fcberzeugt. Wir sollten das Votieren der B\u00fcrger respektieren. Wir leben schlie\u00dflich in einer Demokratie.&#8220;<\/p>\n<p>Merkel freut sich eigenen Angaben zufolge schon auf ihre Berliner Stammkneipe, die Anfang Dezember wieder \u00f6ffnen darf. Bis dahin wird sie noch mit ihrer Bundestagskantine vorlieb nehmen m\u00fcssen, die auch w\u00e4hrend des Lockdowns ge\u00f6ffnet hat.<\/p>\n","protected":false},"excerpt":{"rendered":"<p>Das ist eine kleine \u00dcberraschung. Der Corona-Lockdown Light wird nun doch nicht verl\u00e4ngert und l\u00e4uft Ende November aus. Grund ist eine Online-Abstimmung der Lokalzeitung &#8222;Augsburger Allgemeine&#8220; auf Facebook. Dort hat sich eine Mehrheit der Nutzer gegen eine Verl\u00e4ngerung des Lockdowns ausgesprochen. Bundeskanzlerin Angela Merkel (CDU) sagte: &#8222;Das hat mich \u00fcberzeugt. Wir sollten das Votieren der [&hellip;]<\/p>\n","protected":false},"author":1,"featured_media":0,"comment_status":"open","ping_status":"open","sticky":false,"template":"","format":"standard","meta":{"footnotes":""},"categories":[2,13,6],"tags":[2590,95,2591,2570,937],"class_list":["post-3819","post","type-post","status-publish","format-standard","hentry","category-gesellschaftliches","category-medizin","category-politik","tag-abstimmung","tag-angela-merkel","tag-augsburger-allgemeine","tag-lockdown","tag-umfrage"],"_links":{"self":[{"href":"https:\/\/www.keinblatt.de\/blog\/wp-json\/wp\/v2\/posts\/3819","targetHints":{"allow":["GET"]}}],"collection":[{"href":"https:\/\/www.keinblatt.de\/blog\/wp-json\/wp\/v2\/posts"}],"about":[{"href":"https:\/\/www.keinblatt.de\/blog\/wp-json\/wp\/v2\/types\/post"}],"author":[{"embeddable":true,"href":"https:\/\/www.keinblatt.de\/blog\/wp-json\/wp\/v2\/users\/1"}],"replies":[{"embeddable":true,"href":"https:\/\/www.keinblatt.de\/blog\/wp-json\/wp\/v2\/comments?post=3819"}],"version-history":[{"count":0,"href":"https:\/\/www.keinblatt.de\/blog\/wp-json\/wp\/v2\/posts\/3819\/revisions"}],"wp:attachment":[{"href":"https:\/\/www.keinblatt.de\/blog\/wp-json\/wp\/v2\/media?parent=3819"}],"wp:term":[{"taxonomy":"category","embeddable":true,"href":"https:\/\/www.keinblatt.de\/blog\/wp-json\/wp\/v2\/categories?post=3819"},{"taxonomy":"post_tag","embeddable":true,"href":"https:\/\/www.keinblatt.de\/blog\/wp-json\/wp\/v2\/tags?post=3819"}],"curies":[{"name":"wp","href":"https:\/\/api.w.org\/{rel}","templated":true}]}}