{"id":3695,"date":"2020-08-26T00:06:38","date_gmt":"2020-08-25T22:06:38","guid":{"rendered":"https:\/\/www.keinblatt.de\/blog\/?p=3695"},"modified":"2022-02-15T19:49:46","modified_gmt":"2022-02-15T18:49:46","slug":"rattenfaengerpartei-afd-hoecke-hat-nun-ratte-als-haustier-damit-er-wenigstens-nager-n3ger-ist-ja-verboten-sagen-kann","status":"publish","type":"post","link":"https:\/\/www.keinblatt.de\/blog\/rattenfaengerpartei-afd-hoecke-hat-nun-ratte-als-haustier-damit-er-wenigstens-nager-n3ger-ist-ja-verboten-sagen-kann\/","title":{"rendered":"Rattenf\u00e4ngerpartei AfD: H\u00f6cke hat nun Ratte als Haustier, damit er wenigstens &#8222;Nager&#8220; sagen kann"},"content":{"rendered":"<figure id=\"attachment_3696\" aria-describedby=\"caption-attachment-3696\" style=\"width: 580px\" class=\"wp-caption alignnone\"><a href=\"https:\/\/www.keinblatt.de\/blog\/wp-content\/uploads\/2020\/08\/Hoecke-mit-Ratte.png\"><img loading=\"lazy\" decoding=\"async\" class=\"size-large wp-image-3696\" src=\"https:\/\/www.keinblatt.de\/blog\/wp-content\/uploads\/2020\/08\/Hoecke-mit-Ratte-1024x683.png\" alt=\"H\u00f6cke mit Ratte\" width=\"580\" height=\"387\" srcset=\"https:\/\/www.keinblatt.de\/blog\/wp-content\/uploads\/2020\/08\/Hoecke-mit-Ratte-1024x683.png 1024w, https:\/\/www.keinblatt.de\/blog\/wp-content\/uploads\/2020\/08\/Hoecke-mit-Ratte-300x200.png 300w, https:\/\/www.keinblatt.de\/blog\/wp-content\/uploads\/2020\/08\/Hoecke-mit-Ratte-768x512.png 768w, https:\/\/www.keinblatt.de\/blog\/wp-content\/uploads\/2020\/08\/Hoecke-mit-Ratte.png 1200w\" sizes=\"auto, (max-width: 580px) 100vw, 580px\" \/><\/a><figcaption id=\"caption-attachment-3696\" class=\"wp-caption-text\">Ratten sind durchaus beliebte Haustiere. H\u00f6cke hat das possierliche Tierchen bereits in sein ratterndes Herz geschlossen. Foto H\u00f6cke: \u00a0<br \/><a href=\"https:\/\/commons.wikimedia.org\/wiki\/User:Vincent_Eisfeld\" target=\"_blank\">Vincent Eisfeld<\/a>, bearbeitet durch keinblatt.de \/ Lizenz: <a href=\"https:\/\/creativecommons.org\/licenses\/by-sa\/4.0\/deed.de\" target=\"_blank\">CC BY-SA 4.0<\/a><\/figcaption><\/figure>\n<p>Bernd H\u00f6cke (AfD) f\u00fchlt sich angeknabbert. Seine Partei verliert immer mehr an Boden, die Ratten verlassen das sinkende AfD-Schiff. Fl\u00fcchtlinge und Klima ziehen nicht mehr als Themen, und auch mit der Frage, ob man das N- oder Z-Wort noch verwenden d\u00fcrfe, kann sich die Partei derzeit nicht ratten.<\/p>\n<p>H\u00f6ckes Schergen sind als Rattenf\u00e4nger bekannt, auch wenn das der Ausnahme-f\u00fcr-Deutschland-Politiker nur einem Vertrauten gegen\u00fcber zugibt. Aber da es wahr ist, passiert es auch. H\u00f6cke hat sich eine Ratte gefangen, die er nun als Haustier h\u00e4lt. &#8222;Jetzt darf ich sogar bei Anne Will ein Wort sagen, das zumindest sehr \u00e4hnlich ist zu einem Wort, das ich nicht mehr sagen darf: <em>Nager<\/em>.&#8220;<\/p>\n<p>&#8222;Wie ist eigentlich der Plural von Nager? N\u00e4ger&#8220;, fragt sich H\u00f6cke euphorisch. Ein Blick in Wiktionary zum Lemma <em>Nager<\/em> f\u00fchrt bei H\u00f6cke erst zu Frust, dann aber entdeckter er ganz unten den Hinweis:<\/p>\n<blockquote><p>\u00c4hnlich geschrieben und\/oder ausgesprochen: N3ger<\/p><\/blockquote>\n<p>H\u00f6cke steht auf und klatscht sich auf den Bauch. So ein Erfolgserlebnis hatte der ehemalige Lehrer schon lange nicht mehr. Er f\u00fchlt sich so gut wie in der Talksendung G\u00fcnther Jauch, bei der er eine Deutschlandfahne aus seinem Rock zog und dem staunenden Publikum pr\u00e4sentierte.<\/p>\n<p>H\u00f6cke sammelt sich: So eine Ratte sei ja streng genommen ein Nagetier mit Kanalisationshintergrund. &#8222;Was wollen die eigentlich bei uns? Warum reisen die alleine?&#8220;, kommen H\u00f6cke die ersten Zweifel, bis er sich daran erinnert, dass er das Tierchen selbst gefangen ratte. Doch er wusste auch, dass viele Schiffsratten \u00fcbers Mittelmeer kommen. Drau\u00dfen h\u00f6rt er einen Lkw rattern und erg\u00e4nzt &#8222;oder in einem K\u00fchllaster. Diese Ratten!&#8220;<\/p>\n<p>In H\u00f6cke kommt wieder der alte Kampfeseifer auf: &#8222;Das ist mein Kampf! Merkel und ihre Linksradikalen wollen uns alles, mit dem wir Spa\u00df beim L\u00e4stern haben, mausen. Ich lasse mir aber mein M-Wort, mein N-Wort und mein Z-Wort nicht wegnehmen. Am Ende darf ich nicht mal mehr ein Moorbad nehmen, nur weil mal Menschen als Sklaven gehalten wurden und das M-Wort damit an Attraktivit\u00e4t verloren hat.&#8220;<\/p>\n<h3>Die Linken haben recht \u2013 das wei\u00df auch die AfD, sie gibt es nur nicht zu, sondern setzt dieses Wissen ein!<\/h3>\n<p>H\u00f6cke glaubt, dass die AfD nur dann punkten kann, wenn sie als Sprachbewahrer in den Wahlkampf ziehen. Und die anderen m\u00fcssen als Sprachpanscher diskreditiert werden! F\u00fcr das Recht auf alle W\u00f6rter, ob H-Wort oder Y-Wort! Gegen das Gendern! &#8222;Wenn die Linksradikalen ausnahmsweise mal recht haben und Sprache formt, dann muss die AfD sich einfach bei Adenauer und seinen Vorg\u00e4ngern bedienen&#8220;, blitzt ein Hauch von Wahn in seinen Augen auf. &#8222;Dann bekommen wir unseren alten Staat zur\u00fcck. Mit dem Arzt, dem Feuerwehrmann, der Krankenschwester und der Putzfrau!&#8220;<\/p>\n<p>Noch nie wurde so gut deutlich, dass es der AfD gar nicht um die geliebten W\u00f6rter geht. W\u00f6rter sind Schall und Rauch, f\u00fcr die Ratter Deutschlands sie sind nur ein Mittel zum Zweck. Die AfD will in die Adenauer-Zeit und gerne noch ein paar Jahre weiter zur\u00fcck, und dazu sind die alten W\u00f6rter wichtige Bausteine.<img loading=\"lazy\" decoding=\"async\" class=\"vg\" src=\"https:\/\/vg02.met.vgwort.de\/na\/8fbfb0709a0b4d78abdad7e4a7be7594\" alt=\"\" width=\"1\" height=\"1\" \/><\/p>\n","protected":false},"excerpt":{"rendered":"<p>Bernd H\u00f6cke (AfD) f\u00fchlt sich angeknabbert. Seine Partei verliert immer mehr an Boden, die Ratten verlassen das sinkende AfD-Schiff. Fl\u00fcchtlinge und Klima ziehen nicht mehr als Themen, und auch mit der Frage, ob man das N- oder Z-Wort noch verwenden d\u00fcrfe, kann sich die Partei derzeit nicht ratten. H\u00f6ckes Schergen sind als Rattenf\u00e4nger bekannt, auch [&hellip;]<\/p>\n","protected":false},"author":1,"featured_media":0,"comment_status":"open","ping_status":"open","sticky":false,"template":"","format":"standard","meta":{"footnotes":""},"categories":[26,2,15,6,20],"tags":[700,1639,166,634,167,2552,2553],"class_list":["post-3695","post","type-post","status-publish","format-standard","hentry","category-braeuche","category-gesellschaftliches","category-natur","category-politik","category-sprachliches","tag-afd","tag-bernd-hoecke","tag-gendern","tag-haustiere","tag-political-correctness","tag-ratte","tag-rattenfaenger"],"_links":{"self":[{"href":"https:\/\/www.keinblatt.de\/blog\/wp-json\/wp\/v2\/posts\/3695","targetHints":{"allow":["GET"]}}],"collection":[{"href":"https:\/\/www.keinblatt.de\/blog\/wp-json\/wp\/v2\/posts"}],"about":[{"href":"https:\/\/www.keinblatt.de\/blog\/wp-json\/wp\/v2\/types\/post"}],"author":[{"embeddable":true,"href":"https:\/\/www.keinblatt.de\/blog\/wp-json\/wp\/v2\/users\/1"}],"replies":[{"embeddable":true,"href":"https:\/\/www.keinblatt.de\/blog\/wp-json\/wp\/v2\/comments?post=3695"}],"version-history":[{"count":0,"href":"https:\/\/www.keinblatt.de\/blog\/wp-json\/wp\/v2\/posts\/3695\/revisions"}],"wp:attachment":[{"href":"https:\/\/www.keinblatt.de\/blog\/wp-json\/wp\/v2\/media?parent=3695"}],"wp:term":[{"taxonomy":"category","embeddable":true,"href":"https:\/\/www.keinblatt.de\/blog\/wp-json\/wp\/v2\/categories?post=3695"},{"taxonomy":"post_tag","embeddable":true,"href":"https:\/\/www.keinblatt.de\/blog\/wp-json\/wp\/v2\/tags?post=3695"}],"curies":[{"name":"wp","href":"https:\/\/api.w.org\/{rel}","templated":true}]}}