{"id":3658,"date":"2020-07-28T15:45:37","date_gmt":"2020-07-28T13:45:37","guid":{"rendered":"https:\/\/www.keinblatt.de\/blog\/?p=3658"},"modified":"2020-07-28T16:22:43","modified_gmt":"2020-07-28T14:22:43","slug":"corona-tests-werden-verpflichtend-dafuer-geschwindigkeitskontrollen-in-zukunft-freiwillig","status":"publish","type":"post","link":"https:\/\/www.keinblatt.de\/blog\/corona-tests-werden-verpflichtend-dafuer-geschwindigkeitskontrollen-in-zukunft-freiwillig\/","title":{"rendered":"Corona-Tests werden verpflichtend, daf\u00fcr Geschwindigkeits&shy;kontrollen in Zukunft freiwillig"},"content":{"rendered":"<figure id=\"attachment_3661\" aria-describedby=\"caption-attachment-3661\" style=\"width: 580px\" class=\"wp-caption alignnone\"><a href=\"https:\/\/www.keinblatt.de\/blog\/wp-content\/uploads\/2020\/07\/Polizei_laser_messung.jpg\"><img loading=\"lazy\" decoding=\"async\" class=\"size-large wp-image-3661\" src=\"https:\/\/www.keinblatt.de\/blog\/wp-content\/uploads\/2020\/07\/Polizei_laser_messung-1024x682.jpg\" alt=\"Radarfalle freiwillig!\" width=\"580\" height=\"386\" srcset=\"https:\/\/www.keinblatt.de\/blog\/wp-content\/uploads\/2020\/07\/Polizei_laser_messung-1024x682.jpg 1024w, https:\/\/www.keinblatt.de\/blog\/wp-content\/uploads\/2020\/07\/Polizei_laser_messung-300x200.jpg 300w, https:\/\/www.keinblatt.de\/blog\/wp-content\/uploads\/2020\/07\/Polizei_laser_messung-768x512.jpg 768w, https:\/\/www.keinblatt.de\/blog\/wp-content\/uploads\/2020\/07\/Polizei_laser_messung-1200x800.jpg 1200w, https:\/\/www.keinblatt.de\/blog\/wp-content\/uploads\/2020\/07\/Polizei_laser_messung.jpg 1400w\" sizes=\"auto, (max-width: 580px) 100vw, 580px\" \/><\/a><figcaption id=\"caption-attachment-3661\" class=\"wp-caption-text\">Geschwindigkeitskontrollen werden freiwillig! Foto: <a href=\"https:\/\/commons.wikimedia.org\/wiki\/File:Polizei_laser_messung.jpg?uselang=de\" target=\"_blank\">VisualBeo<\/a>, bearbeitet durch keinblatt.de \/ Lizenz: <a href=\"https:\/\/creativecommons.org\/licenses\/by-sa\/3.0\/deed.de\" target=\"_blank\">CC BY-SA 3.0<\/a><\/figcaption><\/figure>\n<p>Die Bundesregierung hat f\u00fcr Reisende, die aus Corona-Risikogebieten zur\u00fcck nach Deutschland kommen, einen verpflichtenden Corona-Test beschlossen. Zu den Risikogebieten geh\u00f6ren fast alle Staaten weltweit, nur die meisten europ\u00e4ischen L\u00e4nder sowie Kanada und Australien sind ausgenommen. Die genauen Staaten k\u00f6nnen jederzeit ge\u00e4ndert werden.<\/p>\n<h3>Staat kann in besonderen Gef\u00e4hrdungslagen\u00a0 Grundrechte einschr\u00e4nken und Ma\u00dfnahmen zur Pflicht machen<\/h3>\n<p>&#8222;Bei besonderen Gef\u00e4hrdungslagen ist es notwendig, dass Ma\u00dfnahmen zwangsweise angeordnet, also von ihrer Freiwilligkeit entbunden werden&#8220;, sagte Bundesgesundheitsminister Jens Spahn (CDU). Die Testungen sollen an Flugh\u00e4fen sowie Grenz\u00fcberg\u00e4ngen durchgef\u00fchrt werden. Die Corona-Tests sind kostenlos, es wird nur eine Bearbeitungspauschale von 20 Euro pro Urlaubsr\u00fcckkehrer erhoben. F\u00fcr Familien gibt es erm\u00e4\u00dfigte Testtickets.<\/p>\n<p>Um die Akzeptanz der zwangsweisen Corona-Tests zu steigern, gibt es einen Ausgleich. Diese Belohnung wird an die Autofahrer verteilt, da das Auto der Deutschen liebstes Kind ist.<\/p>\n<p>Dabei werden Geschwindigkeitskontrollen f\u00fcr Autofahrer freiwillig. Bundesverkehrsminister Andreas Scheuer (CSU) sagte: &#8222;Wir glauben an den m\u00fcndigen Autofahrer! Freie Fahrt f\u00fcr freie B\u00fcrger! Wir schaffen die Geschwindigkeitskontrollen nicht generell ab, jeder kann gerne seine Geschwindigkeit weiter messen lassen und die entsprechenden Konsequenzen tragen.&#8220;<\/p>\n<p>Scheuer rechnet damit, dass es mit diesem Geschenk an die Autofahrer kaum Proteste gegen die zwangsweisen Corona-Tests geben werde. &#8222;Sollten Unbelehrbare gegen die Testungen demonstrieren wollen, verbieten wir die Demos \u2013 mit der gleichen Begr\u00fcndung, eben der Infektionsgefahr.<\/p>\n<h3>Geschwindigkeitskontrollen weiter mit Deutschland-Fahne am Fahrzeug m\u00f6glich<\/h3>\n<p>Wer in Zukunft in Radarfallen weiter geblitzt werden will, bringt am Fahrzeug eine Deutschland-Fahne an. Autos ohne Deutschland-Fahne werden in Radarfallen ignoriert. Die Regelung gilt so lange, bis die verpflichtenden Corona-Tests wieder abgeschafft werden.<img loading=\"lazy\" decoding=\"async\" class=\"vg\" src=\"https:\/\/vg02.met.vgwort.de\/na\/3342299332b740afa59aa1edf9b2260f\" alt=\"\" width=\"1\" height=\"1\" \/><\/p>\n<figure id=\"attachment_3659\" aria-describedby=\"caption-attachment-3659\" style=\"width: 880px\" class=\"wp-caption alignnone\"><a href=\"https:\/\/www.keinblatt.de\/blog\/wp-content\/uploads\/2020\/07\/flags-and-pennants-germany-colors-flag-black-red-gold-national-ornament-fan.jpg\"><img loading=\"lazy\" decoding=\"async\" class=\"size-full wp-image-3659\" src=\"https:\/\/www.keinblatt.de\/blog\/wp-content\/uploads\/2020\/07\/flags-and-pennants-germany-colors-flag-black-red-gold-national-ornament-fan.jpg\" alt=\"Deutschland-Fahne am Auto\" width=\"880\" height=\"586\" srcset=\"https:\/\/www.keinblatt.de\/blog\/wp-content\/uploads\/2020\/07\/flags-and-pennants-germany-colors-flag-black-red-gold-national-ornament-fan.jpg 880w, https:\/\/www.keinblatt.de\/blog\/wp-content\/uploads\/2020\/07\/flags-and-pennants-germany-colors-flag-black-red-gold-national-ornament-fan-300x200.jpg 300w, https:\/\/www.keinblatt.de\/blog\/wp-content\/uploads\/2020\/07\/flags-and-pennants-germany-colors-flag-black-red-gold-national-ornament-fan-768x511.jpg 768w\" sizes=\"auto, (max-width: 880px) 100vw, 880px\" \/><\/a><figcaption id=\"caption-attachment-3659\" class=\"wp-caption-text\">Wer einverstanden ist, dass seine Geschwindigkeit in Radarfallen weiter gepr\u00fcft wird, und auch die Konsequenten tragen will, der bringt eine Deutschland-Fahne an seinem Fahrzeug an. Lizenz: Public Fotoblitz<\/figcaption><\/figure>\n","protected":false},"excerpt":{"rendered":"<p>Die Bundesregierung hat f\u00fcr Reisende, die aus Corona-Risikogebieten zur\u00fcck nach Deutschland kommen, einen verpflichtenden Corona-Test beschlossen. Zu den Risikogebieten geh\u00f6ren fast alle Staaten weltweit, nur die meisten europ\u00e4ischen L\u00e4nder sowie Kanada und Australien sind ausgenommen. Die genauen Staaten k\u00f6nnen jederzeit ge\u00e4ndert werden. Staat kann in besonderen Gef\u00e4hrdungslagen\u00a0 Grundrechte einschr\u00e4nken und Ma\u00dfnahmen zur Pflicht machen &#8222;Bei [&hellip;]<\/p>\n","protected":false},"author":1,"featured_media":0,"comment_status":"open","ping_status":"open","sticky":false,"template":"","format":"standard","meta":{"footnotes":""},"categories":[13,6,9],"tags":[244,2051,492,54,2052],"class_list":["post-3658","post","type-post","status-publish","format-standard","hentry","category-medizin","category-politik","category-verkehr","tag-andreas-scheuer","tag-hoechstgeschwindigkeit","tag-jens-spahn","tag-radarfalle","tag-tempolimit"],"_links":{"self":[{"href":"https:\/\/www.keinblatt.de\/blog\/wp-json\/wp\/v2\/posts\/3658","targetHints":{"allow":["GET"]}}],"collection":[{"href":"https:\/\/www.keinblatt.de\/blog\/wp-json\/wp\/v2\/posts"}],"about":[{"href":"https:\/\/www.keinblatt.de\/blog\/wp-json\/wp\/v2\/types\/post"}],"author":[{"embeddable":true,"href":"https:\/\/www.keinblatt.de\/blog\/wp-json\/wp\/v2\/users\/1"}],"replies":[{"embeddable":true,"href":"https:\/\/www.keinblatt.de\/blog\/wp-json\/wp\/v2\/comments?post=3658"}],"version-history":[{"count":0,"href":"https:\/\/www.keinblatt.de\/blog\/wp-json\/wp\/v2\/posts\/3658\/revisions"}],"wp:attachment":[{"href":"https:\/\/www.keinblatt.de\/blog\/wp-json\/wp\/v2\/media?parent=3658"}],"wp:term":[{"taxonomy":"category","embeddable":true,"href":"https:\/\/www.keinblatt.de\/blog\/wp-json\/wp\/v2\/categories?post=3658"},{"taxonomy":"post_tag","embeddable":true,"href":"https:\/\/www.keinblatt.de\/blog\/wp-json\/wp\/v2\/tags?post=3658"}],"curies":[{"name":"wp","href":"https:\/\/api.w.org\/{rel}","templated":true}]}}