{"id":3579,"date":"2020-06-05T00:22:33","date_gmt":"2020-06-04T22:22:33","guid":{"rendered":"https:\/\/www.keinblatt.de\/blog\/?p=3579"},"modified":"2022-07-20T22:58:06","modified_gmt":"2022-07-20T20:58:06","slug":"peinlich-mann-geht-aus-gewohnheit-mit-maske-einkaufen-und-macht-fast-noch-bogen-um-leute","status":"publish","type":"post","link":"https:\/\/www.keinblatt.de\/blog\/peinlich-mann-geht-aus-gewohnheit-mit-maske-einkaufen-und-macht-fast-noch-bogen-um-leute\/","title":{"rendered":"Peinlich: Mann geht aus Gewohnheit mit Maske einkaufen \u2013 und macht fast noch Bogen um Leute"},"content":{"rendered":"<figure id=\"attachment_3580\" aria-describedby=\"caption-attachment-3580\" style=\"width: 580px\" class=\"wp-caption alignnone\"><a href=\"https:\/\/www.keinblatt.de\/blog\/wp-content\/uploads\/2020\/06\/mask-5034999_1920.jpg\"><img loading=\"lazy\" decoding=\"async\" class=\"size-large wp-image-3580\" src=\"https:\/\/www.keinblatt.de\/blog\/wp-content\/uploads\/2020\/06\/mask-5034999_1920-1024x768.jpg\" alt=\"Mann mit Mundschutz\" width=\"580\" height=\"435\" srcset=\"https:\/\/www.keinblatt.de\/blog\/wp-content\/uploads\/2020\/06\/mask-5034999_1920-1024x768.jpg 1024w, https:\/\/www.keinblatt.de\/blog\/wp-content\/uploads\/2020\/06\/mask-5034999_1920-300x225.jpg 300w, https:\/\/www.keinblatt.de\/blog\/wp-content\/uploads\/2020\/06\/mask-5034999_1920-768x576.jpg 768w, https:\/\/www.keinblatt.de\/blog\/wp-content\/uploads\/2020\/06\/mask-5034999_1920-1536x1152.jpg 1536w, https:\/\/www.keinblatt.de\/blog\/wp-content\/uploads\/2020\/06\/mask-5034999_1920-1200x900.jpg 1200w, https:\/\/www.keinblatt.de\/blog\/wp-content\/uploads\/2020\/06\/mask-5034999_1920.jpg 1920w\" sizes=\"auto, (max-width: 580px) 100vw, 580px\" \/><\/a><figcaption id=\"caption-attachment-3580\" class=\"wp-caption-text\">Lizenz: Public Domain<\/figcaption><\/figure>\n<p>Wie peinlich ist das denn bitte? Florian Fr\u00f6hlich aus Filderstatt hat heute aus Gewohnheit seine FFP2-Maske aufgesetzt, bevor er zum Einkaufen losmarschierte. Der Irrtum fiel ihm erst nicht auf. Dabei wurde bekanntlich die Maskenpflicht auf Initiative der Bundeskanzlerin gleich zu Beginn ihrer sechsten Amtszeit im November 2025 abgeschafft. Das ist schon mehr als ein Jahr her!<\/p>\n<p>Jan sch\u00e4mte sich, als er im Edeka angegrinst wurde und nicht sofort zur\u00fcckgrinsen konnte, da er ja vermummt war. Er hatte sogar fast noch angesetzt, Abstand zu anderen Kunden zu halten \u2013 und damit um ein Haar den Eingangsbereich blockiert.<\/p>\n<p>Jan denkt zur\u00fcck \u2013 an die vielen gescheiterten Versuche, einen funktionsf\u00e4higen und vertr\u00e4glichen Impfstoff zu entwickeln. 2021 kam ein Impfstoff auf den Markt, der zwar vor Corona sch\u00fctzte, aber bei dem es eine hohe Ausfallquote der beigemengten Nanoroboter gab. Der Plan, das Bev\u00f6lkerungswachstum auf diese Weise punktuell auf der Welt zu steuern, funktionierte nicht wie gew\u00fcnscht. An manchen Stellen der Welt gab es sogar einen neuen Baby-Boom mit besonders lauten Schreih\u00e4lsen.<\/p>\n<p>Eine neu zugelassene Version eines anderen Herstellers hatte dann eine einschneidende Nebenwirkung. Sie d\u00e4mpfte das Aggressionspotenzial. Das f\u00fchrte vor allem zu weniger Aggressionen im Stra\u00dfenverkehr. Auf Dr\u00e4ngen des ADAC und der gro\u00dfen Automobilhersteller wurde der Impfstoff schnell wieder vom Markt genommen.<\/p>\n<p>Beim dritten Anlauf hatte es dann geklappt. Die Gegner der dann angesetzten Zwangsimpfung wurden mit &#8222;Fu\u00dfball f\u00fcr alle&#8220; und McDonald\u2019s-Gutscheinen bes\u00e4nftigt. Wer sich in den ersten drei Monaten impfen lie\u00df, erhielt ein ganze Jahr Fu\u00dfball-Bundesliga-Pay-TV gratis. Die Bundesregierung hat sich bei den Essensgutscheinen f\u00fcr die amerikanische Restaurantkette entschieden, da US-Pr\u00e4sident Dagobert Trump (wir erinnern uns, als Donald Trump 2024 uns ganz \u00fcberraschend mitteilte, einen Zwillingsbruder zu haben) hier ein sehr attraktives Angebot machte. Man munkelt, dass McDonald\u2019s seitdem f\u00fcr den deutschen Markt nicht nur Vitamine beimengt, sondern noch etwas anderes. Das konnte aber nie bewiesen werden.<\/p>\n<p>Die Wiederauffrischung der Impfung jedes Jahr ist auch kein Problem, da die Entzugsschmerzen als gewollte Nebenwirkung jeden richtig reagieren lassen.<img loading=\"lazy\" decoding=\"async\" class=\"vg\" src=\"https:\/\/ssl-vg03.met.vgwort.de\/na\/62544d98016a4bf988d6c1f2ec308151\" alt=\"\" width=\"1\" height=\"1\" \/><\/p>\n","protected":false},"excerpt":{"rendered":"<p>Wie peinlich ist das denn bitte? Florian Fr\u00f6hlich aus Filderstatt hat heute aus Gewohnheit seine FFP2-Maske aufgesetzt, bevor er zum Einkaufen losmarschierte. Der Irrtum fiel ihm erst nicht auf. Dabei wurde bekanntlich die Maskenpflicht auf Initiative der Bundeskanzlerin gleich zu Beginn ihrer sechsten Amtszeit im November 2025 abgeschafft. Das ist schon mehr als ein Jahr [&hellip;]<\/p>\n","protected":false},"author":1,"featured_media":0,"comment_status":"open","ping_status":"open","sticky":false,"template":"","format":"standard","meta":{"footnotes":""},"categories":[13,6],"tags":[2460,36,37,2451],"class_list":["post-3579","post","type-post","status-publish","format-standard","hentry","category-medizin","category-politik","tag-ffp2","tag-impfen","tag-impfpflicht","tag-maske-corona"],"_links":{"self":[{"href":"https:\/\/www.keinblatt.de\/blog\/wp-json\/wp\/v2\/posts\/3579","targetHints":{"allow":["GET"]}}],"collection":[{"href":"https:\/\/www.keinblatt.de\/blog\/wp-json\/wp\/v2\/posts"}],"about":[{"href":"https:\/\/www.keinblatt.de\/blog\/wp-json\/wp\/v2\/types\/post"}],"author":[{"embeddable":true,"href":"https:\/\/www.keinblatt.de\/blog\/wp-json\/wp\/v2\/users\/1"}],"replies":[{"embeddable":true,"href":"https:\/\/www.keinblatt.de\/blog\/wp-json\/wp\/v2\/comments?post=3579"}],"version-history":[{"count":0,"href":"https:\/\/www.keinblatt.de\/blog\/wp-json\/wp\/v2\/posts\/3579\/revisions"}],"wp:attachment":[{"href":"https:\/\/www.keinblatt.de\/blog\/wp-json\/wp\/v2\/media?parent=3579"}],"wp:term":[{"taxonomy":"category","embeddable":true,"href":"https:\/\/www.keinblatt.de\/blog\/wp-json\/wp\/v2\/categories?post=3579"},{"taxonomy":"post_tag","embeddable":true,"href":"https:\/\/www.keinblatt.de\/blog\/wp-json\/wp\/v2\/tags?post=3579"}],"curies":[{"name":"wp","href":"https:\/\/api.w.org\/{rel}","templated":true}]}}